{"id":7393,"date":"2025-01-01T22:50:18","date_gmt":"2025-01-02T02:50:18","guid":{"rendered":"https:\/\/agromt.news\/?p=7393"},"modified":"2025-01-01T22:50:18","modified_gmt":"2025-01-02T02:50:18","slug":"producao-de-trigo-no-canada-registra-estabilidade","status":"publish","type":"post","link":"https:\/\/agromt.news\/?p=7393","title":{"rendered":"Produ\u00e7\u00e3o de trigo no Canad\u00e1 registra estabilidade"},"content":{"rendered":"<p> <br \/>\n<\/p>\n<div>\n<div class=\"row\">\n<div class=\"col-lg col-infos mt-3 mt-lg-0\">\n<div class=\"section-sub-title\">\n<p itemprop=\"description\">&#13;<br \/>\n                                A produ\u00e7\u00e3o de farinha de trigo, no entanto, recuou em novembro&#13;\n                            <\/p>\n<\/p><\/div>\n<div class=\"container\">\n<div class=\"row\">\n<div class=\"col-lg p-0\">\n<div>\n<div class=\"block-news-main-infos mt-3 text-start\">\n<p>                                            <strong class=\"fn\" itemprop=\"author\" style=\"color: rgb(112, 112, 112); \">&#13;<br \/>\n                                                <a href=\"https:\/\/www.agrolink.com.br\/noticias\/javascript:;\" class=\"text-uppercase\" target=\"_blank\" style=\"color: rgb(112, 112, 112); \" rel=\"noopener\">Agrolink<\/a>&#13;<br \/>\n&#13;<br \/>\n                                                    &#8211; Leonardo Gottems&#13;<br \/>\n&#13;<br \/>\n                                            <\/strong><br \/>\n                                        <\/p>\n<p>                                            <abbr><time datetime=\"2024-12-31T14:23\" itemprop=\"datePublished dateModified\">Publicado em 31\/12\/2024 \u00e0s 14:23h.<\/time><\/abbr><br \/>\n                                            <\/p><\/div>\n<\/p><\/div>\n<\/p><\/div>\n<div class=\"col-lg p-0 text-lg-end\">\n<div>\n<div id=\"mdEnviarPagina\" class=\"modal fade\" role=\"dialog\">\n<div class=\"modal-dialog\">\n<div class=\"modal-content\">\n<div class=\"modal-body\">\n<p><strong>Estimado usu\u00e1rio.<\/strong><br \/>Preencha o formul\u00e1rio abaixo para remeter a p\u00e1gina.<\/p>\n<\/p><\/div>\n<\/p><\/div>\n<\/p><\/div>\n<\/div><\/div>\n<\/p><\/div>\n<\/p><\/div>\n<\/p><\/div>\n<\/p><\/div>\n<\/p><\/div>\n<div class=\"row justify-content-md-center mt-3\">\n<div class=\"col-lg-auto col-image  block-news-main-image d-none d-md-block\">\n<p>                                <img decoding=\"async\" src=\"https:\/\/www.agrolink.com.br\/upload\/imagens-resizes\/66ae2dc463c246a1ad730fc315e8efb3_858x483.jpg\" class=\"lazyload \" alt=\"A produ\u00e7\u00e3o de farinha de trigo, no entanto, recuou em novembro\"\/><br \/>\n                                                <span class=\"d-block mt-1\">A produ\u00e7\u00e3o de farinha de trigo, no entanto, recuou em novembro &#8211; Foto: Pixabay<\/span><\/p><\/div>\n<\/p><\/div>\n<div class=\"section-description section-description-noticias mt-3\">\n<p>A moagem de <a href=\"https:\/\/www.agrolink.com.br\/culturas\/trigo\/?utm_source=agrolink-detalhe-noticia&amp;utm_medium=detalhe-noticia&amp;utm_campaign=links-internos\" target=\"_blank\" rel=\"noopener\">trigo<\/a> no Canad\u00e1 apresentou estabilidade em novembro de 2024, com 293.281 toneladas processadas, conforme relat\u00f3rio do Statistics Canada divulgado em 24 de dezembro. Esse volume manteve-se inalterado em rela\u00e7\u00e3o a outubro, mas representou uma queda de 2,6% em compara\u00e7\u00e3o a novembro de 2023, quando foram mo\u00eddas 301.000 toneladas. Em contrapartida, houve um aumento de 13% em rela\u00e7\u00e3o a setembro. No acumulado de dezembro de 2023 a novembro de 2024, a m\u00e9dia mensal de moagem foi de 274.167 toneladas, com os volumes de outubro e novembro marcando os maiores totais desde novembro de 2023. \u00a0&#13;\n<\/p>\n<p>A produ\u00e7\u00e3o de farinha de trigo, no entanto, recuou em novembro. Foram produzidas 215.925 toneladas, 4% a menos do que as 225.000 toneladas de outubro e 4% abaixo do registrado em novembro de 2023. Apesar disso, houve um aumento de 10% em rela\u00e7\u00e3o ao volume produzido em setembro. A m\u00e9dia mensal de produ\u00e7\u00e3o de farinha de trigo no per\u00edodo de 12 meses foi de 205.583 toneladas. Ainda segundo o relat\u00f3rio, a produ\u00e7\u00e3o de ra\u00e7\u00e3o atingiu 63.000 toneladas em novembro, apresentando leve queda em rela\u00e7\u00e3o a outubro e 6% inferior \u00e0s 67.000 toneladas do mesmo m\u00eas em 2023. \u00a0&#13;\n<\/p>\n<p>O Minist\u00e9rio da Agricultura e Agroalimenta\u00e7\u00e3o do Canad\u00e1 (AAFC), em sua atualiza\u00e7\u00e3o de 19 de dezembro das Perspectivas para as Principais Culturas de Campo, estimou a produ\u00e7\u00e3o total de trigo no ciclo 2024-25 em 34.958.000 toneladas. Esse volume representa um aumento de 6% em compara\u00e7\u00e3o ao per\u00edodo 2023-24 e um ligeiro avan\u00e7o em rela\u00e7\u00e3o a 2022-23. O destaque foi o trigo durum, cuja produ\u00e7\u00e3o foi estimada em 5.870.000 toneladas, 44% superior ao ano anterior. Apesar de uma revis\u00e3o de 3% para baixo em rela\u00e7\u00e3o \u00e0 estimativa de setembro, a produ\u00e7\u00e3o de durum permanece 20% acima da m\u00e9dia hist\u00f3rica, configurando-se como a sexta maior j\u00e1 registrada no pa\u00eds. \u00a0&#13;\n<\/p>\n<\/p><\/div>\n<\/p><\/div>\n<p><script data-cfasync=\"false\">\n    !function (f, b, e, v, n, t, s) {\n        if (f.fbq) return; n = f.fbq = function () {\n            n.callMethod ?\n                n.callMethod.apply(n, arguments) : n.queue.push(arguments)\n        };\n        if (!f._fbq) f._fbq = n; n.push = n; n.loaded = !0; n.version = '2.0';\n        n.queue = []; t = b.createElement(e); t.async = !0;\n        t.src = v; s = b.getElementsByTagName(e)[0];\n        s.parentNode.insertBefore(t, s)\n    }(window, document, 'script',\n        'https:\/\/connect.facebook.net\/en_US\/fbevents.js');\n    fbq('init', '522546078623747');\n    fbq('track', 'PageView');\n<\/script><br \/>\n<br \/><br \/>\n<br \/><a href=\"https:\/\/www.agrolink.com.br\/noticias\/producao-de-trigo-no-canada-registra-estabilidade_498056.html\">Source link <\/a><\/p>\n","protected":false},"excerpt":{"rendered":"<p>&#13; A produ\u00e7\u00e3o de farinha de trigo, no entanto, recuou em novembro&#13; &#13; Agrolink&#13; &#13; &#8211; Leonardo Gottems&#13; &#13; Publicado<\/p>\n","protected":false},"author":1,"featured_media":7394,"comment_status":"open","ping_status":"open","sticky":false,"template":"","format":"standard","meta":{"_monsterinsights_skip_tracking":false,"_monsterinsights_sitenote_active":false,"_monsterinsights_sitenote_note":"","_monsterinsights_sitenote_category":0,"_uf_show_specific_survey":0,"_uf_disable_surveys":false,"footnotes":""},"categories":[8,1,14],"tags":[],"class_list":["post-7393","post","type-post","status-publish","format-standard","has-post-thumbnail","hentry","category-agro","category-news","category-politica-agro"],"_links":{"self":[{"href":"https:\/\/agromt.news\/index.php?rest_route=\/wp\/v2\/posts\/7393"}],"collection":[{"href":"https:\/\/agromt.news\/index.php?rest_route=\/wp\/v2\/posts"}],"about":[{"href":"https:\/\/agromt.news\/index.php?rest_route=\/wp\/v2\/types\/post"}],"author":[{"embeddable":true,"href":"https:\/\/agromt.news\/index.php?rest_route=\/wp\/v2\/users\/1"}],"replies":[{"embeddable":true,"href":"https:\/\/agromt.news\/index.php?rest_route=%2Fwp%2Fv2%2Fcomments&post=7393"}],"version-history":[{"count":0,"href":"https:\/\/agromt.news\/index.php?rest_route=\/wp\/v2\/posts\/7393\/revisions"}],"wp:featuredmedia":[{"embeddable":true,"href":"https:\/\/agromt.news\/index.php?rest_route=\/wp\/v2\/media\/7394"}],"wp:attachment":[{"href":"https:\/\/agromt.news\/index.php?rest_route=%2Fwp%2Fv2%2Fmedia&parent=7393"}],"wp:term":[{"taxonomy":"category","embeddable":true,"href":"https:\/\/agromt.news\/index.php?rest_route=%2Fwp%2Fv2%2Fcategories&post=7393"},{"taxonomy":"post_tag","embeddable":true,"href":"https:\/\/agromt.news\/index.php?rest_route=%2Fwp%2Fv2%2Ftags&post=7393"}],"curies":[{"name":"wp","href":"https:\/\/api.w.org\/{rel}","templated":true}]}}