{"id":7390,"date":"2025-01-01T18:12:03","date_gmt":"2025-01-01T22:12:03","guid":{"rendered":"https:\/\/agromt.news\/?p=7390"},"modified":"2025-01-01T18:12:03","modified_gmt":"2025-01-01T22:12:03","slug":"desafios-superados-pelo-agro-em-2024","status":"publish","type":"post","link":"https:\/\/agromt.news\/?p=7390","title":{"rendered":"Desafios superados pelo agro em 2024"},"content":{"rendered":"<p> <br \/>\n<\/p>\n<div>\n<div class=\"row\">\n<div class=\"col-lg col-infos mt-3 mt-lg-0\">\n<div class=\"section-sub-title\">\n<p itemprop=\"description\">&#13;<br \/>\n                                O Brasil tamb\u00e9m se destacou no mercado global&#13;\n                            <\/p>\n<\/p><\/div>\n<div class=\"container\">\n<div class=\"row\">\n<div class=\"col-lg p-0\">\n<div>\n<div class=\"block-news-main-infos mt-3 text-start\">\n<p>                                            <strong class=\"fn\" itemprop=\"author\" style=\"color: rgb(112, 112, 112); \">&#13;<br \/>\n                                                <a href=\"https:\/\/www.agrolink.com.br\/noticias\/javascript:;\" class=\"text-uppercase\" target=\"_blank\" style=\"color: rgb(112, 112, 112); \" rel=\"noopener\">Agrolink<\/a>&#13;<br \/>\n&#13;<br \/>\n                                                    &#8211; Leonardo Gottems&#13;<br \/>\n&#13;<br \/>\n                                            <\/strong><br \/>\n                                        <\/p>\n<p>                                            <abbr><time datetime=\"2024-12-31T15:42\" itemprop=\"datePublished dateModified\">Publicado em 31\/12\/2024 \u00e0s 15:42h.<\/time><\/abbr><br \/>\n                                            <\/p><\/div>\n<\/p><\/div>\n<\/p><\/div>\n<div class=\"col-lg p-0 text-lg-end\">\n<div>\n<div id=\"mdEnviarPagina\" class=\"modal fade\" role=\"dialog\">\n<div class=\"modal-dialog\">\n<div class=\"modal-content\">\n<div class=\"modal-body\">\n<p><strong>Estimado usu\u00e1rio.<\/strong><br \/>Preencha o formul\u00e1rio abaixo para remeter a p\u00e1gina.<\/p>\n<\/p><\/div>\n<\/p><\/div>\n<\/p><\/div>\n<\/div><\/div>\n<\/p><\/div>\n<\/p><\/div>\n<\/p><\/div>\n<\/p><\/div>\n<\/p><\/div>\n<div class=\"row justify-content-md-center mt-3\">\n<div class=\"col-lg-auto col-image  block-news-main-image d-none d-md-block\">\n<p>                                <img decoding=\"async\" src=\"https:\/\/www.agrolink.com.br\/upload\/imagens-resizes\/d541677a437b4ad1abb8ebe6057461cb_858x483.jpg\" class=\"lazyload \" alt=\"Em paralelo aos desafios clim\u00e1ticos, 2024 tamb\u00e9m foi um ano de avan\u00e7os no campo da sustentabilidade\"\/><br \/>\n                                                <span class=\"d-block mt-1\">Em paralelo aos desafios clim\u00e1ticos, 2024 tamb\u00e9m foi um ano de avan\u00e7os no campo da sustentabilidade &#8211; Foto: USDA<\/span><\/p><\/div>\n<\/p><\/div>\n<div class=\"section-description section-description-noticias mt-3\">\n<p>O ano de 2024 foi marcado por uma combina\u00e7\u00e3o de desafios e avan\u00e7os significativos para o agroneg\u00f3cio brasileiro. De acordo com Jacques Dieu, Gestor de Estrat\u00e9gias de Vendas e Marketing, o setor enfrentou dificuldades como as enchentes hist\u00f3ricas que afetaram o Rio Grande do Sul, resultando em preju\u00edzos expressivos para a produ\u00e7\u00e3o agr\u00edcola, principalmente de <a href=\"https:\/\/www.agrolink.com.br\/culturas\/arroz\/?utm_source=agrolink-detalhe-noticia&amp;utm_medium=detalhe-noticia&amp;utm_campaign=links-internos\" target=\"_blank\" rel=\"noopener\">arroz<\/a>.\u00a0&#13;\n<\/p>\n<p>No entanto, esses eventos tamb\u00e9m refor\u00e7aram a import\u00e2ncia de investir em infraestrutura resiliente, capaz de mitigar os impactos de fen\u00f4menos clim\u00e1ticos extremos. Mesmo diante das adversidades, o agroneg\u00f3cio brasileiro mostrou uma not\u00e1vel capacidade de adapta\u00e7\u00e3o, mantendo-se como um pilar essencial da economia nacional.<\/p>\n<p>Em paralelo aos desafios clim\u00e1ticos, 2024 tamb\u00e9m foi um ano de avan\u00e7os no campo da sustentabilidade. A regulamenta\u00e7\u00e3o dos bioinsumos ganhou destaque, alinhando-se \u00e0s tend\u00eancias globais que buscam uma agricultura menos dependente de produtos qu\u00edmicos. Al\u00e9m disso, o Plano Safra, ao promover pr\u00e1ticas agr\u00edcolas mais eficientes e sustent\u00e1veis, reafirmou o compromisso do setor com a preserva\u00e7\u00e3o ambiental, sem comprometer a produtividade. Essas iniciativas sustent\u00e1veis fortaleceram a imagem do Brasil no cen\u00e1rio internacional, mostrando seu compromisso com uma produ\u00e7\u00e3o agr\u00edcola mais verde e eficiente.&#13;\n<\/p>\n<p>O Brasil tamb\u00e9m se destacou no mercado global, com a abertura de novos mercados na \u00c1sia e a consolida\u00e7\u00e3o de sua lideran\u00e7a no Paraguai. Esse fortalecimento das parcerias comerciais internacionais contribuiu para ampliar a posi\u00e7\u00e3o do pa\u00eds como um dos maiores exportadores agr\u00edcolas do mundo, atendendo \u00e0 crescente demanda global por alimentos. Com essas a\u00e7\u00f5es, o agroneg\u00f3cio brasileiro garantiu sua relev\u00e2ncia no cen\u00e1rio mundial.<br \/>&#13;<br \/>\n\u00a0<\/p>\n<\/p><\/div>\n<\/p><\/div>\n<p><script data-cfasync=\"false\">\n    !function (f, b, e, v, n, t, s) {\n        if (f.fbq) return; n = f.fbq = function () {\n            n.callMethod ?\n                n.callMethod.apply(n, arguments) : n.queue.push(arguments)\n        };\n        if (!f._fbq) f._fbq = n; n.push = n; n.loaded = !0; n.version = '2.0';\n        n.queue = []; t = b.createElement(e); t.async = !0;\n        t.src = v; s = b.getElementsByTagName(e)[0];\n        s.parentNode.insertBefore(t, s)\n    }(window, document, 'script',\n        'https:\/\/connect.facebook.net\/en_US\/fbevents.js');\n    fbq('init', '522546078623747');\n    fbq('track', 'PageView');\n<\/script><br \/>\n<br \/><br \/>\n<br \/><a href=\"https:\/\/www.agrolink.com.br\/noticias\/desafios-superados-pelo-agro-em-2024_498058.html\">Source link <\/a><\/p>\n","protected":false},"excerpt":{"rendered":"<p>&#13; O Brasil tamb\u00e9m se destacou no mercado global&#13; &#13; Agrolink&#13; &#13; &#8211; Leonardo Gottems&#13; &#13; Publicado em 31\/12\/2024 \u00e0s<\/p>\n","protected":false},"author":1,"featured_media":4309,"comment_status":"open","ping_status":"open","sticky":false,"template":"","format":"standard","meta":{"_monsterinsights_skip_tracking":false,"_monsterinsights_sitenote_active":false,"_monsterinsights_sitenote_note":"","_monsterinsights_sitenote_category":0,"_uf_show_specific_survey":0,"_uf_disable_surveys":false,"footnotes":""},"categories":[8,1,14],"tags":[],"class_list":["post-7390","post","type-post","status-publish","format-standard","has-post-thumbnail","hentry","category-agro","category-news","category-politica-agro"],"_links":{"self":[{"href":"https:\/\/agromt.news\/index.php?rest_route=\/wp\/v2\/posts\/7390"}],"collection":[{"href":"https:\/\/agromt.news\/index.php?rest_route=\/wp\/v2\/posts"}],"about":[{"href":"https:\/\/agromt.news\/index.php?rest_route=\/wp\/v2\/types\/post"}],"author":[{"embeddable":true,"href":"https:\/\/agromt.news\/index.php?rest_route=\/wp\/v2\/users\/1"}],"replies":[{"embeddable":true,"href":"https:\/\/agromt.news\/index.php?rest_route=%2Fwp%2Fv2%2Fcomments&post=7390"}],"version-history":[{"count":0,"href":"https:\/\/agromt.news\/index.php?rest_route=\/wp\/v2\/posts\/7390\/revisions"}],"wp:featuredmedia":[{"embeddable":true,"href":"https:\/\/agromt.news\/index.php?rest_route=\/wp\/v2\/media\/4309"}],"wp:attachment":[{"href":"https:\/\/agromt.news\/index.php?rest_route=%2Fwp%2Fv2%2Fmedia&parent=7390"}],"wp:term":[{"taxonomy":"category","embeddable":true,"href":"https:\/\/agromt.news\/index.php?rest_route=%2Fwp%2Fv2%2Fcategories&post=7390"},{"taxonomy":"post_tag","embeddable":true,"href":"https:\/\/agromt.news\/index.php?rest_route=%2Fwp%2Fv2%2Ftags&post=7390"}],"curies":[{"name":"wp","href":"https:\/\/api.w.org\/{rel}","templated":true}]}}