{"id":7388,"date":"2025-01-01T17:04:04","date_gmt":"2025-01-01T21:04:04","guid":{"rendered":"https:\/\/agromt.news\/?p=7388"},"modified":"2025-01-01T17:04:04","modified_gmt":"2025-01-01T21:04:04","slug":"prefeito-do-rj-assume-novo-mandato-e-propoe-forca-municipal-armada","status":"publish","type":"post","link":"https:\/\/agromt.news\/?p=7388","title":{"rendered":"Prefeito do RJ assume novo mandato e prop\u00f5e For\u00e7a Municipal armada"},"content":{"rendered":"<p> <br \/>\n<br \/><img decoding=\"async\" src=\"https:\/\/agromt.news\/wp-content\/uploads\/2025\/01\/Prefeito-do-RJ-assume-novo-mandato-e-propoe-Forca-Municipal.png\" \/><\/p>\n<div>\n<p>O prefeito reeleito do <strong><a href=\"https:\/\/www.canalrural.com.br\/tag\/rio-de-janeiro\/\">Rio de Janeiro<\/a><\/strong>, Eduardo Paes, assumiu o quarto mandato em cerim\u00f4nia na C\u00e2mara de Vereadores, nesta quarta-feira (1). Ele prop\u00f4s a cria\u00e7\u00e3o de uma For\u00e7a Municipal de Seguran\u00e7a armada. <\/p>\n<p>De acordo com Paes, essa for\u00e7a municipal ser\u00e1 complementar \u00e0s for\u00e7as policiais. O grupo de trabalho para propor a inova\u00e7\u00e3o \u00e9 um dos 46 decretos publicados hoje no Di\u00e1rio Oficial do munic\u00edpio para direcionar o in\u00edcio do novo mandato que vai at\u00e9 2028.<\/p>\n<p>\u201cA gente entende que essa for\u00e7a pode fazer um policiamento ostensivo mais firme nas \u00e1reas da cidade menos conflagradas em que a ocupa\u00e7\u00e3o territorial ou o monop\u00f3lio da for\u00e7a do Estado n\u00e3o esteja em discuss\u00e3o. Eu acho que, quando voc\u00ea tem essa situa\u00e7\u00e3o extrema em que o monop\u00f3lio da for\u00e7a do Estado est\u00e1 em discuss\u00e3o, compete \u00e0s for\u00e7as de seguran\u00e7a p\u00fablica, pol\u00edcia civil e pol\u00edcia militar fazer esse enfrentamento e retomar os territ\u00f3rios\u201d, disse o prefeito, em entrevista coletiva ap\u00f3s a posse.<\/p>\n<p>Ele explicou que o munic\u00edpio do Rio vai trabalhar em parceria com a Advocacia-Geral da Uni\u00e3o e com o Minist\u00e9rio da Justi\u00e7a para que se possa utilizar egressos das for\u00e7as armadas brasileiras para compor a for\u00e7a municipal de seguran\u00e7a.<\/p>\n<p>Acrescentou que \u201capesar dos avan\u00e7os em n\u00edvel municipal, sabemos que o Rio ainda convive com uma das mais graves crises de seguran\u00e7a p\u00fablica de sua hist\u00f3ria. \u00c9 preciso que o governo do estado assuma a sua responsabilidade constitucional e atue com firmeza para reduzir os \u00edndices de criminalidade, que policie as ruas com mais efici\u00eancia e aja para impedir a expans\u00e3o territorial do tr\u00e1fico e da mil\u00edcia\u201d, assegurou o prefeito em seu discurso de posse.<\/p>\n<p>Tamb\u00e9m ser\u00e1 criado um grupo de trabalho para apresentar estudos para o fornecimento de semaglutida, princ\u00edpio ativo do medicamento Ozempic, na rede municipal de sa\u00fade para o combate \u00e0 obesidade.<\/p>\n<p>Segundo o decreto, h\u00e1 benef\u00edcios comprovados da semaglutida no tratamento da obesidade, incluindo a perda de peso significativa e sustent\u00e1vel, a melhora dos fatores de risco cardiometab\u00f3licos e o aumento da qualidade de vida. <\/p>\n<\/div>\n<div>\n<p>\u201cIsso \u00e9 muito importante. Tem que se ver a obesidade sob o ponto e vista da sa\u00fade p\u00fablica. \u00c9 um desejo nosso que a popula\u00e7\u00e3o mais pobre tenha acesso a um medicamento que quem tem um m\u00ednimo de condi\u00e7\u00f5es est\u00e1 comprando e usando. \u00c9 uma pol\u00edtica p\u00fablica contra a obesidade para que a gente possa melhorar os \u00edndices de sa\u00fade da popula\u00e7\u00e3o carioca como diabetes e problemas card\u00edacos\u201d, destacou Paes.<\/p>\n<h2 class=\"wp-block-heading\" id=\"h-guarda-municipal\">Guarda Municipal<\/h2>\n<p>Outro decreto publicado hoje abrange foi a cria\u00e7\u00e3o do Programa de Refunda\u00e7\u00e3o da Guarda Municipal com o objetivo de modernizar a institui\u00e7\u00e3o e torn\u00e1-la mais eficiente.<\/p>\n<p>O projeto ter\u00e1 como diretrizes a organiza\u00e7\u00e3o das opera\u00e7\u00f5es da Guarda Municipal em grupamentos especiais e programas, seguindo os padr\u00f5es operacionais e t\u00e1ticos do programa BRT Seguro; o fortalecimento da Corregedoria da Guarda Municipal, visando a fiscaliza\u00e7\u00e3o das atividades funcionais e a conduta dos guardas municipais; a revis\u00e3o do rol de atribui\u00e7\u00f5es e compet\u00eancias da Guarda Municipal; e a implementa\u00e7\u00e3o de a\u00e7\u00f5es e iniciativas para a amplia\u00e7\u00e3o da efici\u00eancia da Guarda no cumprimento de suas atribui\u00e7\u00f5es e compet\u00eancias.<\/p>\n<p>\u201cA ideia \u00e9 ter algo voltado para pra\u00e7as e parques da cidade, para a defesa das mulheres, do grupamento Maria da Penha, olhando para quest\u00f5es que envolvam tr\u00e2nsito\u201d, acentuou o prefeito.<\/p>\n<p>Ao todo, 46 decretos foram divididos em seis grandes \u00e1reas: <\/p>\n<ul class=\"wp-block-list\">\n<li>Pol\u00edticas voltadas para a seguran\u00e7a e civilidade; <\/li>\n<li>Pol\u00edticas p\u00fablicas; <\/li>\n<li>Gest\u00e3o de alto desempenho; <\/li>\n<li>Efici\u00eancia de gastos; e <\/li>\n<li>Desburocratiza\u00e7\u00e3o e ambiente de neg\u00f3cios<\/li>\n<\/ul>\n<p>As diretrizes determinam o direcionamento do novo governo. A maioria forma grupos de trabalho para colocar em pr\u00e1tica novos projetos de pol\u00edticas p\u00fablicas.<\/p>\n<p>Antes da posse do prefeito e de seu vice, foi realizada a posse dos 51 vereadores, dos quais 12 s\u00e3o mulheres. O parlamento carioca empossou 21 vereadores estreantes, com uma renova\u00e7\u00e3o de quase metade das 51 cadeiras (45%).<\/p>\n<\/p><\/div>\n<p><br \/>\n<br \/><a href=\"https:\/\/www.canalrural.com.br\/seguranca\/prefeito-do-rj-assume-novo-mandato-e-propoe-forca-municipal-armada\/\">Source link <\/a><\/p>\n","protected":false},"excerpt":{"rendered":"<p>O prefeito reeleito do Rio de Janeiro, Eduardo Paes, assumiu o quarto mandato em cerim\u00f4nia na C\u00e2mara de Vereadores, nesta<\/p>\n","protected":false},"author":1,"featured_media":7389,"comment_status":"open","ping_status":"open","sticky":false,"template":"","format":"standard","meta":{"_monsterinsights_skip_tracking":false,"_monsterinsights_sitenote_active":false,"_monsterinsights_sitenote_note":"","_monsterinsights_sitenote_category":0,"_uf_show_specific_survey":0,"_uf_disable_surveys":false,"footnotes":""},"categories":[1],"tags":[],"class_list":["post-7388","post","type-post","status-publish","format-standard","has-post-thumbnail","hentry","category-news"],"_links":{"self":[{"href":"https:\/\/agromt.news\/index.php?rest_route=\/wp\/v2\/posts\/7388"}],"collection":[{"href":"https:\/\/agromt.news\/index.php?rest_route=\/wp\/v2\/posts"}],"about":[{"href":"https:\/\/agromt.news\/index.php?rest_route=\/wp\/v2\/types\/post"}],"author":[{"embeddable":true,"href":"https:\/\/agromt.news\/index.php?rest_route=\/wp\/v2\/users\/1"}],"replies":[{"embeddable":true,"href":"https:\/\/agromt.news\/index.php?rest_route=%2Fwp%2Fv2%2Fcomments&post=7388"}],"version-history":[{"count":0,"href":"https:\/\/agromt.news\/index.php?rest_route=\/wp\/v2\/posts\/7388\/revisions"}],"wp:featuredmedia":[{"embeddable":true,"href":"https:\/\/agromt.news\/index.php?rest_route=\/wp\/v2\/media\/7389"}],"wp:attachment":[{"href":"https:\/\/agromt.news\/index.php?rest_route=%2Fwp%2Fv2%2Fmedia&parent=7388"}],"wp:term":[{"taxonomy":"category","embeddable":true,"href":"https:\/\/agromt.news\/index.php?rest_route=%2Fwp%2Fv2%2Fcategories&post=7388"},{"taxonomy":"post_tag","embeddable":true,"href":"https:\/\/agromt.news\/index.php?rest_route=%2Fwp%2Fv2%2Ftags&post=7388"}],"curies":[{"name":"wp","href":"https:\/\/api.w.org\/{rel}","templated":true}]}}