{"id":7386,"date":"2025-01-01T16:17:44","date_gmt":"2025-01-01T20:17:44","guid":{"rendered":"https:\/\/agromt.news\/?p=7386"},"modified":"2025-01-01T16:17:44","modified_gmt":"2025-01-01T20:17:44","slug":"prefeitos-e-vereadores-tomaram-posse-hoje-quais-as-responsabilidades-de-cada-um","status":"publish","type":"post","link":"https:\/\/agromt.news\/?p=7386","title":{"rendered":"Prefeitos e vereadores tomaram posse hoje; quais as responsabilidades de cada um?"},"content":{"rendered":"<p> <br \/>\n<br \/><img decoding=\"async\" src=\"https:\/\/agromt.news\/wp-content\/uploads\/2025\/01\/Prefeitos-e-vereadores-tomaram-posse-hoje-quais-as-responsabilidades-de.jpg\" \/><\/p>\n<div>\n<p>Os prefeitos e vereadores eleitos em outubro de 2024 tomam posse nos respectivos cargos nesta quarta-feira, 1\u00ba de janeiro de 2025.<\/p>\n<p>De acordo com a p\u00e1gina de estat\u00edsticas do Tribunal Superior Eleitoral (TSE), ser\u00e3o 5.543 prefeitos, <strong><a href=\"https:\/\/www.canalrural.com.br\/politica\/serie-de-reportagens-do-canal-rural-mostra-a-importancia-das-eleicoes-municipais-ao-campo\/\">5.543 vice-prefeitos e 58.072 vereadores empossados para mandatos de quatro anos.<\/a><\/strong><\/p>\n<p>Do total de 5.543 prefeitos e vice-prefeitos que tomam posse, 2.466 foram candidatos reeleitos e os demais (3.077) est\u00e3o no primeiro mandato como chefe do poder Executivo local. Assim, cabe a pergunta: qual as responsabilidades de cada um deles?<\/p>\n<h2 class=\"wp-block-heading\" id=\"h-responsabilidades-de-prefeitos\">Responsabilidades de prefeitos<\/h2>\n<p>A prefeita ou o prefeito empossado \u00e9 o chefe do Poder Executivo municipal, portanto, respons\u00e1vel pela gest\u00e3o do munic\u00edpio. O mandato de prefeito dura quatro anos, com possibilidade de uma reelei\u00e7\u00e3o por mais quatro. Nesse per\u00edodo, os ocupantes dos cargos devem: <\/p>\n<ul class=\"wp-block-list\">\n<li>Gerenciar os recursos financeiros do munic\u00edpio (arrecadar, administrar e aplicar os impostos da melhor forma); <\/li>\n<li>Planejar e realizar melhorias locais, desenvolver as fun\u00e7\u00f5es sociais da cidade e garantir o bem-estar de seus habitantes; <\/li>\n<li>Intermediar politicamente junto a outras esferas do poder, sempre com o intuito de beneficiar a popula\u00e7\u00e3o local, entre outras fun\u00e7\u00f5es que promovam o desenvolvimento local.<\/li>\n<\/ul>\n<p>O presidente da Confedera\u00e7\u00e3o Nacional de Munic\u00edpios (CNM), Paulo Ziulkoski, destaca quais devem ser as prioridades no exerc\u00edcio da fun\u00e7\u00e3o p\u00fablica. <\/p>\n<blockquote class=\"wp-block-quote is-layout-flow wp-block-quote-is-layout-flow\">\n<p>\u201c\u00c9 preciso honrar o mandato que a popula\u00e7\u00e3o vos deu nas urnas, enfrentar as dificuldades e sempre conduzir a administra\u00e7\u00e3o sob um modelo de governan\u00e7a p\u00fablica que coloque em primeiro lugar as reais necessidades da comunidade.\u201d <\/p>\n<\/blockquote>\n<\/div>\n<div>\n<p>Ziulkoski frisa aos gestores municipais que \u00e9 importante esquecer os embates ideol\u00f3gicos da elei\u00e7\u00e3o. \u201cGovernar para todos e com todos que queiram ajudar o seu munic\u00edpio a progredir.\u201d<\/p>\n<h2 class=\"wp-block-heading\" id=\"h-funcoes-dos-vereadores\">Fun\u00e7\u00f5es dos vereadores<\/h2>\n<p>Os mandatos de vereadoras e vereadores, tamb\u00e9m com dura\u00e7\u00e3o de quatro anos, n\u00e3o t\u00eam uma quantidade definida de possibilidades de reelei\u00e7\u00e3o. Esse grupo de parlamentares atua nas c\u00e2maras municipais, tamb\u00e9m chamadas de c\u00e2mara de vereadores. <\/p>\n<p>O total de vagas para cada c\u00e2mara depende do n\u00famero de habitantes do munic\u00edpio, segundo o inciso IV do artigo 29 da Constitui\u00e7\u00e3o Federal.<\/p>\n<p>As fun\u00e7\u00f5es no poder Legislativo municipal est\u00e3o subdivididas em quatro atribui\u00e7\u00f5es principais:<\/p>\n<ul class=\"wp-block-list\">\n<li><strong>Legislativa:<\/strong> proposi\u00e7\u00e3o, an\u00e1lise, discuss\u00e3o e vota\u00e7\u00e3o de leis municipais e gest\u00e3o de alguns impostos;<\/li>\n<li><strong>Fiscaliza\u00e7\u00e3o:<\/strong> fiscalizadora das a\u00e7\u00f5es da administra\u00e7\u00e3o municipal no cumprimento das leis e do or\u00e7amento p\u00fablico;<\/li>\n<li><strong>Assessoramento ao Executivo:<\/strong> apoio e discuss\u00e3o acerca de pol\u00edticas p\u00fablicas a serem implantadas por meio do Plano Plurianual, da Lei Or\u00e7ament\u00e1ria Anual (LOA) e da Lei de Diretrizes Or\u00e7ament\u00e1rias (LDO).<\/li>\n<\/ul>\n<ul class=\"wp-block-list\">\n<li><strong>Julgadora: <\/strong>aprecia\u00e7\u00e3o das contas p\u00fablicas de administradores e apura\u00e7\u00e3o de infra\u00e7\u00f5es pol\u00edtico-administrativas cometidas por prefeito e pelos pr\u00f3prios vereadores.<\/li>\n<\/ul><\/div>\n<p><br \/>\n<br \/><a href=\"https:\/\/www.canalrural.com.br\/politica\/prefeitos-e-vereadores-tomaram-posse-hoje-quais-as-responsabilidades-de-cada-um\/\">Source link <\/a><\/p>\n","protected":false},"excerpt":{"rendered":"<p>Os prefeitos e vereadores eleitos em outubro de 2024 tomam posse nos respectivos cargos nesta quarta-feira, 1\u00ba de janeiro de<\/p>\n","protected":false},"author":1,"featured_media":7387,"comment_status":"open","ping_status":"open","sticky":false,"template":"","format":"standard","meta":{"_monsterinsights_skip_tracking":false,"_monsterinsights_sitenote_active":false,"_monsterinsights_sitenote_note":"","_monsterinsights_sitenote_category":0,"_uf_show_specific_survey":0,"_uf_disable_surveys":false,"footnotes":""},"categories":[1],"tags":[],"class_list":["post-7386","post","type-post","status-publish","format-standard","has-post-thumbnail","hentry","category-news"],"_links":{"self":[{"href":"https:\/\/agromt.news\/index.php?rest_route=\/wp\/v2\/posts\/7386"}],"collection":[{"href":"https:\/\/agromt.news\/index.php?rest_route=\/wp\/v2\/posts"}],"about":[{"href":"https:\/\/agromt.news\/index.php?rest_route=\/wp\/v2\/types\/post"}],"author":[{"embeddable":true,"href":"https:\/\/agromt.news\/index.php?rest_route=\/wp\/v2\/users\/1"}],"replies":[{"embeddable":true,"href":"https:\/\/agromt.news\/index.php?rest_route=%2Fwp%2Fv2%2Fcomments&post=7386"}],"version-history":[{"count":0,"href":"https:\/\/agromt.news\/index.php?rest_route=\/wp\/v2\/posts\/7386\/revisions"}],"wp:featuredmedia":[{"embeddable":true,"href":"https:\/\/agromt.news\/index.php?rest_route=\/wp\/v2\/media\/7387"}],"wp:attachment":[{"href":"https:\/\/agromt.news\/index.php?rest_route=%2Fwp%2Fv2%2Fmedia&parent=7386"}],"wp:term":[{"taxonomy":"category","embeddable":true,"href":"https:\/\/agromt.news\/index.php?rest_route=%2Fwp%2Fv2%2Fcategories&post=7386"},{"taxonomy":"post_tag","embeddable":true,"href":"https:\/\/agromt.news\/index.php?rest_route=%2Fwp%2Fv2%2Ftags&post=7386"}],"curies":[{"name":"wp","href":"https:\/\/api.w.org\/{rel}","templated":true}]}}