{"id":7380,"date":"2025-01-01T13:35:19","date_gmt":"2025-01-01T17:35:19","guid":{"rendered":"https:\/\/agromt.news\/?p=7380"},"modified":"2025-01-01T13:35:19","modified_gmt":"2025-01-01T17:35:19","slug":"pastagens-avancam-com-chuvas-e-insolacao-favoraveis","status":"publish","type":"post","link":"https:\/\/agromt.news\/?p=7380","title":{"rendered":"Pastagens avan\u00e7am com chuvas e insola\u00e7\u00e3o favor\u00e1veis"},"content":{"rendered":"<p> <br \/>\n<\/p>\n<div>\n<p style=\"text-align:justify\">Segundo o Informativo Conjuntural divulgado pela Emater\/RS na quinta-feira (26), as chuvas regulares e a intensa radia\u00e7\u00e3o solar registradas nas \u00faltimas semanas est\u00e3o impulsionando o crescimento das pastagens de ver\u00e3o no Rio Grande do Sul. As condi\u00e7\u00f5es clim\u00e1ticas tamb\u00e9m favoreceram a recupera\u00e7\u00e3o dos campos nativos, ampliando a oferta de forragem de qualidade para os rebanhos.&#13;\n<\/p>\n<p style=\"text-align:justify\">Na regi\u00e3o administrativa de Bag\u00e9, em S\u00e3o Gabriel, o crescimento das forrageiras nativas foi limitado pela baixa pluviosidade em dezembro, que acumulou apenas 60 mm. Em contrapartida, na regi\u00e3o de Caxias do Sul, as \u00e1reas de campo nativo atenderam plenamente \u00e0s necessidades dos animais, refletindo em bons ganhos de peso.<\/p>\n<p style=\"text-align:justify\">Na regi\u00e3o de Iju\u00ed, a escassez de estoques de forragem conservada levou alguns produtores a anteciparem o corte do milho para silagem, mesmo antes do ponto ideal de matura\u00e7\u00e3o dos gr\u00e3os. J\u00e1 em Passo Fundo, as chuvas recentes mantiveram a umidade do solo em n\u00edveis adequados para o crescimento das pastagens. No entanto, a menor incid\u00eancia de luz solar, devido aos dias encobertos, limitou o pleno desenvolvimento vegetativo.&#13;\n<\/p>\n<p style=\"text-align:justify\">Nas regi\u00f5es de Pelotas, incluindo Arroio do Padre, Cangu\u00e7u e Cap\u00e3o do Le\u00e3o, as pastagens e forrageiras apresentaram bom desenvolvimento. Entretanto, em Cerrito e Jaguar\u00e3o, a baixa radia\u00e7\u00e3o solar trouxe desafios para a implanta\u00e7\u00e3o de novas \u00e1reas de pastagens de ver\u00e3o. Em Santa Vit\u00f3ria do Palmar, o campo nativo registrou crescimento adequado, beneficiando tanto bovinos quanto ovinos.<\/p>\n<p style=\"text-align:justify\">Na regi\u00e3o de Santa Maria, as pastagens de ver\u00e3o apresentaram condi\u00e7\u00e3o excelente, garantindo boa oferta de forragem. Em Santa Rosa, as chuvas recentes, combinadas com temperaturas amenas e boa insol\u00e7\u00e3o, impulsionaram a produ\u00e7\u00e3o de mat\u00e9ria verde nas pastagens perenes e anuais, conforme dados da Emater\/RS.&#13;\n<\/p>\n<\/p><\/div>\n<p><script data-cfasync=\"false\">\n    !function (f, b, e, v, n, t, s) {\n        if (f.fbq) return; n = f.fbq = function () {\n            n.callMethod ?\n                n.callMethod.apply(n, arguments) : n.queue.push(arguments)\n        };\n        if (!f._fbq) f._fbq = n; n.push = n; n.loaded = !0; n.version = '2.0';\n        n.queue = []; t = b.createElement(e); t.async = !0;\n        t.src = v; s = b.getElementsByTagName(e)[0];\n        s.parentNode.insertBefore(t, s)\n    }(window, document, 'script',\n        'https:\/\/connect.facebook.net\/en_US\/fbevents.js');\n    fbq('init', '522546078623747');\n    fbq('track', 'PageView');\n<\/script><br \/>\n<br \/><br \/>\n<br \/><a href=\"https:\/\/www.agrolink.com.br\/noticias\/pastagens-avancam-com-chuvas-e-insolacao-favoraveis_498060.html\">Source link <\/a><\/p>\n","protected":false},"excerpt":{"rendered":"<p>Segundo o Informativo Conjuntural divulgado pela Emater\/RS na quinta-feira (26), as chuvas regulares e a intensa radia\u00e7\u00e3o solar registradas nas<\/p>\n","protected":false},"author":1,"featured_media":1220,"comment_status":"open","ping_status":"open","sticky":false,"template":"","format":"standard","meta":{"_monsterinsights_skip_tracking":false,"_monsterinsights_sitenote_active":false,"_monsterinsights_sitenote_note":"","_monsterinsights_sitenote_category":0,"_uf_show_specific_survey":0,"_uf_disable_surveys":false,"footnotes":""},"categories":[8,1,14],"tags":[],"class_list":["post-7380","post","type-post","status-publish","format-standard","has-post-thumbnail","hentry","category-agro","category-news","category-politica-agro"],"_links":{"self":[{"href":"https:\/\/agromt.news\/index.php?rest_route=\/wp\/v2\/posts\/7380"}],"collection":[{"href":"https:\/\/agromt.news\/index.php?rest_route=\/wp\/v2\/posts"}],"about":[{"href":"https:\/\/agromt.news\/index.php?rest_route=\/wp\/v2\/types\/post"}],"author":[{"embeddable":true,"href":"https:\/\/agromt.news\/index.php?rest_route=\/wp\/v2\/users\/1"}],"replies":[{"embeddable":true,"href":"https:\/\/agromt.news\/index.php?rest_route=%2Fwp%2Fv2%2Fcomments&post=7380"}],"version-history":[{"count":0,"href":"https:\/\/agromt.news\/index.php?rest_route=\/wp\/v2\/posts\/7380\/revisions"}],"wp:featuredmedia":[{"embeddable":true,"href":"https:\/\/agromt.news\/index.php?rest_route=\/wp\/v2\/media\/1220"}],"wp:attachment":[{"href":"https:\/\/agromt.news\/index.php?rest_route=%2Fwp%2Fv2%2Fmedia&parent=7380"}],"wp:term":[{"taxonomy":"category","embeddable":true,"href":"https:\/\/agromt.news\/index.php?rest_route=%2Fwp%2Fv2%2Fcategories&post=7380"},{"taxonomy":"post_tag","embeddable":true,"href":"https:\/\/agromt.news\/index.php?rest_route=%2Fwp%2Fv2%2Ftags&post=7380"}],"curies":[{"name":"wp","href":"https:\/\/api.w.org\/{rel}","templated":true}]}}