{"id":7329,"date":"2024-12-30T19:05:14","date_gmt":"2024-12-30T23:05:14","guid":{"rendered":"https:\/\/agromt.news\/?p=7329"},"modified":"2024-12-30T19:05:14","modified_gmt":"2024-12-30T23:05:14","slug":"cra-verde-impulsiona-a-sociobioeconomia","status":"publish","type":"post","link":"https:\/\/agromt.news\/?p=7329","title":{"rendered":"CRA Verde impulsiona a sociobioeconomia"},"content":{"rendered":"<p> <br \/>\n<\/p>\n<div>\n<div class=\"row\">\n<div class=\"col-lg col-infos mt-3 mt-lg-0\">\n<div class=\"section-sub-title\">\n<p itemprop=\"description\">&#13;<br \/>\n                                Nos dois primeiros anos, a iniciativa mobilizou R$ 7,5 milh\u00f5es&#13;\n                            <\/p>\n<\/p><\/div>\n<div class=\"container\">\n<div class=\"row\">\n<div class=\"col-lg p-0\">\n<div>\n<div class=\"block-news-main-infos mt-3 text-start\">\n<p>                                            <strong class=\"fn\" itemprop=\"author\" style=\"color: rgb(112, 112, 112); \">&#13;<br \/>\n                                                <a href=\"https:\/\/www.agrolink.com.br\/noticias\/javascript:;\" class=\"text-uppercase\" target=\"_blank\" style=\"color: rgb(112, 112, 112); \" rel=\"noopener\">Agrolink<\/a>&#13;<br \/>\n&#13;<br \/>\n                                                    &#8211; Leonardo Gottems&#13;<br \/>\n&#13;<br \/>\n                                            <\/strong><br \/>\n                                        <\/p>\n<p>                                            <abbr><time datetime=\"2024-12-30T06:37\" itemprop=\"datePublished dateModified\">Publicado em 30\/12\/2024 \u00e0s 06:37h.<\/time><\/abbr><br \/>\n                                            <\/p><\/div>\n<\/p><\/div>\n<\/p><\/div>\n<div class=\"col-lg p-0 text-lg-end\">\n<div>\n<div id=\"mdEnviarPagina\" class=\"modal fade\" role=\"dialog\">\n<div class=\"modal-dialog\">\n<div class=\"modal-content\">\n<div class=\"modal-body\">\n<p><strong>Estimado usu\u00e1rio.<\/strong><br \/>Preencha o formul\u00e1rio abaixo para remeter a p\u00e1gina.<\/p>\n<\/p><\/div>\n<\/p><\/div>\n<\/p><\/div>\n<\/div><\/div>\n<\/p><\/div>\n<\/p><\/div>\n<\/p><\/div>\n<\/p><\/div>\n<\/p><\/div>\n<div class=\"row justify-content-md-center mt-3\">\n<div class=\"col-lg-auto col-image  block-news-main-image d-none d-md-block\">\n<p>                                <img decoding=\"async\" src=\"https:\/\/www.agrolink.com.br\/upload\/imagens-resizes\/83c18057db014f53ae74a7b07f03b1b2_858x483.jpg\" class=\"lazyload \" alt=\"O CRA Verde proporciona cr\u00e9dito adaptado \u00e0s necessidades das cooperativas\"\/><br \/>\n                                                <span class=\"d-block mt-1\">O CRA Verde proporciona cr\u00e9dito adaptado \u00e0s necessidades das cooperativas &#8211; Foto: Canva<\/span><\/p><\/div>\n<\/p><\/div>\n<div class=\"section-description section-description-noticias mt-3\">\n<p>O Certificado de Receb\u00edveis do Agroneg\u00f3cio (CRA) Verde tem se destacado como uma solu\u00e7\u00e3o inovadora para o financiamento da sociobioeconomia no Brasil. Liderado pelo Instituto Conexsus, em parceria com o Grupo Gaia e o Santander, o modelo combina capital privado e suporte t\u00e9cnico para promover o desenvolvimento sustent\u00e1vel em cadeias produtivas estrat\u00e9gicas.\u00a0&#13;\n<\/p>\n<p>Nos dois primeiros anos, a iniciativa mobilizou R$ 7,5 milh\u00f5es, firmando 22 contratos de cr\u00e9dito que beneficiaram cooperativas e associa\u00e7\u00f5es ligadas \u00e0 sociobiodiversidade e agricultura familiar, especialmente em cadeias de cacau, castanha, a\u00e7a\u00ed, borracha e gr\u00e3os como arroz e feij\u00e3o. \u00a0<\/p>\n<p>Adotando a estrat\u00e9gia de blended finance, que mescla capital filantr\u00f3pico e comercial, o CRA Verde proporciona cr\u00e9dito adaptado \u00e0s necessidades das cooperativas. Com ticket m\u00e9dio de R$ 350 mil, o programa ampliou a produ\u00e7\u00e3o, aumentou a renda dos produtores e fortaleceu a preserva\u00e7\u00e3o dos biomas brasileiros, como Amaz\u00f4nia e Cerrado. Al\u00e9m dos n\u00fameros, os contratos impulsionaram boas pr\u00e1ticas de gest\u00e3o e maior capacidade produtiva nas organiza\u00e7\u00f5es beneficiadas. \u00a0&#13;\n<\/p>\n<p>A Conexsus desempenha um papel essencial no sucesso do CRA Verde. Por meio de assessoria t\u00e9cnica cont\u00ednua, auxilia as cooperativas na gest\u00e3o financeira e na implementa\u00e7\u00e3o de pr\u00e1ticas sustent\u00e1veis. Segundo Adriano Santos, coordenador do Programa de Assessoria da Conexsus, esse acompanhamento garante altos \u00edndices de adimpl\u00eancia e cria um legado de efici\u00eancia organizacional que transcende o financiamento inicial. \u00a0<\/p>\n<p>A experi\u00eancia do CRA Verde evidencia o potencial de parcerias estrat\u00e9gicas entre mercado privado e organiza\u00e7\u00f5es socioambientais para construir uma economia inclusiva e sustent\u00e1vel, valorizando a biodiversidade brasileira. Essa iniciativa refor\u00e7a o papel do mercado de capitais como aliado no fortalecimento da sociobioeconomia nacional.&#13;\n<\/p>\n<\/p><\/div>\n<\/p><\/div>\n<p><script data-cfasync=\"false\">\n    !function (f, b, e, v, n, t, s) {\n        if (f.fbq) return; n = f.fbq = function () {\n            n.callMethod ?\n                n.callMethod.apply(n, arguments) : n.queue.push(arguments)\n        };\n        if (!f._fbq) f._fbq = n; n.push = n; n.loaded = !0; n.version = '2.0';\n        n.queue = []; t = b.createElement(e); t.async = !0;\n        t.src = v; s = b.getElementsByTagName(e)[0];\n        s.parentNode.insertBefore(t, s)\n    }(window, document, 'script',\n        'https:\/\/connect.facebook.net\/en_US\/fbevents.js');\n    fbq('init', '522546078623747');\n    fbq('track', 'PageView');\n<\/script><br \/>\n<br \/><br \/>\n<br \/><a href=\"https:\/\/www.agrolink.com.br\/noticias\/cra-verde-impulsiona-a-sociobioeconomia_498008.html\">Source link <\/a><\/p>\n","protected":false},"excerpt":{"rendered":"<p>&#13; Nos dois primeiros anos, a iniciativa mobilizou R$ 7,5 milh\u00f5es&#13; &#13; Agrolink&#13; &#13; &#8211; Leonardo Gottems&#13; &#13; Publicado em<\/p>\n","protected":false},"author":1,"featured_media":7330,"comment_status":"open","ping_status":"open","sticky":false,"template":"","format":"standard","meta":{"_monsterinsights_skip_tracking":false,"_monsterinsights_sitenote_active":false,"_monsterinsights_sitenote_note":"","_monsterinsights_sitenote_category":0,"_uf_show_specific_survey":0,"_uf_disable_surveys":false,"footnotes":""},"categories":[8,1,14],"tags":[],"class_list":["post-7329","post","type-post","status-publish","format-standard","has-post-thumbnail","hentry","category-agro","category-news","category-politica-agro"],"_links":{"self":[{"href":"https:\/\/agromt.news\/index.php?rest_route=\/wp\/v2\/posts\/7329"}],"collection":[{"href":"https:\/\/agromt.news\/index.php?rest_route=\/wp\/v2\/posts"}],"about":[{"href":"https:\/\/agromt.news\/index.php?rest_route=\/wp\/v2\/types\/post"}],"author":[{"embeddable":true,"href":"https:\/\/agromt.news\/index.php?rest_route=\/wp\/v2\/users\/1"}],"replies":[{"embeddable":true,"href":"https:\/\/agromt.news\/index.php?rest_route=%2Fwp%2Fv2%2Fcomments&post=7329"}],"version-history":[{"count":0,"href":"https:\/\/agromt.news\/index.php?rest_route=\/wp\/v2\/posts\/7329\/revisions"}],"wp:featuredmedia":[{"embeddable":true,"href":"https:\/\/agromt.news\/index.php?rest_route=\/wp\/v2\/media\/7330"}],"wp:attachment":[{"href":"https:\/\/agromt.news\/index.php?rest_route=%2Fwp%2Fv2%2Fmedia&parent=7329"}],"wp:term":[{"taxonomy":"category","embeddable":true,"href":"https:\/\/agromt.news\/index.php?rest_route=%2Fwp%2Fv2%2Fcategories&post=7329"},{"taxonomy":"post_tag","embeddable":true,"href":"https:\/\/agromt.news\/index.php?rest_route=%2Fwp%2Fv2%2Ftags&post=7329"}],"curies":[{"name":"wp","href":"https:\/\/api.w.org\/{rel}","templated":true}]}}