{"id":7273,"date":"2024-12-29T06:31:28","date_gmt":"2024-12-29T10:31:28","guid":{"rendered":"https:\/\/agromt.news\/?p=7273"},"modified":"2024-12-29T06:31:28","modified_gmt":"2024-12-29T10:31:28","slug":"presidente-do-fed-de-chicago-diz-que-pode-ser-necessario-diminuir-ritmo-de","status":"publish","type":"post","link":"https:\/\/agromt.news\/?p=7273","title":{"rendered":"Presidente do Fed de Chicago diz que pode ser necess\u00e1rio diminuir ritmo de&#8230;"},"content":{"rendered":"<p> <br \/>\n<\/p>\n<div>\n<p><img decoding=\"async\" alt=\"Logotipo Reuters\" height=\"22\" src=\"https:\/\/cdn.noticiasagricolas.com.br\/dbimagens\/0f687b0f35da9d220b6477534ce7c667.gif\" width=\"71\"\/><\/p>\n<p>Por Ann Saphir<\/p>\n<p>(Reuters) &#8211; O presidente do Federal Reserve de Chicago, Austan Goolsbee, reiterou nesta quinta-feira seu apoio a novos cortes na taxa de juros e sua abertura para faz\u00ea-los de forma mais lenta, coment\u00e1rios que evidenciam que o debate no banco central dos Estados Unidos n\u00e3o \u00e9 sobre se os juros devem ser reduzidos, mas sim com que rapidez isso deve acontecer e qual deve ser a taxa terminal.<\/p>\n<p>Alguns formuladores de pol\u00edtica monet\u00e1ria do Fed temem que o progresso na redu\u00e7\u00e3o da infla\u00e7\u00e3o possa ter estagnado e pedem uma abordagem cautelosa, enquanto outros querem garantir que o mercado de trabalho n\u00e3o esfrie ainda mais, sugerindo a necessidade de cortes cont\u00ednuos nos juros.<\/p>\n<p>E sobre todas essas diferen\u00e7as paira a incerteza de como as poss\u00edveis tarifas e cortes de impostos e a repress\u00e3o \u00e0 imigra\u00e7\u00e3o prometidos pelo presidente eleito Donald Trump afetar\u00e3o os pre\u00e7os, os empregos e a economia de forma mais ampla.<\/p>\n<p>Formuladores de pol\u00edtica monet\u00e1ria do Fed se reunir\u00e3o nos dias 17 e 18 de dezembro para resolver suas diferen\u00e7as, pelo menos temporariamente, em torno da decis\u00e3o de cortar novamente a taxa b\u00e1sica ou esperar at\u00e9 o pr\u00f3ximo ano. Os mercados financeiros julgam que ser\u00e1 uma decis\u00e3o apertada, com os futuros de juros colocando uma probabilidade de cerca de 55% em um corte de 0,25 ponto percentual e uma chance de 45% de n\u00e3o haver corte.<\/p>\n<p>O Fed reduziu sua taxa de juros em 0,50 ponto percentual em setembro e em 0,25 ponto percentual em sua reuni\u00e3o neste m\u00eas.<\/p>\n<p>O presidente do Fed de Chicago, em coment\u00e1rios \u00e0 Central Indiana Corporate Partnership, n\u00e3o disse se era a favor de outro corte nas taxas no m\u00eas que vem, mas defendeu uma vis\u00e3o de longo prazo que parece ser compartilhada pela maioria dos formuladores de pol\u00edticas do Fed: que as taxas ainda n\u00e3o est\u00e3o onde precisam estar.\u00a0<\/p>\n<p>Ele disse que a infla\u00e7\u00e3o no \u00faltimo ano e meio caiu e est\u00e1 a caminho da meta de 2% do Fed, que os mercados de trabalho enfraqueceram e que a economia est\u00e1 agora pr\u00f3xima do pleno emprego est\u00e1vel.<\/p>\n<p>Consequentemente, os juros devem estar, daqui a um ano, &#8220;um pouco mais baixos do que est\u00e3o hoje&#8221;, disse ele. A taxa b\u00e1sica do Fed est\u00e1 atualmente na faixa de 4,50% a 4,75%.<\/p>\n<p>Dada a incerteza e a discord\u00e2ncia sobre o quanto os juros devem ser reduzidos, Goolsbee disse que &#8220;pode fazer sentido diminuir o ritmo dos cortes na taxa b\u00e1sica \u00e0 medida que chegamos perto&#8221;.<\/p>\n<\/p><\/div>\n<p><script async defer src=\"https:\/\/connect.facebook.net\/en_US\/sdk.js\" type=\"db1bf120969039415629dc64-text\/javascript\"><\/script><script type=\"db1bf120969039415629dc64-text\/javascript\">\n  !function(f,b,e,v,n,t,s)\n  {if(f.fbq)return;n=f.fbq=function(){n.callMethod?\n    n.callMethod.apply(n,arguments):n.queue.push(arguments)};\n    if(!f._fbq)f._fbq=n;n.push=n;n.loaded=!0;n.version='2.0';\n    n.queue=[];t=b.createElement(e);t.async=!0;\n    t.src=v;s=b.getElementsByTagName(e)[0];\n    s.parentNode.insertBefore(t,s)}(window, document,'script',\n    'https:\/\/connect.facebook.net\/en_US\/fbevents.js');\n  fbq('init', '153495679422335');\n  fbq('track', 'PageView');\n<\/script><br \/>\n<br \/><br \/>\n<br \/><a href=\"https:\/\/www.noticiasagricolas.com.br\/noticias\/politica-economia\/389148-presidente-do-fed-de-chicago-diz-que-pode-ser-necessario-diminuir-ritmo-de-cortes-de-juros.html\">Source link <\/a><\/p>\n","protected":false},"excerpt":{"rendered":"<p>Por Ann Saphir (Reuters) &#8211; O presidente do Federal Reserve de Chicago, Austan Goolsbee, reiterou nesta quinta-feira seu apoio a<\/p>\n","protected":false},"author":1,"featured_media":7274,"comment_status":"open","ping_status":"open","sticky":false,"template":"","format":"standard","meta":{"_monsterinsights_skip_tracking":false,"_monsterinsights_sitenote_active":false,"_monsterinsights_sitenote_note":"","_monsterinsights_sitenote_category":0,"_uf_show_specific_survey":0,"_uf_disable_surveys":false,"footnotes":""},"categories":[8,1,14,16],"tags":[],"class_list":["post-7273","post","type-post","status-publish","format-standard","has-post-thumbnail","hentry","category-agro","category-news","category-politica-agro","category-safra"],"_links":{"self":[{"href":"https:\/\/agromt.news\/index.php?rest_route=\/wp\/v2\/posts\/7273"}],"collection":[{"href":"https:\/\/agromt.news\/index.php?rest_route=\/wp\/v2\/posts"}],"about":[{"href":"https:\/\/agromt.news\/index.php?rest_route=\/wp\/v2\/types\/post"}],"author":[{"embeddable":true,"href":"https:\/\/agromt.news\/index.php?rest_route=\/wp\/v2\/users\/1"}],"replies":[{"embeddable":true,"href":"https:\/\/agromt.news\/index.php?rest_route=%2Fwp%2Fv2%2Fcomments&post=7273"}],"version-history":[{"count":0,"href":"https:\/\/agromt.news\/index.php?rest_route=\/wp\/v2\/posts\/7273\/revisions"}],"wp:featuredmedia":[{"embeddable":true,"href":"https:\/\/agromt.news\/index.php?rest_route=\/wp\/v2\/media\/7274"}],"wp:attachment":[{"href":"https:\/\/agromt.news\/index.php?rest_route=%2Fwp%2Fv2%2Fmedia&parent=7273"}],"wp:term":[{"taxonomy":"category","embeddable":true,"href":"https:\/\/agromt.news\/index.php?rest_route=%2Fwp%2Fv2%2Fcategories&post=7273"},{"taxonomy":"post_tag","embeddable":true,"href":"https:\/\/agromt.news\/index.php?rest_route=%2Fwp%2Fv2%2Ftags&post=7273"}],"curies":[{"name":"wp","href":"https:\/\/api.w.org\/{rel}","templated":true}]}}