{"id":7269,"date":"2024-12-28T19:30:55","date_gmt":"2024-12-28T23:30:55","guid":{"rendered":"https:\/\/agromt.news\/?p=7269"},"modified":"2024-12-28T19:30:55","modified_gmt":"2024-12-28T23:30:55","slug":"tabaco-apresenta-projecoes-de-alta-produtividade","status":"publish","type":"post","link":"https:\/\/agromt.news\/?p=7269","title":{"rendered":"Tabaco apresenta proje\u00e7\u00f5es de alta produtividade"},"content":{"rendered":"<p> <br \/>\n<\/p>\n<div>\n<p style=\"text-align:justify\">De acordo com o Informativo Conjuntural da Emater\/RS-Ascar, divulgado na quinta-feira (26),\u00a0no Rio Grande do Sul, a\u00a0safra de tabaco\u00a0segue com boas perspectivas para a temporada 2024\/2025. O\u00a0clima favor\u00e1vel tem impulsionado o desenvolvimento das lavouras, com destaque para as regi\u00f5es de Pelotas, Santa Rosa, Soledade e Frederico Westphalen.&#13;\n<\/p>\n<p style=\"text-align:justify\">Na regi\u00e3o de Pelotas, a colheita j\u00e1 atingiu 20% da \u00e1rea plantada e deve se intensificar at\u00e9 fevereiro, encerrando em mar\u00e7o. A \u00e1rea total cultivada \u00e9 de 27.363 hectares, envolvendo 8.977 produtores. O desenvolvimento das plantas \u00e9 considerado excelente, gra\u00e7as \u00e0s chuvas regulares que mantiveram o solo \u00famido ao longo do ciclo. Al\u00e9m da colheita, os agricultores seguem com o manejo de capa\u00e7\u00f5es (elimina\u00e7\u00e3o das infloresc\u00eancias) e aplica\u00e7\u00f5es de produtos para controle de brota\u00e7\u00f5es.<\/p>\n<p style=\"text-align:justify\">Em Santa Rosa, houve expans\u00e3o da \u00e1rea plantada em raz\u00e3o das boas condi\u00e7\u00f5es para a cultura, especialmente em Porto Lucena e S\u00e3o Paulo das Miss\u00f5es. A colheita j\u00e1 atinge 70% das lavouras, com produtividade estimada em 2.300 kg\/ha, superando a m\u00e9dia das \u00faltimas safras. Produtores est\u00e3o otimistas com os rendimentos, atribu\u00eddos \u00e0 combina\u00e7\u00e3o de boa luminosidade e temperaturas elevadas.&#13;\n<\/p>\n<p style=\"text-align:justify\">Na regi\u00e3o de Soledade, a colheita est\u00e1 em fase final, com dois ter\u00e7os das lavouras j\u00e1 colhidas. A matura\u00e7\u00e3o das folhas foi acelerada pelas condi\u00e7\u00f5es clim\u00e1ticas, resultando em uma safra abundante. A grande oferta para cura nas estufas gerou filas, mas n\u00e3o comprometeu a qualidade do tabaco. Apesar de uma leve redu\u00e7\u00e3o no valor da arroba, os pre\u00e7os seguem altamente favor\u00e1veis.<\/p>\n<p style=\"text-align:justify\">Em Frederico Westphalen, os tratos culturais continuam, com controle de pragas e manejo de brota\u00e7\u00f5es. A umidade do solo e as temperaturas elevadas favoreceram o crescimento das plantas, permitindo que a colheita avance conforme o cronograma. Na regi\u00e3o, o sistema de cultivo em galp\u00e3o permanece como m\u00e9todo principal, com plantas penduradas em arames para secagem.&#13;\n<\/p>\n<p style=\"text-align:justify\">A m\u00e3o de obra, em grande parte, \u00e9 familiar, e nas propriedades maiores, diaristas s\u00e3o contratados para auxiliar no corte. O tabaco colhido passa por um pr\u00e9-murchamento de quatro a cinco dias na lavoura, facilitando a secagem e o transporte. A produtividade m\u00e9dia tem se mantido elevada, com pre\u00e7os estimados em R$ 230,00 por arroba no mercado paralelo. Para produtores vinculados a empresas fumageiras, h\u00e1 expectativa de classifica\u00e7\u00e3o na categoria B1, que garante melhor remunera\u00e7\u00e3o, conforme\u00a0 o Informativo Conjuntural.<\/p>\n<\/p><\/div>\n<p><script data-cfasync=\"false\">\n    !function (f, b, e, v, n, t, s) {\n        if (f.fbq) return; n = f.fbq = function () {\n            n.callMethod ?\n                n.callMethod.apply(n, arguments) : n.queue.push(arguments)\n        };\n        if (!f._fbq) f._fbq = n; n.push = n; n.loaded = !0; n.version = '2.0';\n        n.queue = []; t = b.createElement(e); t.async = !0;\n        t.src = v; s = b.getElementsByTagName(e)[0];\n        s.parentNode.insertBefore(t, s)\n    }(window, document, 'script',\n        'https:\/\/connect.facebook.net\/en_US\/fbevents.js');\n    fbq('init', '522546078623747');\n    fbq('track', 'PageView');\n<\/script><br \/>\n<br \/><br \/>\n<br \/><a href=\"https:\/\/www.agrolink.com.br\/noticias\/tabaco-apresenta-projecoes-de-alta-produtividade_497997.html\">Source link <\/a><\/p>\n","protected":false},"excerpt":{"rendered":"<p>De acordo com o Informativo Conjuntural da Emater\/RS-Ascar, divulgado na quinta-feira (26),\u00a0no Rio Grande do Sul, a\u00a0safra de tabaco\u00a0segue com<\/p>\n","protected":false},"author":1,"featured_media":7270,"comment_status":"open","ping_status":"open","sticky":false,"template":"","format":"standard","meta":{"_monsterinsights_skip_tracking":false,"_monsterinsights_sitenote_active":false,"_monsterinsights_sitenote_note":"","_monsterinsights_sitenote_category":0,"_uf_show_specific_survey":0,"_uf_disable_surveys":false,"footnotes":""},"categories":[8,1,14],"tags":[],"class_list":["post-7269","post","type-post","status-publish","format-standard","has-post-thumbnail","hentry","category-agro","category-news","category-politica-agro"],"_links":{"self":[{"href":"https:\/\/agromt.news\/index.php?rest_route=\/wp\/v2\/posts\/7269"}],"collection":[{"href":"https:\/\/agromt.news\/index.php?rest_route=\/wp\/v2\/posts"}],"about":[{"href":"https:\/\/agromt.news\/index.php?rest_route=\/wp\/v2\/types\/post"}],"author":[{"embeddable":true,"href":"https:\/\/agromt.news\/index.php?rest_route=\/wp\/v2\/users\/1"}],"replies":[{"embeddable":true,"href":"https:\/\/agromt.news\/index.php?rest_route=%2Fwp%2Fv2%2Fcomments&post=7269"}],"version-history":[{"count":0,"href":"https:\/\/agromt.news\/index.php?rest_route=\/wp\/v2\/posts\/7269\/revisions"}],"wp:featuredmedia":[{"embeddable":true,"href":"https:\/\/agromt.news\/index.php?rest_route=\/wp\/v2\/media\/7270"}],"wp:attachment":[{"href":"https:\/\/agromt.news\/index.php?rest_route=%2Fwp%2Fv2%2Fmedia&parent=7269"}],"wp:term":[{"taxonomy":"category","embeddable":true,"href":"https:\/\/agromt.news\/index.php?rest_route=%2Fwp%2Fv2%2Fcategories&post=7269"},{"taxonomy":"post_tag","embeddable":true,"href":"https:\/\/agromt.news\/index.php?rest_route=%2Fwp%2Fv2%2Ftags&post=7269"}],"curies":[{"name":"wp","href":"https:\/\/api.w.org\/{rel}","templated":true}]}}