{"id":7217,"date":"2024-12-27T15:01:51","date_gmt":"2024-12-27T19:01:51","guid":{"rendered":"https:\/\/agromt.news\/?p=7217"},"modified":"2024-12-27T15:01:51","modified_gmt":"2024-12-27T19:01:51","slug":"ferrugem-do-cafe-e-grande-problema-para-o-brasil","status":"publish","type":"post","link":"https:\/\/agromt.news\/?p=7217","title":{"rendered":"Ferrugem do caf\u00e9 \u00e9 grande problema para o Brasil"},"content":{"rendered":"<p> <br \/>\n<\/p>\n<div>\n<div class=\"row\">\n<div class=\"col-lg col-infos mt-3 mt-lg-0\">\n<div class=\"section-sub-title\">\n<p itemprop=\"description\">&#13;<br \/>\n                                Os sintomas da ferrugem incluem manchas amarelas nas folhas&#13;\n                            <\/p>\n<\/p><\/div>\n<div class=\"container\">\n<div class=\"row\">\n<div class=\"col-lg p-0\">\n<div>\n<div class=\"block-news-main-infos mt-3 text-start\">\n<p>                                            <strong class=\"fn\" itemprop=\"author\" style=\"color: rgb(112, 112, 112); \">&#13;<br \/>\n                                                <a href=\"https:\/\/www.agrolink.com.br\/noticias\/javascript:;\" class=\"text-uppercase\" target=\"_blank\" style=\"color: rgb(112, 112, 112); \" rel=\"noopener\">Agrolink<\/a>&#13;<br \/>\n&#13;<br \/>\n                                                    &#8211; Leonardo Gottems&#13;<br \/>\n&#13;<br \/>\n                                            <\/strong><br \/>\n                                        <\/p>\n<p>                                            <abbr><time datetime=\"2024-12-27T06:23\" itemprop=\"datePublished dateModified\">Publicado em 27\/12\/2024 \u00e0s 06:23h.<\/time><\/abbr><br \/>\n                                            <\/p><\/div>\n<\/p><\/div>\n<\/p><\/div>\n<div class=\"col-lg p-0 text-lg-end\">\n<div>\n<div id=\"mdEnviarPagina\" class=\"modal fade\" role=\"dialog\">\n<div class=\"modal-dialog\">\n<div class=\"modal-content\">\n<div class=\"modal-body\">\n<p><strong>Estimado usu\u00e1rio.<\/strong><br \/>Preencha o formul\u00e1rio abaixo para remeter a p\u00e1gina.<\/p>\n<\/p><\/div>\n<\/p><\/div>\n<\/p><\/div>\n<\/div><\/div>\n<\/p><\/div>\n<\/p><\/div>\n<\/p><\/div>\n<\/p><\/div>\n<\/p><\/div>\n<div class=\"row justify-content-md-center mt-3\">\n<div class=\"col-lg-auto col-image  block-news-main-image d-none d-md-block\">\n<p>                                <img decoding=\"async\" src=\"https:\/\/www.agrolink.com.br\/upload\/imagens-resizes\/fdedb9396a0941a2899b017fc41f6120_858x483.jpg\" class=\"lazyload \" alt=\"Algumas medidas preventivas podem ser tomadas\"\/><br \/>\n                                                <span class=\"d-block mt-1\">Algumas medidas preventivas podem ser tomadas &#8211; Foto: Divulga\u00e7\u00e3o<\/span><\/p><\/div>\n<\/p><\/div>\n<div class=\"section-description section-description-noticias mt-3\">\n<p>A ferrugem do caf\u00e9, causada pelo fungo Hemileia vastatrix, \u00e9 um dos maiores desafios enfrentados pela cafeicultura brasileira. De acordo com Adriano Pereira Solid\u00e1rio, propriet\u00e1rio da Ag\u00eancia AgroPulse, a doen\u00e7a pode comprometer severamente a produtividade das lavouras, levando a perdas de at\u00e9 50% na produ\u00e7\u00e3o e uma dr\u00e1stica redu\u00e7\u00e3o na qualidade dos gr\u00e3os. Este \u00e9 um alerta urgente para os cafeicultores, que precisam estar atentos aos sintomas e \u00e0s condi\u00e7\u00f5es que favorecem o desenvolvimento da doen\u00e7a.&#13;\n<\/p>\n<p>Nesse contexto, os sintomas da ferrugem incluem manchas amarelas nas folhas, o aparecimento de p\u00f3 alaranjado na parte inferior das folhas e a queda precoce das folhas afetadas. Esses sinais indicam a presen\u00e7a do fungo e, se n\u00e3o tratados de maneira eficaz, podem levar ao enfraquecimento das plantas, prejudicando o rendimento da lavoura. As condi\u00e7\u00f5es clim\u00e1ticas favor\u00e1veis \u00e0 ferrugem s\u00e3o um clima \u00famido e ameno, com temperaturas entre 15\u00b0C e 25\u00b0C, e planta\u00e7\u00f5es sombreadas, que criam um ambiente ideal para a propaga\u00e7\u00e3o do fungo.&#13;\n<\/p>\n<p>Para prevenir a doen\u00e7a do caf\u00e9, o especialista recomenda a ado\u00e7\u00e3o de medidas pr\u00e1ticas, como o uso de variedades resistentes ao fungo, a realiza\u00e7\u00e3o de podas regulares, a aplica\u00e7\u00e3o de fungicidas preventivos e o controle da umidade no cultivo. Essas a\u00e7\u00f5es podem ajudar a proteger as planta\u00e7\u00f5es e minimizar os impactos da ferrugem, assegurando uma produ\u00e7\u00e3o de caf\u00e9 saud\u00e1vel e com qualidade. Sendo assim, ele conclui que o controle eficiente \u00e9 essencial para manter a competitividade da cafeicultura brasileira no mercado internacional.<br \/>&#13;<br \/>\n\u00a0&#13;\n<\/p>\n<\/p><\/div>\n<\/p><\/div>\n<p><script data-cfasync=\"false\">\n    !function (f, b, e, v, n, t, s) {\n        if (f.fbq) return; n = f.fbq = function () {\n            n.callMethod ?\n                n.callMethod.apply(n, arguments) : n.queue.push(arguments)\n        };\n        if (!f._fbq) f._fbq = n; n.push = n; n.loaded = !0; n.version = '2.0';\n        n.queue = []; t = b.createElement(e); t.async = !0;\n        t.src = v; s = b.getElementsByTagName(e)[0];\n        s.parentNode.insertBefore(t, s)\n    }(window, document, 'script',\n        'https:\/\/connect.facebook.net\/en_US\/fbevents.js');\n    fbq('init', '522546078623747');\n    fbq('track', 'PageView');\n<\/script><br \/>\n<br \/><br \/>\n<br \/><a href=\"https:\/\/www.agrolink.com.br\/noticias\/ferrugem-do-cafe-e-grande-problema-para-o-brasil_497973.html\">Source link <\/a><\/p>\n","protected":false},"excerpt":{"rendered":"<p>&#13; Os sintomas da ferrugem incluem manchas amarelas nas folhas&#13; &#13; Agrolink&#13; &#13; &#8211; Leonardo Gottems&#13; &#13; Publicado em 27\/12\/2024<\/p>\n","protected":false},"author":1,"featured_media":7218,"comment_status":"open","ping_status":"open","sticky":false,"template":"","format":"standard","meta":{"_monsterinsights_skip_tracking":false,"_monsterinsights_sitenote_active":false,"_monsterinsights_sitenote_note":"","_monsterinsights_sitenote_category":0,"_uf_show_specific_survey":0,"_uf_disable_surveys":false,"footnotes":""},"categories":[8,1,14],"tags":[],"class_list":["post-7217","post","type-post","status-publish","format-standard","has-post-thumbnail","hentry","category-agro","category-news","category-politica-agro"],"_links":{"self":[{"href":"https:\/\/agromt.news\/index.php?rest_route=\/wp\/v2\/posts\/7217"}],"collection":[{"href":"https:\/\/agromt.news\/index.php?rest_route=\/wp\/v2\/posts"}],"about":[{"href":"https:\/\/agromt.news\/index.php?rest_route=\/wp\/v2\/types\/post"}],"author":[{"embeddable":true,"href":"https:\/\/agromt.news\/index.php?rest_route=\/wp\/v2\/users\/1"}],"replies":[{"embeddable":true,"href":"https:\/\/agromt.news\/index.php?rest_route=%2Fwp%2Fv2%2Fcomments&post=7217"}],"version-history":[{"count":0,"href":"https:\/\/agromt.news\/index.php?rest_route=\/wp\/v2\/posts\/7217\/revisions"}],"wp:featuredmedia":[{"embeddable":true,"href":"https:\/\/agromt.news\/index.php?rest_route=\/wp\/v2\/media\/7218"}],"wp:attachment":[{"href":"https:\/\/agromt.news\/index.php?rest_route=%2Fwp%2Fv2%2Fmedia&parent=7217"}],"wp:term":[{"taxonomy":"category","embeddable":true,"href":"https:\/\/agromt.news\/index.php?rest_route=%2Fwp%2Fv2%2Fcategories&post=7217"},{"taxonomy":"post_tag","embeddable":true,"href":"https:\/\/agromt.news\/index.php?rest_route=%2Fwp%2Fv2%2Ftags&post=7217"}],"curies":[{"name":"wp","href":"https:\/\/api.w.org\/{rel}","templated":true}]}}