{"id":7213,"date":"2024-12-27T14:28:31","date_gmt":"2024-12-27T18:28:31","guid":{"rendered":"https:\/\/agromt.news\/?p=7213"},"modified":"2024-12-27T14:28:31","modified_gmt":"2024-12-27T18:28:31","slug":"bahia-inicia-plantio-da-safra-2024-2025-de-algodao-com-perspectivas-positivas","status":"publish","type":"post","link":"https:\/\/agromt.news\/?p=7213","title":{"rendered":"Bahia inicia plantio da safra 2024\/2025 de algod\u00e3o com perspectivas positivas"},"content":{"rendered":"<p> <br \/>\n<\/p>\n<div>\n<p>Os produtores de algod\u00e3o da Bahia deram in\u00edcio, neste dia 21 de novembro, ao plantio da safra 2024\/2025 na regi\u00e3o oeste do estado. No sudoeste, o calend\u00e1rio foi antecipado, com os trabalhos come\u00e7ando em 1\u00ba de novembro. Ap\u00f3s a colheita da safra 2023\/2024, que obteve resultados expressivos, foi respeitado o per\u00edodo do vazio sanit\u00e1rio, essencial para eliminar restos de cultura e plantas daninhas, al\u00e9m de permitir a recomposi\u00e7\u00e3o do solo.<\/p>\n<p>Na safra anterior, a Bahia cultivou uma \u00e1rea total de 345.431 hectares, com uma produ\u00e7\u00e3o de 691,4 mil toneladas de pluma. Desse total, 247.609 hectares (71,68%) foram destinados \u00e0 \u00e1rea de sequeiro, enquanto 97.821 hectares (28%) foram irrigados. A produtividade m\u00e9dia foi de 325,45 arrobas de algod\u00e3o em caro\u00e7o por hectare, resultando em 2.001 kg de pluma por hectare, de acordo com a Associa\u00e7\u00e3o Baiana dos Produtores de Algod\u00e3o (Abapa).<\/p>\n<p>Para a nova safra, que deve ser encerrada at\u00e9 10 de fevereiro de 2025, a expectativa \u00e9 positiva. \u201cEste ano, as chuvas est\u00e3o dentro da normalidade, o que \u00e9 um fator determinante para o sucesso da safra. Considerando os pre\u00e7os baixos do algod\u00e3o no mercado, alcan\u00e7ar boa produtividade \u00e9 essencial para que a cultura continue vi\u00e1vel. Nesse cen\u00e1rio, o clima favor\u00e1vel \u00e9 determinante para garantir margem ao produtor\u201d, destaca o presidente da Abapa, Luiz Carlos Bergamaschi.<\/p>\n<p>Segundo ele, o trabalho que os produtores v\u00eam realizando ao longo dos anos tamb\u00e9m \u00e9 um fator a ser considerado para uma entrega de qualidade. \u201cOs produtores baianos v\u00eam demonstrando um alto n\u00edvel de profissionaliza\u00e7\u00e3o, com investimentos consistentes em tecnologia, pesquisa e pr\u00e1ticas sustent\u00e1veis. Esse comprometimento tem sido fundamental para entregar um algod\u00e3o de alta qualidade, atendendo \u00e0s exig\u00eancias do mercado nacional e internacional. Esse esfor\u00e7o, aliado ao clima favor\u00e1vel, at\u00e9 o momento, nos traz uma expectativa promissora para esta safra\u201d, conclui Bergamaschi.<\/p>\n<p>Quanto \u00e0 \u00e1rea destinada ao cultivo nesta safra, ainda h\u00e1 expectativa de crescimento, mas os n\u00fameros exatos ser\u00e3o definidos conforme a evolu\u00e7\u00e3o do plantio.<\/p>\n<\/p><\/div>\n<p><script async defer src=\"https:\/\/connect.facebook.net\/en_US\/sdk.js\" type=\"2e990fbf235ffd072a5e906b-text\/javascript\"><\/script><script type=\"2e990fbf235ffd072a5e906b-text\/javascript\">\n  !function(f,b,e,v,n,t,s)\n  {if(f.fbq)return;n=f.fbq=function(){n.callMethod?\n    n.callMethod.apply(n,arguments):n.queue.push(arguments)};\n    if(!f._fbq)f._fbq=n;n.push=n;n.loaded=!0;n.version='2.0';\n    n.queue=[];t=b.createElement(e);t.async=!0;\n    t.src=v;s=b.getElementsByTagName(e)[0];\n    s.parentNode.insertBefore(t,s)}(window, document,'script',\n    'https:\/\/connect.facebook.net\/en_US\/fbevents.js');\n  fbq('init', '153495679422335');\n  fbq('track', 'PageView');\n<\/script><br \/>\n<br \/><br \/>\n<br \/><a href=\"https:\/\/www.noticiasagricolas.com.br\/noticias\/algodao\/389146-bahia-inicia-plantio-da-safra-2024-2025-de-algodao-com-perspectivas-positivas.html\">Source link <\/a><\/p>\n","protected":false},"excerpt":{"rendered":"<p>Os produtores de algod\u00e3o da Bahia deram in\u00edcio, neste dia 21 de novembro, ao plantio da safra 2024\/2025 na regi\u00e3o<\/p>\n","protected":false},"author":1,"featured_media":7214,"comment_status":"open","ping_status":"open","sticky":false,"template":"","format":"standard","meta":{"_monsterinsights_skip_tracking":false,"_monsterinsights_sitenote_active":false,"_monsterinsights_sitenote_note":"","_monsterinsights_sitenote_category":0,"_uf_show_specific_survey":0,"_uf_disable_surveys":false,"footnotes":""},"categories":[8,1,14,16],"tags":[],"class_list":["post-7213","post","type-post","status-publish","format-standard","has-post-thumbnail","hentry","category-agro","category-news","category-politica-agro","category-safra"],"_links":{"self":[{"href":"https:\/\/agromt.news\/index.php?rest_route=\/wp\/v2\/posts\/7213"}],"collection":[{"href":"https:\/\/agromt.news\/index.php?rest_route=\/wp\/v2\/posts"}],"about":[{"href":"https:\/\/agromt.news\/index.php?rest_route=\/wp\/v2\/types\/post"}],"author":[{"embeddable":true,"href":"https:\/\/agromt.news\/index.php?rest_route=\/wp\/v2\/users\/1"}],"replies":[{"embeddable":true,"href":"https:\/\/agromt.news\/index.php?rest_route=%2Fwp%2Fv2%2Fcomments&post=7213"}],"version-history":[{"count":0,"href":"https:\/\/agromt.news\/index.php?rest_route=\/wp\/v2\/posts\/7213\/revisions"}],"wp:featuredmedia":[{"embeddable":true,"href":"https:\/\/agromt.news\/index.php?rest_route=\/wp\/v2\/media\/7214"}],"wp:attachment":[{"href":"https:\/\/agromt.news\/index.php?rest_route=%2Fwp%2Fv2%2Fmedia&parent=7213"}],"wp:term":[{"taxonomy":"category","embeddable":true,"href":"https:\/\/agromt.news\/index.php?rest_route=%2Fwp%2Fv2%2Fcategories&post=7213"},{"taxonomy":"post_tag","embeddable":true,"href":"https:\/\/agromt.news\/index.php?rest_route=%2Fwp%2Fv2%2Ftags&post=7213"}],"curies":[{"name":"wp","href":"https:\/\/api.w.org\/{rel}","templated":true}]}}