{"id":7189,"date":"2024-12-27T07:04:35","date_gmt":"2024-12-27T11:04:35","guid":{"rendered":"https:\/\/agromt.news\/?p=7189"},"modified":"2024-12-27T07:04:35","modified_gmt":"2024-12-27T11:04:35","slug":"milho-oscila-nas-bolsas-entenda","status":"publish","type":"post","link":"https:\/\/agromt.news\/?p=7189","title":{"rendered":"Milho oscila nas bolsas: Entenda"},"content":{"rendered":"<p> <br \/>\n<\/p>\n<div>\n<p>De acordo com informa\u00e7\u00f5es da TF Agroecon\u00f4mica, o mercado de <a href=\"https:\/\/www.agrolink.com.br\/culturas\/milho?utm_source=agrolink-detalhe-noticia&amp;utm_medium=detalhe-noticia&amp;utm_campaign=links-internos&#9;\" target=\"_blank\" rel=\"noopener\">milho<\/a> no Brasil registrou leves oscila\u00e7\u00f5es nesta quinta-feira na Bolsa de Mercadorias de S\u00e3o Paulo (B3), com os principais contratos apresentando varia\u00e7\u00f5es mistas no retorno do feriado. Contratos como os de janeiro e maio tiveram pequenas quedas, enquanto outras posi\u00e7\u00f5es fecharam com saldo positivo. No mercado interno e externo, a demanda pelo cereal segue em alta, sustentando os pre\u00e7os, mas o volume negociado diminuiu devido \u00e0s celebra\u00e7\u00f5es de final de ano.&#13;\n<\/p>\n<p>Os dados da Associa\u00e7\u00e3o Nacional dos Exportadores de Cereais (Anec), tamb\u00e9m divulgados nesta quinta-feira, apontam que as exporta\u00e7\u00f5es brasileiras de milho em dezembro permanecem estimadas em 4,10 milh\u00f5es de toneladas, sem altera\u00e7\u00f5es em rela\u00e7\u00e3o \u00e0 previs\u00e3o anterior. Esse volume reflete a estabilidade nas exporta\u00e7\u00f5es mesmo diante do per\u00edodo festivo.<\/p>\n<p>Nos fechamentos di\u00e1rios da B3, os futuros do milho variaram de forma moderada. O contrato com vencimento em janeiro de 2025 encerrou o dia cotado a R$ 73,17, com queda de R$ 0,23 no dia e de R$ 1,49 na semana. J\u00e1 o vencimento de mar\u00e7o de 2025 teve alta de R$ 0,05 no dia, fechando a R$ 72,89, mas acumulou queda semanal de R$ 0,74. O contrato para maio de 2025 registrou R$ 71,89, com baixa di\u00e1ria de R$ 0,07 e semanal de R$ 0,98.&#13;\n<\/p>\n<p>O milho encerrou em alta nesta quinta-feira, impulsionado pela firme demanda interna e externa. Em Chicago, os contratos para mar\u00e7o subiram 1,17%, cotados a $453,75 por bushel, e os de maio avan\u00e7aram 1,21%, alcan\u00e7ando $460,50 por bushel. Essa foi a quinta sess\u00e3o consecutiva de alta, refletindo o forte ritmo de exporta\u00e7\u00f5es no atual ciclo comercial, o que pode levar o USDA a revisar para baixo os estoques finais dos EUA.<br \/>&#13;<br \/>\n\u00a0<\/p>\n<\/p><\/div>\n<p><script data-cfasync=\"false\">\n    !function (f, b, e, v, n, t, s) {\n        if (f.fbq) return; n = f.fbq = function () {\n            n.callMethod ?\n                n.callMethod.apply(n, arguments) : n.queue.push(arguments)\n        };\n        if (!f._fbq) f._fbq = n; n.push = n; n.loaded = !0; n.version = '2.0';\n        n.queue = []; t = b.createElement(e); t.async = !0;\n        t.src = v; s = b.getElementsByTagName(e)[0];\n        s.parentNode.insertBefore(t, s)\n    }(window, document, 'script',\n        'https:\/\/connect.facebook.net\/en_US\/fbevents.js');\n    fbq('init', '522546078623747');\n    fbq('track', 'PageView');\n<\/script><br \/>\n<br \/><br \/>\n<br \/><a href=\"https:\/\/www.agrolink.com.br\/noticias\/milho-oscila-nas-bolsas--entenda_497977.html\">Source link <\/a><\/p>\n","protected":false},"excerpt":{"rendered":"<p>De acordo com informa\u00e7\u00f5es da TF Agroecon\u00f4mica, o mercado de milho no Brasil registrou leves oscila\u00e7\u00f5es nesta quinta-feira na Bolsa<\/p>\n","protected":false},"author":1,"featured_media":2561,"comment_status":"open","ping_status":"open","sticky":false,"template":"","format":"standard","meta":{"_monsterinsights_skip_tracking":false,"_monsterinsights_sitenote_active":false,"_monsterinsights_sitenote_note":"","_monsterinsights_sitenote_category":0,"_uf_show_specific_survey":0,"_uf_disable_surveys":false,"footnotes":""},"categories":[8,1,14],"tags":[],"class_list":["post-7189","post","type-post","status-publish","format-standard","has-post-thumbnail","hentry","category-agro","category-news","category-politica-agro"],"_links":{"self":[{"href":"https:\/\/agromt.news\/index.php?rest_route=\/wp\/v2\/posts\/7189"}],"collection":[{"href":"https:\/\/agromt.news\/index.php?rest_route=\/wp\/v2\/posts"}],"about":[{"href":"https:\/\/agromt.news\/index.php?rest_route=\/wp\/v2\/types\/post"}],"author":[{"embeddable":true,"href":"https:\/\/agromt.news\/index.php?rest_route=\/wp\/v2\/users\/1"}],"replies":[{"embeddable":true,"href":"https:\/\/agromt.news\/index.php?rest_route=%2Fwp%2Fv2%2Fcomments&post=7189"}],"version-history":[{"count":0,"href":"https:\/\/agromt.news\/index.php?rest_route=\/wp\/v2\/posts\/7189\/revisions"}],"wp:featuredmedia":[{"embeddable":true,"href":"https:\/\/agromt.news\/index.php?rest_route=\/wp\/v2\/media\/2561"}],"wp:attachment":[{"href":"https:\/\/agromt.news\/index.php?rest_route=%2Fwp%2Fv2%2Fmedia&parent=7189"}],"wp:term":[{"taxonomy":"category","embeddable":true,"href":"https:\/\/agromt.news\/index.php?rest_route=%2Fwp%2Fv2%2Fcategories&post=7189"},{"taxonomy":"post_tag","embeddable":true,"href":"https:\/\/agromt.news\/index.php?rest_route=%2Fwp%2Fv2%2Ftags&post=7189"}],"curies":[{"name":"wp","href":"https:\/\/api.w.org\/{rel}","templated":true}]}}