{"id":7184,"date":"2024-12-27T00:32:01","date_gmt":"2024-12-27T04:32:01","guid":{"rendered":"https:\/\/agromt.news\/?p=7184"},"modified":"2024-12-27T00:32:01","modified_gmt":"2024-12-27T04:32:01","slug":"revisao-global-de-producao-mexe-no-mercado-de-cafe","status":"publish","type":"post","link":"https:\/\/agromt.news\/?p=7184","title":{"rendered":"Revis\u00e3o global de produ\u00e7\u00e3o mexe no mercado de caf\u00e9"},"content":{"rendered":"<p> <br \/>\n<\/p>\n<div>\n<div class=\"row\">\n<div class=\"col-lg col-infos mt-3 mt-lg-0\">\n<div class=\"section-sub-title\">\n<p itemprop=\"description\">&#13;<br \/>\n                                No Brasil, o clima desempenha um papel crucial na atual safra&#13;\n                            <\/p>\n<\/p><\/div>\n<div class=\"container\">\n<div class=\"row\">\n<div class=\"col-lg p-0\">\n<div>\n<div class=\"block-news-main-infos mt-3 text-start\">\n<p>                                            <strong class=\"fn\" itemprop=\"author\" style=\"color: rgb(112, 112, 112); \">&#13;<br \/>\n                                                <a href=\"https:\/\/www.agrolink.com.br\/noticias\/javascript:;\" class=\"text-uppercase\" target=\"_blank\" style=\"color: rgb(112, 112, 112); \" rel=\"noopener\">Agrolink<\/a>&#13;<br \/>\n&#13;<br \/>\n                                                    &#8211; Leonardo Gottems&#13;<br \/>\n&#13;<br \/>\n                                            <\/strong><br \/>\n                                        <\/p>\n<p>                                            <abbr><time datetime=\"2024-12-26T06:24\" itemprop=\"datePublished dateModified\">Publicado em 26\/12\/2024 \u00e0s 06:24h.<\/time><\/abbr><br \/>\n                                            <\/p><\/div>\n<\/p><\/div>\n<\/p><\/div>\n<div class=\"col-lg p-0 text-lg-end\">\n<div>\n<div id=\"mdEnviarPagina\" class=\"modal fade\" role=\"dialog\">\n<div class=\"modal-dialog\">\n<div class=\"modal-content\">\n<div class=\"modal-body\">\n<p><strong>Estimado usu\u00e1rio.<\/strong><br \/>Preencha o formul\u00e1rio abaixo para remeter a p\u00e1gina.<\/p>\n<\/p><\/div>\n<\/p><\/div>\n<\/p><\/div>\n<\/div><\/div>\n<\/p><\/div>\n<\/p><\/div>\n<\/p><\/div>\n<\/p><\/div>\n<\/p><\/div>\n<div class=\"row justify-content-md-center mt-3\">\n<div class=\"col-lg-auto col-image  block-news-main-image d-none d-md-block\">\n<p>                                <img decoding=\"async\" src=\"https:\/\/www.agrolink.com.br\/upload\/imagens-resizes\/6f79f7d477234d9e8de03d573829fb9a_858x483.jpg\" class=\"lazyload \" alt=\"Mercado est\u00e1 bastante vol\u00e1til\"\/><br \/>\n                                                <span class=\"d-block mt-1\">Mercado est\u00e1 bastante vol\u00e1til &#8211; Foto: Pixabay<\/span><\/p><\/div>\n<\/p><\/div>\n<div class=\"section-description section-description-noticias mt-3\">\n<p>Segundo Ricardo Leite, Head Agroneg\u00f3cios, o mercado de caf\u00e9 apresentou movimentos distintos nas \u00faltimas semanas, com impactos de fatores clim\u00e1ticos e revis\u00f5es de produ\u00e7\u00e3o global. Na Bolsa de Nova York (ICE NY), os contratos futuros para mar\u00e7o\/2025 registraram queda de 3,2%, fechando a US\u00a2 319,50 por libra-peso. Em contrapartida, Londres apresentou alta de 1%, com o contrato para janeiro\/2025 cotado a USD 5.209,00 por tonelada. \u00a0&#13;\n<\/p>\n<p>No Brasil, o especialista informa que o clima desempenha um papel crucial na atual safra. As chuvas recentes t\u00eam favorecido o pegamento dos frutos em Minas Gerais, principal estado produtor, embora regi\u00f5es cr\u00edticas como Araguari ainda enfrentem dificuldades. A previs\u00e3o para a pr\u00f3xima semana \u00e9 de acumulados de at\u00e9 30 mm, o que pode contribuir para a recupera\u00e7\u00e3o de \u00e1reas afetadas. \u00a0<\/p>\n<p>Saindo um pouco do Brasil e olhando mais para o cen\u00e1rio internacional, o relat\u00f3rio do USDA trouxe uma revis\u00e3o negativa para a produ\u00e7\u00e3o do Vietn\u00e3 na safra 2023\/24, reduzida para 27,5 milh\u00f5es de sacas. Apesar disso, as expectativas para 2024\/25 indicam recupera\u00e7\u00e3o, com proje\u00e7\u00e3o de aumento para 30,1 milh\u00f5es de sacas, o que pode influenciar a din\u00e2mica de oferta no mercado global. \u00a0&#13;\n<\/p>\n<p>A partir disso \u00e9 poss\u00edvel concluir que esses dados refletem a volatilidade do mercado de caf\u00e9, impulsionada por quest\u00f5es clim\u00e1ticas e ajustes na produ\u00e7\u00e3o. Produtores e investidores devem monitorar atentamente as condi\u00e7\u00f5es clim\u00e1ticas e os relat\u00f3rios globais para decis\u00f5es estrat\u00e9gicas. Ele publicou essas informa\u00e7\u00f5es em um artigo em seu perfil da rede social LinkedIn.<br \/>&#13;<br \/>\n\u00a0<\/p>\n<\/p><\/div>\n<\/p><\/div>\n<p><script data-cfasync=\"false\">\n    !function (f, b, e, v, n, t, s) {\n        if (f.fbq) return; n = f.fbq = function () {\n            n.callMethod ?\n                n.callMethod.apply(n, arguments) : n.queue.push(arguments)\n        };\n        if (!f._fbq) f._fbq = n; n.push = n; n.loaded = !0; n.version = '2.0';\n        n.queue = []; t = b.createElement(e); t.async = !0;\n        t.src = v; s = b.getElementsByTagName(e)[0];\n        s.parentNode.insertBefore(t, s)\n    }(window, document, 'script',\n        'https:\/\/connect.facebook.net\/en_US\/fbevents.js');\n    fbq('init', '522546078623747');\n    fbq('track', 'PageView');\n<\/script><br \/>\n<br \/><br \/>\n<br \/><a href=\"https:\/\/www.agrolink.com.br\/noticias\/revisao-global-de-producao-mexe-no-mercado-de-cafe_497930.html\">Source link <\/a><\/p>\n","protected":false},"excerpt":{"rendered":"<p>&#13; No Brasil, o clima desempenha um papel crucial na atual safra&#13; &#13; Agrolink&#13; &#13; &#8211; Leonardo Gottems&#13; &#13; Publicado<\/p>\n","protected":false},"author":1,"featured_media":2685,"comment_status":"open","ping_status":"open","sticky":false,"template":"","format":"standard","meta":{"_monsterinsights_skip_tracking":false,"_monsterinsights_sitenote_active":false,"_monsterinsights_sitenote_note":"","_monsterinsights_sitenote_category":0,"_uf_show_specific_survey":0,"_uf_disable_surveys":false,"footnotes":""},"categories":[8,1,14],"tags":[],"class_list":["post-7184","post","type-post","status-publish","format-standard","has-post-thumbnail","hentry","category-agro","category-news","category-politica-agro"],"_links":{"self":[{"href":"https:\/\/agromt.news\/index.php?rest_route=\/wp\/v2\/posts\/7184"}],"collection":[{"href":"https:\/\/agromt.news\/index.php?rest_route=\/wp\/v2\/posts"}],"about":[{"href":"https:\/\/agromt.news\/index.php?rest_route=\/wp\/v2\/types\/post"}],"author":[{"embeddable":true,"href":"https:\/\/agromt.news\/index.php?rest_route=\/wp\/v2\/users\/1"}],"replies":[{"embeddable":true,"href":"https:\/\/agromt.news\/index.php?rest_route=%2Fwp%2Fv2%2Fcomments&post=7184"}],"version-history":[{"count":0,"href":"https:\/\/agromt.news\/index.php?rest_route=\/wp\/v2\/posts\/7184\/revisions"}],"wp:featuredmedia":[{"embeddable":true,"href":"https:\/\/agromt.news\/index.php?rest_route=\/wp\/v2\/media\/2685"}],"wp:attachment":[{"href":"https:\/\/agromt.news\/index.php?rest_route=%2Fwp%2Fv2%2Fmedia&parent=7184"}],"wp:term":[{"taxonomy":"category","embeddable":true,"href":"https:\/\/agromt.news\/index.php?rest_route=%2Fwp%2Fv2%2Fcategories&post=7184"},{"taxonomy":"post_tag","embeddable":true,"href":"https:\/\/agromt.news\/index.php?rest_route=%2Fwp%2Fv2%2Ftags&post=7184"}],"curies":[{"name":"wp","href":"https:\/\/api.w.org\/{rel}","templated":true}]}}