{"id":7160,"date":"2024-12-26T14:39:41","date_gmt":"2024-12-26T18:39:41","guid":{"rendered":"https:\/\/agromt.news\/?p=7160"},"modified":"2024-12-26T14:39:41","modified_gmt":"2024-12-26T18:39:41","slug":"pecuarista-da-bahia-tem-ate-17-de-janeiro-para-atualizar-cadastro-do-rebanho","status":"publish","type":"post","link":"https:\/\/agromt.news\/?p=7160","title":{"rendered":"Pecuarista da Bahia tem at\u00e9 17 de janeiro para atualizar cadastro do rebanho"},"content":{"rendered":"<p> <br \/>\n<br \/><img decoding=\"async\" src=\"https:\/\/agromt.news\/wp-content\/uploads\/2024\/12\/Pecuarista-da-Bahia-tem-ate-17-de-janeiro-para-atualizar.jpg\" \/><\/p>\n<div>\n<p>A Ag\u00eancia de Defesa Agropecu\u00e1ria da <a href=\"https:\/\/www.canalrural.com.br\/nacional\/bahia\/\">Bahia<\/a> (Adab) prorrogou at\u00e9 o dia 17 de janeiro o prazo para que pecuaristas fa\u00e7am a atualiza\u00e7\u00e3o cadastral dos seus rebanhos.<\/p>\n<p>De acordo com a Secretaria da Agricultura do Estado, a declara\u00e7\u00e3o \u00e9 obrigat\u00f3ria e o pecuarista que n\u00e3o a realizar ter\u00e1 a propriedade bloqueada e ficar\u00e1 impedido de transitar com os animais.<\/p>\n<p>At\u00e9 meados de dezembro, cerca de <strong>70%<\/strong> dos criadores de bovinos em todo o estado j\u00e1 haviam feito a declara\u00e7\u00e3o, que substitui as etapas de vacina\u00e7\u00e3o contra febre aftosa e intensifica a vigil\u00e2ncia direcionada aos rebanhos existentes na preven\u00e7\u00e3o de doen\u00e7as.<\/p>\n<\/div>\n<div>\n<p>A Bahia \u00e9 reconhecida nacionalmente como estado livre de febre aftosa sem vacina\u00e7\u00e3o e busca a refer\u00eancia internacional da Organiza\u00e7\u00e3o Mundial de Sa\u00fade Animal (OMSA), o que possibilitar\u00e1 a comercializa\u00e7\u00e3o dos seus produtos pecu\u00e1rios em mercados mais valorizados para a carne bovina.<\/p>\n<p>\u201cPor se tratar de algo novo, a primeira atualiza\u00e7\u00e3o cadastral desde a \u00faltima campanha de vacina\u00e7\u00e3o, em abril, decidimos prorrogar por mais 30 dias o prazo\u201d, diz em nota o diretor-geral da Adab, Paulo S\u00e9rgio Luz.<\/p>\n<\/p><\/div>\n<p><br \/>\n<br \/><a href=\"https:\/\/www.canalrural.com.br\/pecuaria\/pecuarista-da-bahia-tem-ate-17-de-janeiro-para-atualizar-cadastro-do-rebanho\/\">Source link <\/a><\/p>\n","protected":false},"excerpt":{"rendered":"<p>A Ag\u00eancia de Defesa Agropecu\u00e1ria da Bahia (Adab) prorrogou at\u00e9 o dia 17 de janeiro o prazo para que pecuaristas<\/p>\n","protected":false},"author":1,"featured_media":7161,"comment_status":"open","ping_status":"open","sticky":false,"template":"","format":"standard","meta":{"_monsterinsights_skip_tracking":false,"_monsterinsights_sitenote_active":false,"_monsterinsights_sitenote_note":"","_monsterinsights_sitenote_category":0,"_uf_show_specific_survey":0,"_uf_disable_surveys":false,"footnotes":""},"categories":[1],"tags":[],"class_list":["post-7160","post","type-post","status-publish","format-standard","has-post-thumbnail","hentry","category-news"],"_links":{"self":[{"href":"https:\/\/agromt.news\/index.php?rest_route=\/wp\/v2\/posts\/7160"}],"collection":[{"href":"https:\/\/agromt.news\/index.php?rest_route=\/wp\/v2\/posts"}],"about":[{"href":"https:\/\/agromt.news\/index.php?rest_route=\/wp\/v2\/types\/post"}],"author":[{"embeddable":true,"href":"https:\/\/agromt.news\/index.php?rest_route=\/wp\/v2\/users\/1"}],"replies":[{"embeddable":true,"href":"https:\/\/agromt.news\/index.php?rest_route=%2Fwp%2Fv2%2Fcomments&post=7160"}],"version-history":[{"count":0,"href":"https:\/\/agromt.news\/index.php?rest_route=\/wp\/v2\/posts\/7160\/revisions"}],"wp:featuredmedia":[{"embeddable":true,"href":"https:\/\/agromt.news\/index.php?rest_route=\/wp\/v2\/media\/7161"}],"wp:attachment":[{"href":"https:\/\/agromt.news\/index.php?rest_route=%2Fwp%2Fv2%2Fmedia&parent=7160"}],"wp:term":[{"taxonomy":"category","embeddable":true,"href":"https:\/\/agromt.news\/index.php?rest_route=%2Fwp%2Fv2%2Fcategories&post=7160"},{"taxonomy":"post_tag","embeddable":true,"href":"https:\/\/agromt.news\/index.php?rest_route=%2Fwp%2Fv2%2Ftags&post=7160"}],"curies":[{"name":"wp","href":"https:\/\/api.w.org\/{rel}","templated":true}]}}