{"id":7158,"date":"2024-12-26T14:23:19","date_gmt":"2024-12-26T18:23:19","guid":{"rendered":"https:\/\/agromt.news\/?p=7158"},"modified":"2024-12-26T14:23:19","modified_gmt":"2024-12-26T18:23:19","slug":"produtor-de-soja-do-ms-tem-ate-o-dia-10-de-janeiro-para-declarar-area-plantada","status":"publish","type":"post","link":"https:\/\/agromt.news\/?p=7158","title":{"rendered":"Produtor de soja do MS tem at\u00e9 o dia 10 de janeiro para declarar \u00e1rea plantada"},"content":{"rendered":"<p> <br \/>\n<br \/><img decoding=\"async\" src=\"https:\/\/agromt.news\/wp-content\/uploads\/2024\/12\/Produtor-de-soja-do-MS-tem-ate-o-dia-10.jpg\" \/><\/p>\n<div>\n<p>Produtores rurais de <strong><a href=\"http:\/\/www.canalrural.com.br\/tag\/mato-grosso-do-sul\/\">Mato Grosso do Sul<\/a><\/strong> t\u00eam at\u00e9 o dia 10 de janeiro para declarar a \u00e1rea plantada com soja na safra 2024\/25, informou a Ag\u00eancia Estadual de Defesa Sanit\u00e1ria Animal e Vegetal (Iagro), em nota. O cadastro \u00e9 obrigat\u00f3rio e visa combater a ferrugem asi\u00e1tica, a principal doen\u00e7a da soja no Brasil.<\/p>\n<\/div>\n<div>\n<p>Neste ano, segundo dados do Sistema de Informa\u00e7\u00e3o Geogr\u00e1fica do Agroneg\u00f3cio de Mato Grosso do Sul, a \u00e1rea de soja deve crescer 6,8% em rela\u00e7\u00e3o ao ciclo anterior, atingindo 4,501 milh\u00f5es de hectares. A produtividade estimada \u00e9 de 51,7 sacas por hectare. Com isso a expectativa de produ\u00e7\u00e3o \u00e9 de 13,977 milh\u00f5es de toneladas. A perspectiva \u00e9 baseada na m\u00e9dia dos \u00faltimos cinco anos.<\/p>\n<p>A semeadura da soja come\u00e7ou em 16 de setembro no Mato Grosso do Sul e vai at\u00e9 31 de dezembro.<\/p>\n<\/p><\/div>\n<p><br \/>\n<br \/><a href=\"https:\/\/www.canalrural.com.br\/agricultura\/projeto-soja-brasil\/produtor-de-soja-do-ms-tem-ate-o-dia-10-de-janeiro-para-declarar-area-plantada\/\">Source link <\/a><\/p>\n","protected":false},"excerpt":{"rendered":"<p>Produtores rurais de Mato Grosso do Sul t\u00eam at\u00e9 o dia 10 de janeiro para declarar a \u00e1rea plantada com<\/p>\n","protected":false},"author":1,"featured_media":7159,"comment_status":"open","ping_status":"open","sticky":false,"template":"","format":"standard","meta":{"_monsterinsights_skip_tracking":false,"_monsterinsights_sitenote_active":false,"_monsterinsights_sitenote_note":"","_monsterinsights_sitenote_category":0,"_uf_show_specific_survey":0,"_uf_disable_surveys":false,"footnotes":""},"categories":[1],"tags":[],"class_list":["post-7158","post","type-post","status-publish","format-standard","has-post-thumbnail","hentry","category-news"],"_links":{"self":[{"href":"https:\/\/agromt.news\/index.php?rest_route=\/wp\/v2\/posts\/7158"}],"collection":[{"href":"https:\/\/agromt.news\/index.php?rest_route=\/wp\/v2\/posts"}],"about":[{"href":"https:\/\/agromt.news\/index.php?rest_route=\/wp\/v2\/types\/post"}],"author":[{"embeddable":true,"href":"https:\/\/agromt.news\/index.php?rest_route=\/wp\/v2\/users\/1"}],"replies":[{"embeddable":true,"href":"https:\/\/agromt.news\/index.php?rest_route=%2Fwp%2Fv2%2Fcomments&post=7158"}],"version-history":[{"count":0,"href":"https:\/\/agromt.news\/index.php?rest_route=\/wp\/v2\/posts\/7158\/revisions"}],"wp:featuredmedia":[{"embeddable":true,"href":"https:\/\/agromt.news\/index.php?rest_route=\/wp\/v2\/media\/7159"}],"wp:attachment":[{"href":"https:\/\/agromt.news\/index.php?rest_route=%2Fwp%2Fv2%2Fmedia&parent=7158"}],"wp:term":[{"taxonomy":"category","embeddable":true,"href":"https:\/\/agromt.news\/index.php?rest_route=%2Fwp%2Fv2%2Fcategories&post=7158"},{"taxonomy":"post_tag","embeddable":true,"href":"https:\/\/agromt.news\/index.php?rest_route=%2Fwp%2Fv2%2Ftags&post=7158"}],"curies":[{"name":"wp","href":"https:\/\/api.w.org\/{rel}","templated":true}]}}