{"id":7152,"date":"2024-12-26T12:40:30","date_gmt":"2024-12-26T16:40:30","guid":{"rendered":"https:\/\/agromt.news\/?p=7152"},"modified":"2024-12-26T12:40:30","modified_gmt":"2024-12-26T16:40:30","slug":"destrocos-de-aviao-desaparecido-no-amazonas-sao-encontrados-com-vitimas-fatais","status":"publish","type":"post","link":"https:\/\/agromt.news\/?p=7152","title":{"rendered":"Destro\u00e7os de avi\u00e3o desaparecido no Amazonas s\u00e3o encontrados com v\u00edtimas fatais"},"content":{"rendered":"<p> <br \/>\n<br \/><img decoding=\"async\" src=\"https:\/\/agromt.news\/wp-content\/uploads\/2024\/12\/Destrocos-de-aviao-desaparecido-no-Amazonas-sao-encontrados-com-vitimas.jpeg\" \/><\/p>\n<div>\n<p>Equipes da <strong><a href=\"https:\/\/www.canalrural.com.br\/tag\/fab\/\">For\u00e7a A\u00e9rea Brasileira (FAB)<\/a><\/strong>, a Pol\u00edcia Civil, a Pol\u00edcia Militar e o Corpo de Bombeiros do <strong><a href=\"https:\/\/www.canalrural.com.br\/tag\/amazonas\/\">Amazonas<\/a><\/strong> localizaram os destro\u00e7os do avi\u00e3o de pequeno porte e os restos mortais do piloto Rodrigo Boer Machado e do passageiro Breno Braga Leite, que estavam desaparecidos desde o dia 20, no interior do estado. A informa\u00e7\u00e3o foi confirmada pela FAB e pela prefeitura de Manicor\u00e9, onde a aeronave foi encontrada, numa \u00e1rea da zona rural com mata amaz\u00f4nica do munic\u00edpio. O motivo do acidente n\u00e3o foi revelado.<\/p>\n<p>\u201cAs equipes de busca, que se dedicaram incansavelmente mesmo diante de condi\u00e7\u00f5es adversas, localizaram os destro\u00e7os a aproximadamente dois quil\u00f4metros da Comunidade Bom Jesus, na estrada Igarap\u00e9 Grande, em uma \u00e1rea de dif\u00edcil acesso\u201d, escreveu a prefeitura de Manicor\u00e9, em nota. \u201cA Prefeitura manifesta seu mais profundo pesar pela trag\u00e9dia e se solidariza com as fam\u00edlias das v\u00edtimas, o piloto Rodrigo Boer e Breno Braga Leite.\u201d<\/p>\n<h2 class=\"wp-block-heading\" id=\"h-ajuda\">Ajuda<\/h2>\n<p>O caso ganhou repercuss\u00e3o nas redes sociais ap\u00f3s a m\u00e3e do piloto, Nagila Boer, fazer apelos por not\u00edcias do filho. Segundo a m\u00e3e, Rodrigo fez contato com a fam\u00edlia no momento em que decolou de Porto Velho, com destino a Manaus.<\/p>\n<p>Nagila disse que o filho sonhava em conhecer a Amaz\u00f4nia e a fam\u00edlia o ajudou a organizar a viagem. Ele teria pousado em Ariquemes e seguiu para Ji-Paran\u00e1, ambas cidades no <strong><a href=\"https:\/\/www.canalrural.com.br\/tag\/rondonia\/\">estado de Rond\u00f4nia<\/a><\/strong>. O piloto afirmou ter feito revis\u00f5es no avi\u00e3o, que estaria com problema e passou o GPS para a fam\u00edlia acompanhar o voo e alertou que poderia ficar sem sinal por at\u00e9 dois dias.<\/p>\n<\/div>\n<div>\n<p>Ap\u00f3s dois dias sem informa\u00e7\u00f5es, a fam\u00edlia fez contato com a FAB que apurou que o aparelho saiu da rota quando seguia para Manaus e o \u00faltimo registro aconteceu em Manicor\u00e9. Moradores locais relataram a poss\u00edvel queda de um avi\u00e3o pequeno na regi\u00e3o.<\/p>\n<h2 class=\"wp-block-heading\" id=\"h-sem-plano-de-voo\">Sem plano de voo<\/h2>\n<p>As opera\u00e7\u00f5es de busca come\u00e7aram no dia 21. Em nota, a For\u00e7a A\u00e9rea informou que autoridades policiais assumiram agora a ocorr\u00eancia, junto ao Centro de Investiga\u00e7\u00e3o e Preven\u00e7\u00e3o de Acidentes Aeron\u00e1uticos (CENIPA), para dar continuidade \u00e0 investiga\u00e7\u00e3o.<\/p>\n<p>A FAB disse que a aeronave n\u00e3o apresentou plano de voo e n\u00e3o foi detectada pelos radares de controle de tr\u00e1fego a\u00e9reo.<\/p>\n<\/p><\/div>\n<p><br \/>\n<br \/><a href=\"https:\/\/www.canalrural.com.br\/diversos\/destrocos-de-aviao-desaparecido-no-amazonas-sao-encontrados-com-vitimas-fatais\/\">Source link <\/a><\/p>\n","protected":false},"excerpt":{"rendered":"<p>Equipes da For\u00e7a A\u00e9rea Brasileira (FAB), a Pol\u00edcia Civil, a Pol\u00edcia Militar e o Corpo de Bombeiros do Amazonas localizaram<\/p>\n","protected":false},"author":1,"featured_media":7153,"comment_status":"open","ping_status":"open","sticky":false,"template":"","format":"standard","meta":{"_monsterinsights_skip_tracking":false,"_monsterinsights_sitenote_active":false,"_monsterinsights_sitenote_note":"","_monsterinsights_sitenote_category":0,"_uf_show_specific_survey":0,"_uf_disable_surveys":false,"footnotes":""},"categories":[1],"tags":[],"class_list":["post-7152","post","type-post","status-publish","format-standard","has-post-thumbnail","hentry","category-news"],"_links":{"self":[{"href":"https:\/\/agromt.news\/index.php?rest_route=\/wp\/v2\/posts\/7152"}],"collection":[{"href":"https:\/\/agromt.news\/index.php?rest_route=\/wp\/v2\/posts"}],"about":[{"href":"https:\/\/agromt.news\/index.php?rest_route=\/wp\/v2\/types\/post"}],"author":[{"embeddable":true,"href":"https:\/\/agromt.news\/index.php?rest_route=\/wp\/v2\/users\/1"}],"replies":[{"embeddable":true,"href":"https:\/\/agromt.news\/index.php?rest_route=%2Fwp%2Fv2%2Fcomments&post=7152"}],"version-history":[{"count":0,"href":"https:\/\/agromt.news\/index.php?rest_route=\/wp\/v2\/posts\/7152\/revisions"}],"wp:featuredmedia":[{"embeddable":true,"href":"https:\/\/agromt.news\/index.php?rest_route=\/wp\/v2\/media\/7153"}],"wp:attachment":[{"href":"https:\/\/agromt.news\/index.php?rest_route=%2Fwp%2Fv2%2Fmedia&parent=7152"}],"wp:term":[{"taxonomy":"category","embeddable":true,"href":"https:\/\/agromt.news\/index.php?rest_route=%2Fwp%2Fv2%2Fcategories&post=7152"},{"taxonomy":"post_tag","embeddable":true,"href":"https:\/\/agromt.news\/index.php?rest_route=%2Fwp%2Fv2%2Ftags&post=7152"}],"curies":[{"name":"wp","href":"https:\/\/api.w.org\/{rel}","templated":true}]}}