{"id":7142,"date":"2024-12-26T09:39:30","date_gmt":"2024-12-26T13:39:30","guid":{"rendered":"https:\/\/agromt.news\/?p=7142"},"modified":"2024-12-26T09:39:30","modified_gmt":"2024-12-26T13:39:30","slug":"compradores-de-milho-voltam-ao-mercado","status":"publish","type":"post","link":"https:\/\/agromt.news\/?p=7142","title":{"rendered":"Compradores de milho voltam ao mercado"},"content":{"rendered":"<p> <br \/>\n<\/p>\n<div>\n<div class=\"row\">\n<div class=\"col-lg col-infos mt-3 mt-lg-0\">\n<div class=\"section-sub-title\">\n<p itemprop=\"description\">&#13;<br \/>\n                                No mercado chin\u00eas, as cota\u00e7\u00f5es do milho apresentaram queda&#13;\n                            <\/p>\n<\/p><\/div>\n<div class=\"container\">\n<div class=\"row\">\n<div class=\"col-lg p-0\">\n<div>\n<div class=\"block-news-main-infos mt-3 text-start\">\n<p>                                            <strong class=\"fn\" itemprop=\"author\" style=\"color: rgb(112, 112, 112); \">&#13;<br \/>\n                                                <a href=\"https:\/\/www.agrolink.com.br\/noticias\/javascript:;\" class=\"text-uppercase\" target=\"_blank\" style=\"color: rgb(112, 112, 112); \" rel=\"noopener\">Agrolink<\/a>&#13;<br \/>\n&#13;<br \/>\n                                                    &#8211; Leonardo Gottems&#13;<br \/>\n&#13;<br \/>\n                                            <\/strong><br \/>\n                                        <\/p>\n<p>                                            <abbr><time datetime=\"2024-12-26T07:21\" itemprop=\"datePublished dateModified\">Publicado em 26\/12\/2024 \u00e0s 07:21h.<\/time><\/abbr><br \/>\n                                            <\/p><\/div>\n<\/p><\/div>\n<\/p><\/div>\n<div class=\"col-lg p-0 text-lg-end\">\n<div>\n<div id=\"mdEnviarPagina\" class=\"modal fade\" role=\"dialog\">\n<div class=\"modal-dialog\">\n<div class=\"modal-content\">\n<div class=\"modal-body\">\n<p><strong>Estimado usu\u00e1rio.<\/strong><br \/>Preencha o formul\u00e1rio abaixo para remeter a p\u00e1gina.<\/p>\n<\/p><\/div>\n<\/p><\/div>\n<\/p><\/div>\n<\/div><\/div>\n<\/p><\/div>\n<\/p><\/div>\n<\/p><\/div>\n<\/p><\/div>\n<\/p><\/div>\n<div class=\"row justify-content-md-center mt-3\">\n<div class=\"col-lg-auto col-image  block-news-main-image d-none d-md-block\">\n<p>                            <img decoding=\"async\" src=\"https:\/\/www.agrolink.com.br\/upload\/imagens-resizes\/59726acfda6a45588366b4d459d207fb_858x483.jpg\" class=\"lazyload \" alt=\"No mercado chin\u00eas, as cota\u00e7\u00f5es do milho apresentaram queda\"\/><br \/>\n                                            <span class=\"d-block mt-1\">No mercado chin\u00eas, as cota\u00e7\u00f5es do milho apresentaram queda &#8211; Foto: Divulga\u00e7\u00e3o<\/span><\/p><\/div>\n<\/p><\/div>\n<div class=\"section-description section-description-noticias mt-3\">\n<p>Segundo a TF Agroecon\u00f4mica, os compradores de <a href=\"https:\/\/www.agrolink.com.br\/culturas\/milho?utm_source=agrolink-detalhe-noticia&amp;utm_medium=detalhe-noticia&amp;utm_campaign=links-internos&#9;\" target=\"_blank\" rel=\"noopener\">milho<\/a> no Brasil voltaram ao mercado com cota\u00e7\u00f5es para janeiro e Safrinha, especialmente no per\u00edodo de julho. No entanto, os vendedores adotaram uma postura mais conservadora, retirando-se das posi\u00e7\u00f5es imediatas e elevando os pr\u00eamios para negocia\u00e7\u00f5es futuras. Em Paranagu\u00e1, os pr\u00eamios de <a href=\"https:\/\/www.agrolink.com.br\/culturas\/milho?utm_source=agrolink-detalhe-noticia&amp;utm_medium=detalhe-noticia&amp;utm_campaign=links-internos&#9;\" target=\"_blank\" rel=\"noopener\">milho<\/a> para janeiro est\u00e3o em Sv 120 para vendedores e 101 sC para compradores, com base H5. Para julho\/agosto, os valores subiram, alcan\u00e7ando 75+5 para vendedores e 59+2 para compradores, com base U5.&#13;\n<\/p>\n<p>No mercado chin\u00eas, as cota\u00e7\u00f5es do milho apresentaram queda de -2 CNY\/t para janeiro e alta de 1 CNY\/t para mar\u00e7o. O amido de milho seguiu tend\u00eancias semelhantes, enquanto os pre\u00e7os dos ovos ca\u00edram -92 CNY\/500kg para dezembro e subiram 16 CNY\/500kg para janeiro. Por outro lado, os pre\u00e7os dos su\u00ednos registraram um aumento expressivo, com alta de 440 CNY\/t para janeiro e 190 CNY\/t para mar\u00e7o, indicando recupera\u00e7\u00e3o no setor.&#13;\n<\/p>\n<p>Globalmente, os pre\u00e7os FOB do milho revelam um mercado competitivo. O milho argentino fechou em US$ 212 para janeiro e US$ 206 para mar\u00e7o e abril. Nos Estados Unidos, os pre\u00e7os subiram para US$ 211 FOB, enquanto o milho brasileiro alcan\u00e7ou US$ 219 FOB em Santos, posicionando-se como um dos mais valorizados. Na Europa, o milho franc\u00eas atingiu US$ 217, e na Rom\u00eania, US$ 210. Na regi\u00e3o do Mar Negro, os pre\u00e7os ficaram em US$ 220 na R\u00fassia e US$ 215 na Ucr\u00e2nia.&#13;\n<\/p>\n<p>Esses valores mostram a for\u00e7a do milho brasileiro no mercado internacional, com pr\u00eamios competitivos, mas enfrentando desafios como a cautela dos vendedores e o impacto das flutua\u00e7\u00f5es no cen\u00e1rio global.<br \/>&#13;<br \/>\n\u00a0<\/p>\n<\/p><\/div>\n<\/p><\/div>\n<p><script data-cfasync=\"false\">\n    !function (f, b, e, v, n, t, s) {\n        if (f.fbq) return; n = f.fbq = function () {\n            n.callMethod ?\n                n.callMethod.apply(n, arguments) : n.queue.push(arguments)\n        };\n        if (!f._fbq) f._fbq = n; n.push = n; n.loaded = !0; n.version = '2.0';\n        n.queue = []; t = b.createElement(e); t.async = !0;\n        t.src = v; s = b.getElementsByTagName(e)[0];\n        s.parentNode.insertBefore(t, s)\n    }(window, document, 'script',\n        'https:\/\/connect.facebook.net\/en_US\/fbevents.js');\n    fbq('init', '522546078623747');\n    fbq('track', 'PageView');\n<\/script><br \/>\n<br \/><br \/>\n<br \/><a href=\"https:\/\/www.agrolink.com.br\/noticias\/compradores-de-milho-voltam-ao-mercado_497937.html\">Source link <\/a><\/p>\n","protected":false},"excerpt":{"rendered":"<p>&#13; No mercado chin\u00eas, as cota\u00e7\u00f5es do milho apresentaram queda&#13; &#13; Agrolink&#13; &#13; &#8211; Leonardo Gottems&#13; &#13; Publicado em 26\/12\/2024<\/p>\n","protected":false},"author":1,"featured_media":3750,"comment_status":"open","ping_status":"open","sticky":false,"template":"","format":"standard","meta":{"_monsterinsights_skip_tracking":false,"_monsterinsights_sitenote_active":false,"_monsterinsights_sitenote_note":"","_monsterinsights_sitenote_category":0,"_uf_show_specific_survey":0,"_uf_disable_surveys":false,"footnotes":""},"categories":[8,1,14],"tags":[],"class_list":["post-7142","post","type-post","status-publish","format-standard","has-post-thumbnail","hentry","category-agro","category-news","category-politica-agro"],"_links":{"self":[{"href":"https:\/\/agromt.news\/index.php?rest_route=\/wp\/v2\/posts\/7142"}],"collection":[{"href":"https:\/\/agromt.news\/index.php?rest_route=\/wp\/v2\/posts"}],"about":[{"href":"https:\/\/agromt.news\/index.php?rest_route=\/wp\/v2\/types\/post"}],"author":[{"embeddable":true,"href":"https:\/\/agromt.news\/index.php?rest_route=\/wp\/v2\/users\/1"}],"replies":[{"embeddable":true,"href":"https:\/\/agromt.news\/index.php?rest_route=%2Fwp%2Fv2%2Fcomments&post=7142"}],"version-history":[{"count":0,"href":"https:\/\/agromt.news\/index.php?rest_route=\/wp\/v2\/posts\/7142\/revisions"}],"wp:featuredmedia":[{"embeddable":true,"href":"https:\/\/agromt.news\/index.php?rest_route=\/wp\/v2\/media\/3750"}],"wp:attachment":[{"href":"https:\/\/agromt.news\/index.php?rest_route=%2Fwp%2Fv2%2Fmedia&parent=7142"}],"wp:term":[{"taxonomy":"category","embeddable":true,"href":"https:\/\/agromt.news\/index.php?rest_route=%2Fwp%2Fv2%2Fcategories&post=7142"},{"taxonomy":"post_tag","embeddable":true,"href":"https:\/\/agromt.news\/index.php?rest_route=%2Fwp%2Fv2%2Ftags&post=7142"}],"curies":[{"name":"wp","href":"https:\/\/api.w.org\/{rel}","templated":true}]}}