{"id":7140,"date":"2024-12-26T09:26:43","date_gmt":"2024-12-26T13:26:43","guid":{"rendered":"https:\/\/agromt.news\/?p=7140"},"modified":"2024-12-26T09:26:43","modified_gmt":"2024-12-26T13:26:43","slug":"conab-estima-semeadura-de-arroz-e-colheita-de-feijao","status":"publish","type":"post","link":"https:\/\/agromt.news\/?p=7140","title":{"rendered":"Conab estima semeadura de arroz e colheita de feij\u00e3o"},"content":{"rendered":"<p> <br \/>\n<br \/><img decoding=\"async\" src=\"https:\/\/agromt.news\/wp-content\/uploads\/2024\/12\/Conab-estima-semeadura-de-arroz-e-colheita-de-feijao.jpg\" \/><\/p>\n<div>\n<p>A semeadura de <strong><a href=\"https:\/\/www.canalrural.com.br\/tag\/arroz\/\">arroz<\/a><\/strong> avan\u00e7ou para 90,7% da \u00e1rea estimada para a temporada 2024\/25 nos seis principais estados produtores do Brasil (Tocantins, Maranh\u00e3o, <strong><a href=\"https:\/\/matogrosso.canalrural.com.br\/\">Mato Grosso<\/a><\/strong>, Goi\u00e1s, Santa Catarina e <strong><a href=\"https:\/\/www.canalrural.com.br\/nacional\/rio-grande-do-sul\/\">Rio Grande do Sul<\/a><\/strong>, que representam 88% do total), conforme levantamento semanal da Companhia Nacional de Abastecimento (<strong><a href=\"https:\/\/www.canalrural.com.br\/tag\/conab\/\">Conab<\/a><\/strong>), com dados recolhidos at\u00e9 22 de dezembro.<\/p>\n<p>Na semana anterior, o plantio estava em 88,6%. No mesmo per\u00edodo do ano passado, o percentual era de 87,7%.<\/p>\n<h2 class=\"wp-block-heading\" id=\"h-feijao\">Feij\u00e3o<\/h2>\n<p>A colheita da primeira safra 2024\/25 de <strong><a href=\"https:\/\/www.canalrural.com.br\/tag\/feij%C3%A3o\/\">feij\u00e3o<\/a><\/strong> alcan\u00e7ou 10,2% da \u00e1rea plantada no Brasil, segundo relat\u00f3rio da Conab com dados at\u00e9 22 de dezembro. Na semana anterior, a ceifa correspondia a 7,7% da \u00e1rea, enquanto no mesmo per\u00edodo do ano passado, o \u00edndice era de 13,6%.<\/p>\n<\/div>\n<div>\n<p>J\u00e1 o plantio da primeira safra 2024\/25 de feij\u00e3o atingiu 64,4% da \u00e1rea no Brasil, de acordo com o relat\u00f3rio da Conab com dados tamb\u00e9m recolhidos at\u00e9 22 de dezembro.<\/p>\n<p>Na semana anterior, o plantio correspondia a 63,8% da \u00e1rea, enquanto no mesmo per\u00edodo do ano passado, a semeadura alcan\u00e7ava 56,8% da \u00e1rea.<\/p>\n<\/p><\/div>\n<p><br \/>\n<br \/><a href=\"https:\/\/www.canalrural.com.br\/agricultura\/conab-estima-semeadura-de-arroz-e-colheita-de-feijao\/\">Source link <\/a><\/p>\n","protected":false},"excerpt":{"rendered":"<p>A semeadura de arroz avan\u00e7ou para 90,7% da \u00e1rea estimada para a temporada 2024\/25 nos seis principais estados produtores do<\/p>\n","protected":false},"author":1,"featured_media":7141,"comment_status":"open","ping_status":"open","sticky":false,"template":"","format":"standard","meta":{"_monsterinsights_skip_tracking":false,"_monsterinsights_sitenote_active":false,"_monsterinsights_sitenote_note":"","_monsterinsights_sitenote_category":0,"_uf_show_specific_survey":0,"_uf_disable_surveys":false,"footnotes":""},"categories":[1],"tags":[],"class_list":["post-7140","post","type-post","status-publish","format-standard","has-post-thumbnail","hentry","category-news"],"_links":{"self":[{"href":"https:\/\/agromt.news\/index.php?rest_route=\/wp\/v2\/posts\/7140"}],"collection":[{"href":"https:\/\/agromt.news\/index.php?rest_route=\/wp\/v2\/posts"}],"about":[{"href":"https:\/\/agromt.news\/index.php?rest_route=\/wp\/v2\/types\/post"}],"author":[{"embeddable":true,"href":"https:\/\/agromt.news\/index.php?rest_route=\/wp\/v2\/users\/1"}],"replies":[{"embeddable":true,"href":"https:\/\/agromt.news\/index.php?rest_route=%2Fwp%2Fv2%2Fcomments&post=7140"}],"version-history":[{"count":0,"href":"https:\/\/agromt.news\/index.php?rest_route=\/wp\/v2\/posts\/7140\/revisions"}],"wp:featuredmedia":[{"embeddable":true,"href":"https:\/\/agromt.news\/index.php?rest_route=\/wp\/v2\/media\/7141"}],"wp:attachment":[{"href":"https:\/\/agromt.news\/index.php?rest_route=%2Fwp%2Fv2%2Fmedia&parent=7140"}],"wp:term":[{"taxonomy":"category","embeddable":true,"href":"https:\/\/agromt.news\/index.php?rest_route=%2Fwp%2Fv2%2Fcategories&post=7140"},{"taxonomy":"post_tag","embeddable":true,"href":"https:\/\/agromt.news\/index.php?rest_route=%2Fwp%2Fv2%2Ftags&post=7140"}],"curies":[{"name":"wp","href":"https:\/\/api.w.org\/{rel}","templated":true}]}}