{"id":7127,"date":"2024-12-25T15:36:56","date_gmt":"2024-12-25T19:36:56","guid":{"rendered":"https:\/\/agromt.news\/?p=7127"},"modified":"2024-12-25T15:36:56","modified_gmt":"2024-12-25T19:36:56","slug":"plano-estrategico-quer-aumentar-consumo-de-ovos","status":"publish","type":"post","link":"https:\/\/agromt.news\/?p=7127","title":{"rendered":"Plano estrat\u00e9gico quer aumentar consumo de ovos"},"content":{"rendered":"<p> <br \/>\n<\/p>\n<div>\n<div class=\"row\">\n<div class=\"col-lg col-infos mt-3 mt-lg-0\">\n<div class=\"section-sub-title\">\n<p itemprop=\"description\">&#13;<br \/>\n                                Entre as estrat\u00e9gias previstas est\u00e3o o engajamento com a ind\u00fastria e o varejo&#13;\n                            <\/p>\n<\/p><\/div>\n<div class=\"container\">\n<div class=\"row\">\n<div class=\"col-lg p-0\">\n<div>\n<div class=\"block-news-main-infos mt-3 text-start\">\n<p>                                            <strong class=\"fn\" itemprop=\"author\" style=\"color: rgb(112, 112, 112); \">&#13;<br \/>\n                                                <a href=\"https:\/\/www.agrolink.com.br\/noticias\/javascript:;\" class=\"text-uppercase\" target=\"_blank\" style=\"color: rgb(112, 112, 112); \" rel=\"noopener\">Agrolink<\/a>&#13;<br \/>\n&#13;<br \/>\n                                                    &#8211; Leonardo Gottems&#13;<br \/>\n&#13;<br \/>\n                                            <\/strong><br \/>\n                                        <\/p>\n<p>                                            <abbr><time datetime=\"2024-12-24T10:53\" itemprop=\"datePublished dateModified\">Publicado em 24\/12\/2024 \u00e0s 10:53h.<\/time><\/abbr><br \/>\n                                            <\/p><\/div>\n<\/p><\/div>\n<\/p><\/div>\n<div class=\"col-lg p-0 text-lg-end\">\n<div>\n<div id=\"mdEnviarPagina\" class=\"modal fade\" role=\"dialog\">\n<div class=\"modal-dialog\">\n<div class=\"modal-content\">\n<div class=\"modal-body\">\n<p><strong>Estimado usu\u00e1rio.<\/strong><br \/>Preencha o formul\u00e1rio abaixo para remeter a p\u00e1gina.<\/p>\n<\/p><\/div>\n<\/p><\/div>\n<\/p><\/div>\n<\/div><\/div>\n<\/p><\/div>\n<\/p><\/div>\n<\/p><\/div>\n<\/p><\/div>\n<\/p><\/div>\n<div class=\"row justify-content-md-center mt-3\">\n<div class=\"col-lg-auto col-image  block-news-main-image d-none d-md-block\">\n<p>                            <img decoding=\"async\" src=\"https:\/\/www.agrolink.com.br\/upload\/imagens-resizes\/33f430c0c10c470f9b69f05d25388dc2_858x483.jpg\" class=\"lazyload \" alt=\"De acordo com a Associa\u00e7\u00e3o Brasileira de Prote\u00edna Animal (ABPA), a produ\u00e7\u00e3o de ovos no Brasil dever\u00e1 crescer 2,4%\"\/><br \/>\n                                            <span class=\"d-block mt-1\">De acordo com a Associa\u00e7\u00e3o Brasileira de Prote\u00edna Animal (ABPA), a produ\u00e7\u00e3o de ovos no Brasil dever\u00e1 crescer 2,4% &#8211; Foto: Pixabay<\/span><\/p><\/div>\n<\/p><\/div>\n<div class=\"section-description section-description-noticias mt-3\">\n<p>Na \u00faltima reuni\u00e3o de diretoria de 2024, o Instituto Ovos Brasil (IOB) definiu um plano estrat\u00e9gico para 2025, com \u00eanfase em campanhas educativas que destaquem os benef\u00edcios nutricionais e econ\u00f4micos do ovo. O objetivo \u00e9 fortalecer a percep\u00e7\u00e3o do p\u00fablico sobre o alimento, al\u00e9m de estimular o crescimento do consumo per capita, estimado em aumento de at\u00e9 1,1%.&#13;\n<\/p>\n<p>De acordo com a Associa\u00e7\u00e3o Brasileira de Prote\u00edna Animal (ABPA), a produ\u00e7\u00e3o de ovos no Brasil dever\u00e1 crescer 2,4% em 2025, alcan\u00e7ando 59 bilh\u00f5es de unidades. Edival Veras, presidente do IOB, afirmou que o instituto continuar\u00e1 investindo em campanhas educativas e materiais de apoio para consolidar o ovo como um alimento indispens\u00e1vel na alimenta\u00e7\u00e3o dos brasileiros.<\/p>\n<p>Entre as estrat\u00e9gias previstas est\u00e3o o engajamento com a ind\u00fastria e o varejo, por meio de parcerias com distribuidores e redes de supermercados, e o apoio \u00e0 imprensa para disseminar informa\u00e7\u00f5es claras e precisas. O Instituto tamb\u00e9m produzir\u00e1 materiais informativos para profissionais de sa\u00fade, nutri\u00e7\u00e3o e influenciadores, visando desmistificar mitos sobre o ovo e refor\u00e7ar sua imagem como alimento saud\u00e1vel.&#13;\n<\/p>\n<p>Com atua\u00e7\u00e3o nacional, o IOB planeja um 2025 de grandes avan\u00e7os na educa\u00e7\u00e3o alimentar e na valoriza\u00e7\u00e3o do setor produtivo, consolidando o Brasil como um dos maiores produtores de ovos do mundo.<\/p>\n<p>\u00a0\u201cNosso objetivo \u00e9 contribuir ativamente para que o ovo seja reconhecido como um alimento indispens\u00e1vel na mesa dos brasileiros. Em 2025, continuaremos investindo em campanhas educativas, materiais de apoio e estrat\u00e9gias de comunica\u00e7\u00e3o que dialoguem diretamente com o consumidor final e o mercado\u201d, conclui Edival Veras, presidente do Instituto.<br \/>&#13;<br \/>\n\u00a0<\/p>\n<\/p><\/div>\n<\/p><\/div>\n<p><script data-cfasync=\"false\">\n    !function (f, b, e, v, n, t, s) {\n        if (f.fbq) return; n = f.fbq = function () {\n            n.callMethod ?\n                n.callMethod.apply(n, arguments) : n.queue.push(arguments)\n        };\n        if (!f._fbq) f._fbq = n; n.push = n; n.loaded = !0; n.version = '2.0';\n        n.queue = []; t = b.createElement(e); t.async = !0;\n        t.src = v; s = b.getElementsByTagName(e)[0];\n        s.parentNode.insertBefore(t, s)\n    }(window, document, 'script',\n        'https:\/\/connect.facebook.net\/en_US\/fbevents.js');\n    fbq('init', '522546078623747');\n    fbq('track', 'PageView');\n<\/script><br \/>\n<br \/><br \/>\n<br \/><a href=\"https:\/\/www.agrolink.com.br\/noticias\/plano-estrategico-quer-aumentar-consumo-de-ovos_497917.html\">Source link <\/a><\/p>\n","protected":false},"excerpt":{"rendered":"<p>&#13; Entre as estrat\u00e9gias previstas est\u00e3o o engajamento com a ind\u00fastria e o varejo&#13; &#13; Agrolink&#13; &#13; &#8211; Leonardo Gottems&#13;<\/p>\n","protected":false},"author":1,"featured_media":2140,"comment_status":"open","ping_status":"open","sticky":false,"template":"","format":"standard","meta":{"_monsterinsights_skip_tracking":false,"_monsterinsights_sitenote_active":false,"_monsterinsights_sitenote_note":"","_monsterinsights_sitenote_category":0,"_uf_show_specific_survey":0,"_uf_disable_surveys":false,"footnotes":""},"categories":[8,1,14],"tags":[],"class_list":["post-7127","post","type-post","status-publish","format-standard","has-post-thumbnail","hentry","category-agro","category-news","category-politica-agro"],"_links":{"self":[{"href":"https:\/\/agromt.news\/index.php?rest_route=\/wp\/v2\/posts\/7127"}],"collection":[{"href":"https:\/\/agromt.news\/index.php?rest_route=\/wp\/v2\/posts"}],"about":[{"href":"https:\/\/agromt.news\/index.php?rest_route=\/wp\/v2\/types\/post"}],"author":[{"embeddable":true,"href":"https:\/\/agromt.news\/index.php?rest_route=\/wp\/v2\/users\/1"}],"replies":[{"embeddable":true,"href":"https:\/\/agromt.news\/index.php?rest_route=%2Fwp%2Fv2%2Fcomments&post=7127"}],"version-history":[{"count":0,"href":"https:\/\/agromt.news\/index.php?rest_route=\/wp\/v2\/posts\/7127\/revisions"}],"wp:featuredmedia":[{"embeddable":true,"href":"https:\/\/agromt.news\/index.php?rest_route=\/wp\/v2\/media\/2140"}],"wp:attachment":[{"href":"https:\/\/agromt.news\/index.php?rest_route=%2Fwp%2Fv2%2Fmedia&parent=7127"}],"wp:term":[{"taxonomy":"category","embeddable":true,"href":"https:\/\/agromt.news\/index.php?rest_route=%2Fwp%2Fv2%2Fcategories&post=7127"},{"taxonomy":"post_tag","embeddable":true,"href":"https:\/\/agromt.news\/index.php?rest_route=%2Fwp%2Fv2%2Ftags&post=7127"}],"curies":[{"name":"wp","href":"https:\/\/api.w.org\/{rel}","templated":true}]}}