{"id":7081,"date":"2024-12-24T04:59:13","date_gmt":"2024-12-24T08:59:13","guid":{"rendered":"https:\/\/agromt.news\/?p=7081"},"modified":"2024-12-24T04:59:13","modified_gmt":"2024-12-24T08:59:13","slug":"chuvas-impulsionam-producao-de-pastagens","status":"publish","type":"post","link":"https:\/\/agromt.news\/?p=7081","title":{"rendered":"Chuvas impulsionam produ\u00e7\u00e3o de pastagens"},"content":{"rendered":"<p> <br \/>\n<\/p>\n<div>\n<p style=\"text-align:justify\">A produ\u00e7\u00e3o de <a href=\"https:\/\/www.agrolink.com.br\/culturas\/pastagens?utm_source=agrolink-detalhe-noticia&amp;utm_medium=detalhe-noticia&amp;utm_campaign=links-internos\" target=\"_blank\" rel=\"noopener\">pastagens<\/a> no Rio Grande do Sul apresentou resultados positivos em diversas regi\u00f5es, impulsionada por chuvas regulares e temperaturas favor\u00e1veis, conforme aponta o Informativo Conjuntural divulgado pela Emater\/RS-Ascar na \u00faltima quinta-feira (19).&#13;\n<\/p>\n<p style=\"text-align:justify\">Na regi\u00e3o administrativa de Iju\u00ed, a umidade constante no solo favoreceu a aplica\u00e7\u00e3o de fertilizantes em cobertura, promovendo crescimento vigoroso das plantas e aumento na produ\u00e7\u00e3o de massa verde e forragem de qualidade.<\/p>\n<p style=\"text-align:justify\">Em Passo Fundo, o campo nativo apresenta excelente crescimento, impulsionado pela combina\u00e7\u00e3o de fotoper\u00edodo favor\u00e1vel e chuvas recentes. No entanto, a presen\u00e7a de caraguat\u00e1 se intensificou, levando os produtores a iniciarem ro\u00e7adas para controle de invasoras e preserva\u00e7\u00e3o da qualidade do pasto.<\/p>\n<p style=\"text-align:justify\">Na regi\u00e3o de Pelotas, as pastagens de ver\u00e3o, tanto anuais quanto perenes, apresentam bom desenvolvimento, garantindo oferta de forragem para bovinos de leite, corte e ovinos. J\u00e1 em Porto Alegre, as chuvas recentes proporcionaram recupera\u00e7\u00e3o da umidade do solo, favorecendo a brota\u00e7\u00e3o e o crescimento de pastagens nativas e cultivadas.&#13;\n<\/p>\n<p style=\"text-align:justify\">Na regi\u00e3o de Santa Maria, os produtores mant\u00eam o foco no aperfei\u00e7oamento do campo nativo com pr\u00e1ticas como ro\u00e7adas e aduba\u00e7\u00e3o, visando ampliar a oferta de forragem e fortalecer a capacidade de recupera\u00e7\u00e3o das pastagens.<\/p>\n<p style=\"text-align:justify\">J\u00e1 em Santa Rosa, a irregularidade e o baixo volume de chuvas no per\u00edodo levaram os produtores a retomar a gradagem e a semeadura de esp\u00e9cies como capim-sud\u00e3o e milheto, garantindo a produ\u00e7\u00e3o de forragem para os meses de janeiro e fevereiro.<\/p>\n<p style=\"text-align:justify\">Na regi\u00e3o de Soledade, as condi\u00e7\u00f5es clim\u00e1ticas favor\u00e1veis favoreceram o rebrote de pastagens perenes e campos nativos, consolidando a recupera\u00e7\u00e3o das \u00e1reas cultivadas e oferecendo suporte para a manuten\u00e7\u00e3o dos rebanhos.<\/p>\n<p style=\"text-align:justify\">A combina\u00e7\u00e3o entre clima est\u00e1vel, chuvas regulares e investimentos em manejo refor\u00e7a a expectativa de manuten\u00e7\u00e3o do crescimento das pastagens ao longo do ver\u00e3o, garantindo suporte alimentar para os rebanhos e contribuindo para a produtividade na pecu\u00e1ria.<\/p>\n<\/p><\/div>\n<p><script data-cfasync=\"false\">\n    !function (f, b, e, v, n, t, s) {\n        if (f.fbq) return; n = f.fbq = function () {\n            n.callMethod ?\n                n.callMethod.apply(n, arguments) : n.queue.push(arguments)\n        };\n        if (!f._fbq) f._fbq = n; n.push = n; n.loaded = !0; n.version = '2.0';\n        n.queue = []; t = b.createElement(e); t.async = !0;\n        t.src = v; s = b.getElementsByTagName(e)[0];\n        s.parentNode.insertBefore(t, s)\n    }(window, document, 'script',\n        'https:\/\/connect.facebook.net\/en_US\/fbevents.js');\n    fbq('init', '522546078623747');\n    fbq('track', 'PageView');\n<\/script><br \/>\n<br \/><br \/>\n<br \/><a href=\"https:\/\/www.agrolink.com.br\/noticias\/chuvas-impulsionam-producao-de-pastagens_497894.html\">Source link <\/a><\/p>\n","protected":false},"excerpt":{"rendered":"<p>A produ\u00e7\u00e3o de pastagens no Rio Grande do Sul apresentou resultados positivos em diversas regi\u00f5es, impulsionada por chuvas regulares e<\/p>\n","protected":false},"author":1,"featured_media":7082,"comment_status":"open","ping_status":"open","sticky":false,"template":"","format":"standard","meta":{"_monsterinsights_skip_tracking":false,"_monsterinsights_sitenote_active":false,"_monsterinsights_sitenote_note":"","_monsterinsights_sitenote_category":0,"_uf_show_specific_survey":0,"_uf_disable_surveys":false,"footnotes":""},"categories":[8,1,14],"tags":[],"class_list":["post-7081","post","type-post","status-publish","format-standard","has-post-thumbnail","hentry","category-agro","category-news","category-politica-agro"],"_links":{"self":[{"href":"https:\/\/agromt.news\/index.php?rest_route=\/wp\/v2\/posts\/7081"}],"collection":[{"href":"https:\/\/agromt.news\/index.php?rest_route=\/wp\/v2\/posts"}],"about":[{"href":"https:\/\/agromt.news\/index.php?rest_route=\/wp\/v2\/types\/post"}],"author":[{"embeddable":true,"href":"https:\/\/agromt.news\/index.php?rest_route=\/wp\/v2\/users\/1"}],"replies":[{"embeddable":true,"href":"https:\/\/agromt.news\/index.php?rest_route=%2Fwp%2Fv2%2Fcomments&post=7081"}],"version-history":[{"count":0,"href":"https:\/\/agromt.news\/index.php?rest_route=\/wp\/v2\/posts\/7081\/revisions"}],"wp:featuredmedia":[{"embeddable":true,"href":"https:\/\/agromt.news\/index.php?rest_route=\/wp\/v2\/media\/7082"}],"wp:attachment":[{"href":"https:\/\/agromt.news\/index.php?rest_route=%2Fwp%2Fv2%2Fmedia&parent=7081"}],"wp:term":[{"taxonomy":"category","embeddable":true,"href":"https:\/\/agromt.news\/index.php?rest_route=%2Fwp%2Fv2%2Fcategories&post=7081"},{"taxonomy":"post_tag","embeddable":true,"href":"https:\/\/agromt.news\/index.php?rest_route=%2Fwp%2Fv2%2Ftags&post=7081"}],"curies":[{"name":"wp","href":"https:\/\/api.w.org\/{rel}","templated":true}]}}