{"id":7079,"date":"2024-12-24T04:20:12","date_gmt":"2024-12-24T08:20:12","guid":{"rendered":"https:\/\/agromt.news\/?p=7079"},"modified":"2024-12-24T04:20:12","modified_gmt":"2024-12-24T08:20:12","slug":"frente-fria-estacionada-provoca-muita-chuva-veja-a-previsao-do-tempo","status":"publish","type":"post","link":"https:\/\/agromt.news\/?p=7079","title":{"rendered":"Frente fria estacionada provoca muita chuva; veja a previs\u00e3o do tempo"},"content":{"rendered":"<p> <br \/>\n<br \/><img decoding=\"async\" src=\"https:\/\/agromt.news\/wp-content\/uploads\/2024\/12\/Frente-fria-estacionada-provoca-muita-chuva-veja-a-previsao-do.jpg\" \/><\/p>\n<div>\n<p>Confira a previs\u00e3o do tempo para todas as regi\u00f5es do Brasil nesta ter\u00e7a-feira (24), v\u00e9spera de Natal, de acordo com an\u00e1lise da <strong><a href=\"https:\/\/www.canalrural.com.br\/autor\/climatempo\/\">Climatempo<\/a><\/strong>.<\/p>\n<h2 class=\"wp-block-heading\" id=\"h-sul\">Sul<\/h2>\n<p>Os ventos que sopram do oceano em dire\u00e7\u00e3o ao continente continuam favorecendo a forma\u00e7\u00e3o de nuvens carregadas em todo litoral paranaense e catarinense e no norte ga\u00facho. <\/p>\n<p>A previs\u00e3o \u00e9 de chuva em formato de pancadas, com raios e trovoadas, mas sem previs\u00e3o de altos acumulados. <\/p>\n<p>No interior do Paran\u00e1, Santa Catarina e norte e leste do Rio Grande do Sul, a previs\u00e3o \u00e9 de um c\u00e9u mais encoberto, com sol aparecendo entre muitas nuvens e chuva passageira no fim do dia. As demais regi\u00f5es seguem com o tempo ensolarado.<\/p>\n<h2 class=\"wp-block-heading\" id=\"h-sudeste\">Sudeste<\/h2>\n<p>A frente fria continua estacionada na altura da regi\u00e3o, causando muita chuva em Minas Gerais, Esp\u00edrito Santo e grande parte do Rio de Janeiro. A chuva vem com forte intensidade, tamb\u00e9m acompanhada por raios e trovoadas. <\/p>\n<p>No sul de Minas, Tri\u00e2ngulo Mineiro, metade sul do Rio de Janeiro e em grande parte de S\u00e3o Paulo, o sol aparece entre muitas nuvens e a previs\u00e3o \u00e9 de uma chuva mais passageira e pontual, sem altos acumulados. <\/p>\n<p>No litoral paulista e regi\u00e3o metropolitana da capital, a previs\u00e3o \u00e9 para pancadas isoladas de chuva.<\/p>\n<\/div>\n<div>\n<h2 class=\"wp-block-heading\" id=\"h-centro-oeste\">Centro-Oeste<\/h2>\n<p>O fluxo de umidade da regi\u00e3o Norte em dire\u00e7\u00e3o ao Sudeste continua intensificado sobre grande parte do Centro-Oeste. Em Mato Grosso e Goi\u00e1s, a previs\u00e3o \u00e9 de chuva moderada, por vezes forte, com temporais pontuais. N\u00e3o s\u00e3o descartados descargas el\u00e9tricas e ventanias. <\/p>\n<p>Em Mato Grosso do Sul, o sol aparece entre muitas nuvens e a chuva acontece de forma muito espor\u00e1dica e passageira, sem altos acumulados.<\/p>\n<h2 class=\"wp-block-heading\" id=\"h-nordeste\">Nordeste<\/h2>\n<p>\u00c1reas de instabilidades associadas \u00e0 circula\u00e7\u00e3o de ventos, calor e umidade, favorecem a forma\u00e7\u00e3o de nuvens bem fortes. Bem carregadas em todo o Maranh\u00e3o, metade sul do Piau\u00ed e em grande parte da Bahia. \u00c9 uma chuva que cai com intensidade e volumosa. <\/p>\n<p>No sert\u00e3o nordestino, o tempo ainda \u00e9 ensolarado com m\u00e1xima chegando a 37 \u00b0C, enquanto em Salvador e Aracaju, o tempo fica bem ensolarado com chuva apenas passageira no fim da manh\u00e3.<\/p>\n<h2 class=\"wp-block-heading\" id=\"h-norte\">Norte<\/h2>\n<p>A chuva acontece em todos os estados da regi\u00e3o. Os maiores volumes s\u00e3o previstos para Tocantins, sul do Par\u00e1, Amazonas, Acre e Rond\u00f4nia. <\/p>\n<p>No Amap\u00e1 e em Roraima, a chuva \u00e9 mais espor\u00e1dica e isolada, acontecendo entre a madrugada e manh\u00e3. O tempo segue bem abafado e com altas temperaturas.<\/p>\n<\/p><\/div>\n<p><br \/>\n<br \/><a href=\"https:\/\/www.canalrural.com.br\/diversos\/frente-fria-estacionada-provoca-muita-chuva-veja-a-previsao-do-tempo\/\">Source link <\/a><\/p>\n","protected":false},"excerpt":{"rendered":"<p>Confira a previs\u00e3o do tempo para todas as regi\u00f5es do Brasil nesta ter\u00e7a-feira (24), v\u00e9spera de Natal, de acordo com<\/p>\n","protected":false},"author":1,"featured_media":7080,"comment_status":"open","ping_status":"open","sticky":false,"template":"","format":"standard","meta":{"_monsterinsights_skip_tracking":false,"_monsterinsights_sitenote_active":false,"_monsterinsights_sitenote_note":"","_monsterinsights_sitenote_category":0,"_uf_show_specific_survey":0,"_uf_disable_surveys":false,"footnotes":""},"categories":[1],"tags":[],"class_list":["post-7079","post","type-post","status-publish","format-standard","has-post-thumbnail","hentry","category-news"],"_links":{"self":[{"href":"https:\/\/agromt.news\/index.php?rest_route=\/wp\/v2\/posts\/7079"}],"collection":[{"href":"https:\/\/agromt.news\/index.php?rest_route=\/wp\/v2\/posts"}],"about":[{"href":"https:\/\/agromt.news\/index.php?rest_route=\/wp\/v2\/types\/post"}],"author":[{"embeddable":true,"href":"https:\/\/agromt.news\/index.php?rest_route=\/wp\/v2\/users\/1"}],"replies":[{"embeddable":true,"href":"https:\/\/agromt.news\/index.php?rest_route=%2Fwp%2Fv2%2Fcomments&post=7079"}],"version-history":[{"count":0,"href":"https:\/\/agromt.news\/index.php?rest_route=\/wp\/v2\/posts\/7079\/revisions"}],"wp:featuredmedia":[{"embeddable":true,"href":"https:\/\/agromt.news\/index.php?rest_route=\/wp\/v2\/media\/7080"}],"wp:attachment":[{"href":"https:\/\/agromt.news\/index.php?rest_route=%2Fwp%2Fv2%2Fmedia&parent=7079"}],"wp:term":[{"taxonomy":"category","embeddable":true,"href":"https:\/\/agromt.news\/index.php?rest_route=%2Fwp%2Fv2%2Fcategories&post=7079"},{"taxonomy":"post_tag","embeddable":true,"href":"https:\/\/agromt.news\/index.php?rest_route=%2Fwp%2Fv2%2Ftags&post=7079"}],"curies":[{"name":"wp","href":"https:\/\/api.w.org\/{rel}","templated":true}]}}