{"id":7076,"date":"2024-12-24T00:09:35","date_gmt":"2024-12-24T04:09:35","guid":{"rendered":"https:\/\/agromt.news\/?p=7076"},"modified":"2024-12-24T00:09:35","modified_gmt":"2024-12-24T04:09:35","slug":"producao-de-melancias-e-meloes-segue-com-boas-expectativas","status":"publish","type":"post","link":"https:\/\/agromt.news\/?p=7076","title":{"rendered":"Produ\u00e7\u00e3o de melancias e mel\u00f5es segue com boas expectativas"},"content":{"rendered":"<p> <br \/>\n<\/p>\n<div>\n<p style=\"text-align:justify\">A produ\u00e7\u00e3o de melancias e mel\u00f5es no Rio Grande do Sul segue com boas expectativas, conforme apontado pelo Informativo Conjuntural da Emater\/RS-Ascar, divulgado na \u00faltima quinta-feira (19). Apesar de desafios clim\u00e1ticos, as lavouras apresentam boa produtividade, com destaque para os munic\u00edpios de Soledade, Rio Pardo, Pelotas, Santa Maria e Santa Rosa.&#13;\n<\/p>\n<p style=\"text-align:justify\">Na regi\u00e3o de Soledade, a colheita das melancias continua em ritmo satisfat\u00f3rio, impulsionada pelo clima favor\u00e1vel. Em Rio Pardo, os frutos demonstram qualidade e produtividade adequadas, embora as grandes varia\u00e7\u00f5es de temperatura tenham causado abortamento de flores e frutos em algumas lavouras. O retorno das chuvas, em 13 de dezembro, foi essencial para recuperar o crescimento das plantas e melhorar a absor\u00e7\u00e3o de nutrientes.<\/p>\n<p style=\"text-align:justify\">Na regi\u00e3o de Pelotas, as planta\u00e7\u00f5es est\u00e3o na fase inicial de frutifica\u00e7\u00e3o, mas as fortes chuvas e as temperaturas baixas t\u00eam dificultado o avan\u00e7o das culturas. Apesar disso, a safra ainda n\u00e3o foi comprometida. Em Santa Maria, a comercializa\u00e7\u00e3o das melancias j\u00e1 ocorre em S\u00e3o Vicente do Sul, com variedades destacadas como PX 2007, Crimson Sweet e Colt. Os produtores enfrentam baixa incid\u00eancia de doen\u00e7as f\u00fangicas, mas relatam ataques de percevejo-do-mel\u00e3o-de-s\u00e3o-caetano (Leptoglossus gonagra).&#13;\n<\/p>\n<p style=\"text-align:justify\">Em Santa Rosa, o cultivo para autoconsumo est\u00e1 praticamente conclu\u00eddo, com lavouras j\u00e1 em fase de frutifica\u00e7\u00e3o. Os produtores comerciais praticam pre\u00e7os entre R$ 1,50 e R$ 2,00 por quilo, aproveitando a demanda regional.<\/p>\n<p style=\"text-align:justify\">A produ\u00e7\u00e3o de mel\u00f5es na regi\u00e3o administrativa de Santa Rosa tamb\u00e9m apresenta \u00f3timos resultados. Produtores que utilizam o sistema mulching com irriga\u00e7\u00e3o por gotejamento j\u00e1 est\u00e3o em plena colheita, garantindo alta qualidade e produtividade. O pre\u00e7o m\u00e9dio praticado \u00e9 de R$ 5,00\/kg, com comercializa\u00e7\u00e3o regional consolidada.<\/p>\n<\/p><\/div>\n<p><script data-cfasync=\"false\">\n    !function (f, b, e, v, n, t, s) {\n        if (f.fbq) return; n = f.fbq = function () {\n            n.callMethod ?\n                n.callMethod.apply(n, arguments) : n.queue.push(arguments)\n        };\n        if (!f._fbq) f._fbq = n; n.push = n; n.loaded = !0; n.version = '2.0';\n        n.queue = []; t = b.createElement(e); t.async = !0;\n        t.src = v; s = b.getElementsByTagName(e)[0];\n        s.parentNode.insertBefore(t, s)\n    }(window, document, 'script',\n        'https:\/\/connect.facebook.net\/en_US\/fbevents.js');\n    fbq('init', '522546078623747');\n    fbq('track', 'PageView');\n<\/script><br \/>\n<br \/><br \/>\n<br \/><a href=\"https:\/\/www.agrolink.com.br\/noticias\/producao-de-melancias-e-meloes-segue-com-boas-expectativas_497896.html\">Source link <\/a><\/p>\n","protected":false},"excerpt":{"rendered":"<p>A produ\u00e7\u00e3o de melancias e mel\u00f5es no Rio Grande do Sul segue com boas expectativas, conforme apontado pelo Informativo Conjuntural<\/p>\n","protected":false},"author":1,"featured_media":7077,"comment_status":"open","ping_status":"open","sticky":false,"template":"","format":"standard","meta":{"_monsterinsights_skip_tracking":false,"_monsterinsights_sitenote_active":false,"_monsterinsights_sitenote_note":"","_monsterinsights_sitenote_category":0,"_uf_show_specific_survey":0,"_uf_disable_surveys":false,"footnotes":""},"categories":[8,1,14],"tags":[],"class_list":["post-7076","post","type-post","status-publish","format-standard","has-post-thumbnail","hentry","category-agro","category-news","category-politica-agro"],"_links":{"self":[{"href":"https:\/\/agromt.news\/index.php?rest_route=\/wp\/v2\/posts\/7076"}],"collection":[{"href":"https:\/\/agromt.news\/index.php?rest_route=\/wp\/v2\/posts"}],"about":[{"href":"https:\/\/agromt.news\/index.php?rest_route=\/wp\/v2\/types\/post"}],"author":[{"embeddable":true,"href":"https:\/\/agromt.news\/index.php?rest_route=\/wp\/v2\/users\/1"}],"replies":[{"embeddable":true,"href":"https:\/\/agromt.news\/index.php?rest_route=%2Fwp%2Fv2%2Fcomments&post=7076"}],"version-history":[{"count":0,"href":"https:\/\/agromt.news\/index.php?rest_route=\/wp\/v2\/posts\/7076\/revisions"}],"wp:featuredmedia":[{"embeddable":true,"href":"https:\/\/agromt.news\/index.php?rest_route=\/wp\/v2\/media\/7077"}],"wp:attachment":[{"href":"https:\/\/agromt.news\/index.php?rest_route=%2Fwp%2Fv2%2Fmedia&parent=7076"}],"wp:term":[{"taxonomy":"category","embeddable":true,"href":"https:\/\/agromt.news\/index.php?rest_route=%2Fwp%2Fv2%2Fcategories&post=7076"},{"taxonomy":"post_tag","embeddable":true,"href":"https:\/\/agromt.news\/index.php?rest_route=%2Fwp%2Fv2%2Ftags&post=7076"}],"curies":[{"name":"wp","href":"https:\/\/api.w.org\/{rel}","templated":true}]}}