{"id":7033,"date":"2024-12-22T19:12:40","date_gmt":"2024-12-22T23:12:40","guid":{"rendered":"https:\/\/agromt.news\/?p=7033"},"modified":"2024-12-22T19:12:40","modified_gmt":"2024-12-22T23:12:40","slug":"valor-diario-da-exportacao-de-carne-bovina-cai-75-em-dezembro","status":"publish","type":"post","link":"https:\/\/agromt.news\/?p=7033","title":{"rendered":"Valor di\u00e1rio da exporta\u00e7\u00e3o de carne bovina cai 7,5% em dezembro"},"content":{"rendered":"<p> <br \/>\n<\/p>\n<div>\n<p>O mercado brasileiro de boi gordo apresentou pre\u00e7os acomodados para a arroba ao longo da semana e para as exporta\u00e7\u00f5es de carne nos primeiros dias de dezembro. <\/p>\n<p>De acordo com o analista de Safras &amp; Mercado Allan Maia, os frigor\u00edficos conseguiram manter escalas de abate alongadas e seguem operando de forma cadenciada na compra de boi, mantendo o ritmo de neg\u00f3cios bastante lento. <\/p>\n<p>\u201cCom a proximidade do final de ano, o mercado sinaliza perda de liquidez, com um vi\u00e9s de queda nos pre\u00e7os da arroba, a depender da resposta de demanda no atacado\u201d.<\/p>\n<h2 class=\"wp-block-heading\" id=\"h-precos-medios-do-boi-gordo\">Pre\u00e7os m\u00e9dios do boi gordo<\/h2>\n<figure class=\"wp-block-image size-large\"><img fetchpriority=\"high\" decoding=\"async\" width=\"1024\" height=\"681\" alt=\"boi gordo\" class=\"wp-image-2712594\"  data-lazy- src=\"https:\/\/agromt.news\/wp-content\/uploads\/2024\/12\/Valor-diario-da-exportacao-de-carne-bovina-cai-75-em.jpg\"\/><img decoding=\"async\" width=\"1024\" height=\"681\" src=\"https:\/\/agromt.news\/wp-content\/uploads\/2024\/12\/Valor-diario-da-exportacao-de-carne-bovina-cai-75-em.jpg\" alt=\"boi gordo\" class=\"wp-image-2712594\"  \/><figcaption class=\"wp-element-caption\">Foto: Lorran Lima\/Idaf<\/figcaption><\/figure>\n<p>Os pre\u00e7os da arroba do boi gordo na modalidade a prazo nas principais pra\u00e7as de comercializa\u00e7\u00e3o do pa\u00eds estavam assim no dia 19 de dezembro:<\/p>\n<ul class=\"wp-block-list\">\n<li><strong>S\u00e3o Paulo (Capital):<\/strong> R$ 315, est\u00e1vel frente \u00e0 semana passada<\/li>\n<li><strong>Goi\u00e1s (Goi\u00e2nia):<\/strong> \u2013 R$ 300, inalterado na compara\u00e7\u00e3o com a \u00faltima semana<\/li>\n<li><strong>Minas Gerais (Uberaba):<\/strong> R$ 310, queda de 1,59% frente aos R$ 315 praticados na semana passada<\/li>\n<li><strong>Mato Grosso do Sul (Dourados):<\/strong> R$ 315, sem mudan\u00e7as frente \u00e0 \u00faltima semana<\/li>\n<li><strong>Mato Grosso (Cuiab\u00e1):<\/strong> R$ 300, sem mudan\u00e7as frente \u00e0 semana passada<\/li>\n<li><strong>Rond\u00f4nia (Vilhena):<\/strong> R$ 280, inalterado frente \u00e0 \u00faltima semana<\/li>\n<\/ul>\n<\/div>\n<div>\n<h2 class=\"wp-block-heading\" id=\"h-mercado-atacadista\">Mercado atacadista<\/h2>\n<p>O mercado atacadista se deparou com pre\u00e7os mais baixos no decorrer da semana. Segundo Allan Maia, o boi segue perdendo competitividade frente \u00e0s prote\u00ednas de menor pre\u00e7o, como a carne de frango e a su\u00edna, o que contribuiu para o decl\u00ednio nas cota\u00e7\u00f5es.<\/p>\n<p>Os cortes do dianteiro do boi foram negociados a R$ 20,30 por quilo, contra os R$ 20,50 por quilo da semana passada, queda de 0,98%. J\u00e1 os cortes do traseiro do boi recuaram tiveram queda de 0,74%, de R$ 27,00 o quilo para R$ 26,80 por quilo.<\/p>\n<h2 class=\"wp-block-heading\" id=\"h-exportacoes-de-carne-bovina\">Exporta\u00e7\u00f5es de carne bovina<\/h2>\n<p>As exporta\u00e7\u00f5es de carne bovina fresca, congelada ou refrigerada do Brasil renderam US$ 438,372 milh\u00f5es em dezembro (10 dias \u00fateis), com m\u00e9dia di\u00e1ria de US$ 43,837 milh\u00f5es, de acordo com a Secretaria de Com\u00e9rcio Exterior (Secex). <\/p>\n<p>A quantidade total exportada pelo pa\u00eds chegou a 89,335 mil toneladas, com m\u00e9dia di\u00e1ria de 8,933 mil toneladas. O pre\u00e7o m\u00e9dio da tonelada ficou em US$ 4.907,10.<\/p>\n<pre class=\"wp-block-code\"><code>Em rela\u00e7\u00e3o a dezembro de 2023, houve baixa de <strong>7,5%<\/strong> no valor m\u00e9dio di\u00e1rio da exporta\u00e7\u00e3o, queda de 14,3% na quantidade m\u00e9dia di\u00e1ria exportada e avan\u00e7o de 7,9% no pre\u00e7o m\u00e9dio.<\/code><\/pre>\n<\/p><\/div>\n<p><br \/>\n<br \/><a href=\"https:\/\/www.canalrural.com.br\/pecuaria\/valor-diario-da-exportacao-de-carne-bovina-cai-75-em-dezembro\/\">Source link <\/a><\/p>\n","protected":false},"excerpt":{"rendered":"<p>O mercado brasileiro de boi gordo apresentou pre\u00e7os acomodados para a arroba ao longo da semana e para as exporta\u00e7\u00f5es<\/p>\n","protected":false},"author":1,"featured_media":7034,"comment_status":"open","ping_status":"open","sticky":false,"template":"","format":"standard","meta":{"_monsterinsights_skip_tracking":false,"_monsterinsights_sitenote_active":false,"_monsterinsights_sitenote_note":"","_monsterinsights_sitenote_category":0,"_uf_show_specific_survey":0,"_uf_disable_surveys":false,"footnotes":""},"categories":[1],"tags":[],"class_list":["post-7033","post","type-post","status-publish","format-standard","has-post-thumbnail","hentry","category-news"],"_links":{"self":[{"href":"https:\/\/agromt.news\/index.php?rest_route=\/wp\/v2\/posts\/7033"}],"collection":[{"href":"https:\/\/agromt.news\/index.php?rest_route=\/wp\/v2\/posts"}],"about":[{"href":"https:\/\/agromt.news\/index.php?rest_route=\/wp\/v2\/types\/post"}],"author":[{"embeddable":true,"href":"https:\/\/agromt.news\/index.php?rest_route=\/wp\/v2\/users\/1"}],"replies":[{"embeddable":true,"href":"https:\/\/agromt.news\/index.php?rest_route=%2Fwp%2Fv2%2Fcomments&post=7033"}],"version-history":[{"count":0,"href":"https:\/\/agromt.news\/index.php?rest_route=\/wp\/v2\/posts\/7033\/revisions"}],"wp:featuredmedia":[{"embeddable":true,"href":"https:\/\/agromt.news\/index.php?rest_route=\/wp\/v2\/media\/7034"}],"wp:attachment":[{"href":"https:\/\/agromt.news\/index.php?rest_route=%2Fwp%2Fv2%2Fmedia&parent=7033"}],"wp:term":[{"taxonomy":"category","embeddable":true,"href":"https:\/\/agromt.news\/index.php?rest_route=%2Fwp%2Fv2%2Fcategories&post=7033"},{"taxonomy":"post_tag","embeddable":true,"href":"https:\/\/agromt.news\/index.php?rest_route=%2Fwp%2Fv2%2Ftags&post=7033"}],"curies":[{"name":"wp","href":"https:\/\/api.w.org\/{rel}","templated":true}]}}