{"id":7029,"date":"2024-12-22T18:52:15","date_gmt":"2024-12-22T22:52:15","guid":{"rendered":"https:\/\/agromt.news\/?p=7029"},"modified":"2024-12-22T18:52:15","modified_gmt":"2024-12-22T22:52:15","slug":"passageiros-de-aviao-eram-da-familia-de-empresario-que-pilotava-mae-morreu-em-outro-acidente-aereo","status":"publish","type":"post","link":"https:\/\/agromt.news\/?p=7029","title":{"rendered":"passageiros de avi\u00e3o eram da fam\u00edlia de empres\u00e1rio que pilotava; m\u00e3e morreu em outro acidente a\u00e9reo"},"content":{"rendered":"<p> <br \/>\n<br \/><img decoding=\"async\" src=\"https:\/\/agromt.news\/wp-content\/uploads\/2024\/12\/passageiros-de-aviao-eram-da-familia-de-empresario-que-pilotava.png\" \/><\/p>\n<div>\n<p>O empres\u00e1rio Luiz Claudio Galeazzi e sua fam\u00edlia morreram na queda do avi\u00e3o que caiu neste domingo (22), em Gramado, no <strong><a href=\"https:\/\/www.canalrural.com.br\/nacional\/rio-grande-do-sul\/\">Rio Grande do Sul<\/a><\/strong>. Filho do consultor de varejo e ex-diretor do P\u00e3o de A\u00e7\u00facar Claudio Galeazzi, morto em 2023, era tamb\u00e9m o propriet\u00e1rio e piloto da aeronave.<\/p>\n<p>Segundo informa\u00e7\u00f5es da pol\u00edcia civil, estavam no avi\u00e3o 10 pessoas da mesma fam\u00edlia, al\u00e9m de Luiz Claudio, sua mulher, tr\u00eas filhas, a sogra, outro casal e duas crian\u00e7as. <\/p>\n<p>O avi\u00e3o, um turbo\u00e9lice de pequeno porte, caiu por volta das 9 horas na regi\u00e3o da Avenida das Hort\u00eansias, no centro da cidade tur\u00edstica da serra ga\u00facha.<\/p>\n<p>Segundo a concession\u00e1ria que administra o aeroporto de Canela, Luiz Galeazzi e fam\u00edlia tinham viajado na sexta-feira (20), para a cidade ao lado de Gramado. Ele decolou neste domingo do aeroporto local com destino a Jundia\u00ed, no interior de S\u00e3o Paulo.<\/p>\n<p>O pai de Luiz, Claudio Galeazzi, foi um dos maiores profissionais especializados em reorganiza\u00e7\u00e3o e recupera\u00e7\u00e3o de empresas no Brasil. Ele conduziu reestrutura\u00e7\u00f5es de grandes companhias, como o Grupo Estado, em 2002; o P\u00e3o de A\u00e7\u00facar, em 2007; a BRF, em 2013; e a Americanas, no fim dos anos 90.<\/p>\n<\/div>\n<div>\n<p>O empres\u00e1rio fundou a consultoria Galeazzi e Associados, que passou a ser dirigida pelo filho quando ele se afastou do dia a dia para fazer tratamento contra um c\u00e2ncer que o levou \u00e0 morte. Assim como o pai, Luiz Claudio tamb\u00e9m \u00e9 especialista em recupera\u00e7\u00e3o de empresas. Formou-se em administra\u00e7\u00e3o de empresas pela Funda\u00e7\u00e3o Get\u00falio Vargas (FGV).<\/p>\n<h2 class=\"wp-block-heading\" id=\"h-outro-acidente-aereo-na-familia\">Outro acidente a\u00e9reo na fam\u00edlia<\/h2>\n<p>N\u00e3o \u00e9 primeira vez que ocorrem acidentes de avi\u00e3o envolvendo a fam\u00edlia Galeazzi. Em 2010, um bimotor tamb\u00e9m de Luiz Claudio Galeazzi caiu em Iper\u00f3, regi\u00e3o de Sorocaba (SP), pouco depois de levantar voo. A aeronave transportava a sua m\u00e3e Maria Leonor Salgueiro Galeazzi, a \u00fanica passageira, e o piloto Jos\u00e9 Andrei Ferreira dos Santos, que morreram na hora. A m\u00e3e de Luiz Claudio tinha 69 anos.<\/p>\n<p>Em sua p\u00e1gina no LinkedIn, a empresa se apresenta como agente de mudan\u00e7a que ajuda empresas na gera\u00e7\u00e3o de valor dos seus neg\u00f3cios. \u201cAcreditamos que empresas bem geridas geram mais valor para acionistas e sociedade como um todo\u201d, diz, na p\u00e1gina.<\/p>\n<h2 class=\"wp-block-heading\" id=\"h-empresa-emite-nota\">Empresa emite nota<\/h2>\n<p>\u201cLuiz Galeazzi ser\u00e1 eternamente lembrado por sua dedica\u00e7\u00e3o \u00e0 fam\u00edlia e por sua not\u00e1vel trajet\u00f3ria como l\u00edder da Galeazzi &amp; Associados\u201d, afirmou a empresa atrav\u00e9s de nota. A consultoria tamb\u00e9m agradeceu \u00e0s manifesta\u00e7\u00f5es de pesar, e se solidarizou com outras pessoas afetadas pelo acidente na regi\u00e3o.<\/p>\n<p>A Galeazzi disse ainda que reafirma o compromisso em acompanhar as investiga\u00e7\u00f5es sobre o acidente, e que todos os registros e autoriza\u00e7\u00f5es da aeronave estavam \u201cdevidamente em ordem\u201d. \u201cPedimos respeitosamente que o direito \u00e0 privacidade da fam\u00edlia seja respeitado neste momento t\u00e3o delicado.\u201d<\/p>\n<\/p><\/div>\n<p><br \/>\n<br \/><a href=\"https:\/\/www.canalrural.com.br\/diversos\/gramado-passageiros-de-aviao-eram-da-familia-de-empresario-que-pilotava-mae-morreu-em-outro-acidente-aereo\/\">Source link <\/a><\/p>\n","protected":false},"excerpt":{"rendered":"<p>O empres\u00e1rio Luiz Claudio Galeazzi e sua fam\u00edlia morreram na queda do avi\u00e3o que caiu neste domingo (22), em Gramado,<\/p>\n","protected":false},"author":1,"featured_media":7030,"comment_status":"open","ping_status":"open","sticky":false,"template":"","format":"standard","meta":{"_monsterinsights_skip_tracking":false,"_monsterinsights_sitenote_active":false,"_monsterinsights_sitenote_note":"","_monsterinsights_sitenote_category":0,"_uf_show_specific_survey":0,"_uf_disable_surveys":false,"footnotes":""},"categories":[1],"tags":[],"class_list":["post-7029","post","type-post","status-publish","format-standard","has-post-thumbnail","hentry","category-news"],"_links":{"self":[{"href":"https:\/\/agromt.news\/index.php?rest_route=\/wp\/v2\/posts\/7029"}],"collection":[{"href":"https:\/\/agromt.news\/index.php?rest_route=\/wp\/v2\/posts"}],"about":[{"href":"https:\/\/agromt.news\/index.php?rest_route=\/wp\/v2\/types\/post"}],"author":[{"embeddable":true,"href":"https:\/\/agromt.news\/index.php?rest_route=\/wp\/v2\/users\/1"}],"replies":[{"embeddable":true,"href":"https:\/\/agromt.news\/index.php?rest_route=%2Fwp%2Fv2%2Fcomments&post=7029"}],"version-history":[{"count":0,"href":"https:\/\/agromt.news\/index.php?rest_route=\/wp\/v2\/posts\/7029\/revisions"}],"wp:featuredmedia":[{"embeddable":true,"href":"https:\/\/agromt.news\/index.php?rest_route=\/wp\/v2\/media\/7030"}],"wp:attachment":[{"href":"https:\/\/agromt.news\/index.php?rest_route=%2Fwp%2Fv2%2Fmedia&parent=7029"}],"wp:term":[{"taxonomy":"category","embeddable":true,"href":"https:\/\/agromt.news\/index.php?rest_route=%2Fwp%2Fv2%2Fcategories&post=7029"},{"taxonomy":"post_tag","embeddable":true,"href":"https:\/\/agromt.news\/index.php?rest_route=%2Fwp%2Fv2%2Ftags&post=7029"}],"curies":[{"name":"wp","href":"https:\/\/api.w.org\/{rel}","templated":true}]}}