{"id":7025,"date":"2024-12-22T14:36:48","date_gmt":"2024-12-22T18:36:48","guid":{"rendered":"https:\/\/agromt.news\/?p=7025"},"modified":"2024-12-22T14:36:48","modified_gmt":"2024-12-22T18:36:48","slug":"projeto-supre-renda-de-produtores-de-acai-do-maranhao-durante-entressafra-paraense","status":"publish","type":"post","link":"https:\/\/agromt.news\/?p=7025","title":{"rendered":"Projeto supre renda de produtores de a\u00e7a\u00ed do Maranh\u00e3o durante entressafra paraense"},"content":{"rendered":"<p> <br \/>\n<\/p>\n<div>\n<p>A introdu\u00e7\u00e3o de uma Unidade de Refer\u00eancia Tecnol\u00f3gica (URT) para o manejo sustent\u00e1vel de a\u00e7aizais nativos est\u00e1 transformando a produ\u00e7\u00e3o de a\u00e7a\u00ed em terras altas em Amap\u00e1 do Maranh\u00e3o, na regi\u00e3o do Alto Tur\u00ed\/Gurupi, no Maranh\u00e3o. <\/p>\n<p>A \u00e1rea \u00e9 formada por 13 munic\u00edpios e responde por 66% do a\u00e7a\u00ed comercializado naquele estado, de acordo com dados do Instituto Brasileiro de Geografia e Estat\u00edstica (IBGE).<\/p>\n<p>Liderado pela\u00a0Embrapa Cocais, o projeto \u00e9 uma resposta \u00e0 degrada\u00e7\u00e3o dos a\u00e7aizais locais causada pela falta de manejo e oferece novas oportunidades para pequenos produtores.<\/p>\n<p>O trabalho de transfer\u00eancia da tecnologia de manejo de a\u00e7a\u00ed nativo na regi\u00e3o foi um grande desafio para a equipe do projeto, j\u00e1 que as forma\u00e7\u00f5es das plantas nativas da regi\u00e3o n\u00e3o ocorrem em \u00e1reas de v\u00e1rzeas, mas em terras altas, formando maci\u00e7os de\u00a0euterpe oler\u00e1cea\u00a0associados a outras esp\u00e9cies florestais.<\/p>\n<h2 class=\"wp-block-heading\" id=\"h-degradacao-ambiental\">Degrada\u00e7\u00e3o ambiental<\/h2>\n<p>Historicamente adaptada \u00e0s v\u00e1rzeas, a tecnologia de manejo do a\u00e7a\u00ed precisou ser ajustada para os a\u00e7aizais de terras altas, que predominam na Pr\u00e9-Amaz\u00f4nia Maranhense. <\/p>\n<p>A degrada\u00e7\u00e3o ambiental, resultado da explora\u00e7\u00e3o madeireira e do avan\u00e7o das pastagens, reduziu a produtividade das palmeiras nativas. Essa queda coincidiu com a alta demanda por a\u00e7a\u00ed, especialmente na entressafra do Par\u00e1, o que tornou a recupera\u00e7\u00e3o desses maci\u00e7os uma prioridade econ\u00f4mica e ambiental.\u00a0<\/p>\n<p>A instala\u00e7\u00e3o da unidade de refer\u00eancia tecnol\u00f3gica de manejo de a\u00e7a\u00ed nativo no Maranh\u00e3o foi precedida de estudo para ajudar na decis\u00e3o de qual melhor local de sua instala\u00e7\u00e3o, haja vista que o a\u00e7a\u00ed ocorre na maioria dos munic\u00edpios que fazem parte da regi\u00e3o da Pr\u00e9-Amaz\u00f4nia maranhense.<\/p>\n<h3 class=\"wp-block-heading\" id=\"h-entressafra-paraense\"><strong>Entressafra paraense<\/strong><\/h3>\n<p>No entanto, esse a\u00e7a\u00ed\u00a0tem despertado interesse dos produtores para recupera\u00e7\u00e3o devido \u00e0 alta demanda de frutos, principalmente no per\u00edodo da entressafra da produ\u00e7\u00e3o do Par\u00e1, \u00e9poca em que os pre\u00e7os atingem a maior alta. <\/p>\n<p>Essa realidade tem contribu\u00eddo para que esses a\u00e7aizais improdutivos sejam vistos como uma oportunidade para gera\u00e7\u00e3o de renda com a ado\u00e7\u00e3o da tecnologia de manejo de a\u00e7aizais nativos.<\/p>\n<p>O projeto envolveu capacita\u00e7\u00f5es pr\u00e1ticas para t\u00e9cnicos e extrativistas. Em uma \u00e1rea inicial de 0,25 hectare, os participantes aprenderam a limpar o terreno, inventariar esp\u00e9cies e elaborar planos de manejo que inclu\u00edam a sele\u00e7\u00e3o e o corte de touceiras para melhorar a produtividade.<\/p>\n<\/div>\n<div>\n<p>O agricultor familiar Lauro Paiva n\u00e3o apenas implementou as pr\u00e1ticas em sua propriedade, como se tornou um multiplicador da tecnologia, atraindo outros produtores interessados em replicar o modelo. Por iniciativa pr\u00f3pria, Paiva ampliou a \u00e1rea para 7 hectares.<\/p>\n<h3 class=\"wp-block-heading\" id=\"h-recuperacao-ambiental\"><strong>Recupera\u00e7\u00e3o ambiental<\/strong><\/h3>\n<figure class=\"wp-block-image size-large\"><img fetchpriority=\"high\" decoding=\"async\" width=\"1024\" height=\"683\" alt=\"a\u00e7a\u00ed\" class=\"wp-image-4036995\"  data-lazy- src=\"https:\/\/agromt.news\/wp-content\/uploads\/2024\/12\/Projeto-supre-renda-de-produtores-de-acai-do-Maranhao-durante.jpeg\"\/><img decoding=\"async\" width=\"1024\" height=\"683\" src=\"https:\/\/agromt.news\/wp-content\/uploads\/2024\/12\/Projeto-supre-renda-de-produtores-de-acai-do-Maranhao-durante.jpeg\" alt=\"a\u00e7a\u00ed\" class=\"wp-image-4036995\"  \/><figcaption class=\"wp-element-caption\">Foto: Ronaldo Rosa<\/figcaption><\/figure>\n<p>Al\u00e9m de recuperar a produtividade dos a\u00e7aizais, o projeto promoveu a\u00e7\u00f5es de restaura\u00e7\u00e3o ambiental. Com sementes coletadas na \u00e1rea manejada, um viveiro\u00a0foi constru\u00eddo para produzir cerca de <strong>4 mil mudas<\/strong> de esp\u00e9cies florestais nativas que ser\u00e3o usadas para proteger a borda da \u00e1rea manejada e atender outros produtores interessados em fazer a restaura\u00e7\u00e3o florestal.<\/p>\n<p>Uma estrat\u00e9gia usada pela equipe foi buscar parcerias institucionais nas esferas municipal e estadual com as equipes t\u00e9cnicas das secretarias municipais de <strong><a href=\"https:\/\/www.canalrural.com.br\/agricultura\/\">agricultura<\/a><\/strong> e o \u00f3rg\u00e3o estadual de extens\u00e3o rural, visando integrar as atividades dessas institui\u00e7\u00f5es ao trabalho da implanta\u00e7\u00e3o da URT, assim como da capacita\u00e7\u00e3o e forma\u00e7\u00e3o de multiplicadores na tecnologia de manejo de a\u00e7a\u00ed nativo.\u00a0<\/p>\n<p>A escolha da propriedade onde est\u00e1 instalada a URT foi feita de forma participativa, com crit\u00e9rios claros e a participa\u00e7\u00e3o dos representantes dos munic\u00edpios. Ap\u00f3s a visita t\u00e9cnica aos produtores previamente selecionados pelos munic\u00edpios, a equipe elaborou uma matriz l\u00f3gica com crit\u00e9rios e pesos diferentes para ajudar na decis\u00e3o da escolha do agricultor onde seriam desenvolvidas as atividades de instala\u00e7\u00e3o da URT, assim como das capacita\u00e7\u00f5es.<\/p>\n<p>\u201cNosso parceiro, o senhor Lauro Paiva, tem sido refer\u00eancia na divulga\u00e7\u00e3o dos trabalhos que est\u00e3o sendo realizados pela Embrapa na regi\u00e3o. Outra estrat\u00e9gia adotada foi a integra\u00e7\u00e3o e parceria dos pesquisadores das Unidades da Embrapa envolvidas com a tecnologia de manejo de a\u00e7a\u00ed nativo\u201d, conta o pesquisador da Embrapa Cocais, Jos\u00e9 M\u00e1rio Fraz\u00e3o.<\/p>\n<h2 class=\"wp-block-heading\" id=\"h-manejo-de-acai-de-terra-firme\">Manejo de a\u00e7a\u00ed de terra firme\u00a0<\/h2>\n<p>Agricultores relataram que, se tivessem conhecimento da tecnologia, n\u00e3o teriam transformado \u00e1reas de a\u00e7aizais degradados em pastagem, h\u00e1bito comum de alguns agricultores. \u201cEssa realidade est\u00e1 mudando e seu Lauro se tornou refer\u00eancia na tecnologia de manejo de a\u00e7a\u00ed de terra firme na regi\u00e3o e tem atendido \u00e0s demandas de outros munic\u00edpios para orientar a recupera\u00e7\u00e3o dessas \u00e1reas de a\u00e7a\u00edzais\u201d, acrescenta Fraz\u00e3o. \u00a0<\/p>\n<p>Com vig\u00eancia at\u00e9 2025, a expectativa \u00e9 que os aprendizados dessa URT sirvam como base para publica\u00e7\u00f5es cient\u00edficas e a replica\u00e7\u00e3o da tecnologia em outras regi\u00f5es. Enquanto isso, o manejo <strong><a href=\"https:\/\/www.canalrural.com.br\/sustentabilidade\/\">sustent\u00e1vel<\/a><\/strong> do a\u00e7a\u00ed se consolida como uma alternativa vi\u00e1vel para a gera\u00e7\u00e3o de renda e conserva\u00e7\u00e3o ambiental na Amaz\u00f4nia Maranhense.\u00a0\u00a0<\/p>\n<p>Em janeiro de 2025, a comunidade do Maracan\u00e3 receber\u00e1 uma capacita\u00e7\u00e3o voltada para o manejo e boas pr\u00e1ticas de processamento de a\u00e7a\u00ed. A iniciativa \u00e9 fruto de uma parceria entre a Embrapa e o Instituto de Forma\u00e7\u00e3o, que est\u00e1 auxiliando na sele\u00e7\u00e3o dos produtores participantes.\u00a0 <\/p>\n<p>O projeto, que envolve um acompanhamento t\u00e9cnico cont\u00ednuo, j\u00e1 tem uma \u00e1rea definida e busca o engajamento dos agricultores locais. Como parte do processo, ser\u00e1 formalizado um acordo com os produtores, destacando a import\u00e2ncia do compromisso de longo prazo.\u00a0\u00a0<\/p>\n<p><em>*Sob supervis\u00e3o de Victor Faverin<\/em><\/p>\n<\/p><\/div>\n<p><br \/>\n<br \/><a href=\"https:\/\/www.canalrural.com.br\/agricultura\/projeto-supre-renda-de-produtores-de-acai-do-maranhao-durante-entressafra-paraense\/\">Source link <\/a><\/p>\n","protected":false},"excerpt":{"rendered":"<p>A introdu\u00e7\u00e3o de uma Unidade de Refer\u00eancia Tecnol\u00f3gica (URT) para o manejo sustent\u00e1vel de a\u00e7aizais nativos est\u00e1 transformando a produ\u00e7\u00e3o<\/p>\n","protected":false},"author":1,"featured_media":7026,"comment_status":"open","ping_status":"open","sticky":false,"template":"","format":"standard","meta":{"_monsterinsights_skip_tracking":false,"_monsterinsights_sitenote_active":false,"_monsterinsights_sitenote_note":"","_monsterinsights_sitenote_category":0,"_uf_show_specific_survey":0,"_uf_disable_surveys":false,"footnotes":""},"categories":[1],"tags":[],"class_list":["post-7025","post","type-post","status-publish","format-standard","has-post-thumbnail","hentry","category-news"],"_links":{"self":[{"href":"https:\/\/agromt.news\/index.php?rest_route=\/wp\/v2\/posts\/7025"}],"collection":[{"href":"https:\/\/agromt.news\/index.php?rest_route=\/wp\/v2\/posts"}],"about":[{"href":"https:\/\/agromt.news\/index.php?rest_route=\/wp\/v2\/types\/post"}],"author":[{"embeddable":true,"href":"https:\/\/agromt.news\/index.php?rest_route=\/wp\/v2\/users\/1"}],"replies":[{"embeddable":true,"href":"https:\/\/agromt.news\/index.php?rest_route=%2Fwp%2Fv2%2Fcomments&post=7025"}],"version-history":[{"count":0,"href":"https:\/\/agromt.news\/index.php?rest_route=\/wp\/v2\/posts\/7025\/revisions"}],"wp:featuredmedia":[{"embeddable":true,"href":"https:\/\/agromt.news\/index.php?rest_route=\/wp\/v2\/media\/7026"}],"wp:attachment":[{"href":"https:\/\/agromt.news\/index.php?rest_route=%2Fwp%2Fv2%2Fmedia&parent=7025"}],"wp:term":[{"taxonomy":"category","embeddable":true,"href":"https:\/\/agromt.news\/index.php?rest_route=%2Fwp%2Fv2%2Fcategories&post=7025"},{"taxonomy":"post_tag","embeddable":true,"href":"https:\/\/agromt.news\/index.php?rest_route=%2Fwp%2Fv2%2Ftags&post=7025"}],"curies":[{"name":"wp","href":"https:\/\/api.w.org\/{rel}","templated":true}]}}