{"id":7024,"date":"2024-12-22T14:08:29","date_gmt":"2024-12-22T18:08:29","guid":{"rendered":"https:\/\/agromt.news\/?p=7024"},"modified":"2024-12-22T14:08:29","modified_gmt":"2024-12-22T18:08:29","slug":"semana-comeca-com-alerta-de-chuva-muita-intensa-confira-areas-mais-afetadas","status":"publish","type":"post","link":"https:\/\/agromt.news\/?p=7024","title":{"rendered":"Semana come\u00e7a com alerta de chuva muita intensa; confira \u00e1reas mais afetadas"},"content":{"rendered":"<p> <br \/>\n<br \/><img decoding=\"async\" src=\"https:\/\/agromt.news\/wp-content\/uploads\/2024\/12\/regiao-pode-receber-ate-200-mm-de-chuva-veja-quando.jpg\" \/><\/p>\n<div>\n<p>Esta segunda-feira (23), a pen\u00faltima do ano, ser\u00e1 marcada por muitas pancadas de chuva em quase todo o Brasil. <\/p>\n<p>De acordo com a previs\u00e3o da <strong><a href=\"https:\/\/www.canalrural.com.br\/autor\/climatempo\/\">Climatempo<\/a><\/strong>, grande parte das regi\u00f5es Sudeste, Centro-Oeste e Norte ficam em alerta para chuva forte e volumosa, com potencial para causar transtornos para a popula\u00e7\u00e3o em v\u00e1rios locais.<\/p>\n<p>Os meteorologistas da empresa explicam que a grande disponibilidade de umidade e de calor que existe sobre o Brasil facilita a forma\u00e7\u00e3o de nuvens carregadas, com potencial para a chuva forte. Mas nestas v\u00e9speras do Natal, a organiza\u00e7\u00e3o da Zona de Converg\u00eancia do Atl\u00e2ntico Sul (ZCAS) ser\u00e1 respons\u00e1vel por grande parte da chuva em algumas \u00e1reas do pa\u00eds.<\/p>\n<h2 class=\"wp-block-heading\" id=\"h-sul\">Sul<\/h2>\n<p>A maioria das \u00e1reas do Sul ficam fora dos alertas para chuva forte nesta segunda-feira. Por\u00e9m, o litoral do Paran\u00e1 fica em aten\u00e7\u00e3o para pancadas de chuva com moderada a forte intensidade. <\/p>\n<p>Na grande Curitiba, no Vale do Itaja\u00ed e no litoral de Santa Catarina, a chuva pode ser moderada.<\/p>\n<h2 class=\"wp-block-heading\" id=\"h-sudeste\">Sudeste<\/h2>\n<p>Na regi\u00e3o, o alerta especial \u00e9 para a litoral de S\u00e3o Paulo e sul do Rio de Janeiro, da regi\u00e3o de Peru\u00edbe at\u00e9 Angra dos Reis, onde a chuva frequente e volumosa deve gerar grandes acumulados at\u00e9 o fim do dia, aumentando o risco para alagamentos e at\u00e9 algum deslizamento de terra.<\/p>\n<p>A Climatempo tamb\u00e9m avalia que tamb\u00e9m h\u00e1 perigo em raz\u00e3o da chuva frequente e volumosa na regi\u00e3o serrana e o noroeste do Rio de Janeiro, em \u00e1reas de divisa do Esp\u00edrito Santo com Minas Gerais e na regi\u00e3o mineira do Vale do Rio Doce.<\/p>\n<\/div>\n<div>\n<p>O dia traz alerta para o risco de temporais na regi\u00e3o metropolitana do Rio de Janeiro, na regi\u00e3o dos Lagos, no litoral norte fluminense, no litoral do Esp\u00edrito Santo e no norte capixaba, na Zona da Mata mineira, na grande Belo Horizonte, em todo centro-oeste e noroeste de Minas Gerais e tamb\u00e9m no Vale do Jequitinhonha.<\/p>\n<p>Aten\u00e7\u00e3o para a chuva moderada forte no litoral sul de S\u00e3o Paulo, no Vale do Para\u00edba Paulista, no Sul do estado do Rio (regi\u00e3o de Resende e Volta Redonda), no Sul de Minas e no Tri\u00e2ngulo Mineiro. O norte do estado de S\u00e3o Paulo tamb\u00e9m pode ter pancadas de chuva moderada a forte, mas de forma isolada. Na regi\u00e3o da Grande S\u00e3o Paulo tamb\u00e9m pode chover nesta segunda-feira, mas n\u00e3o h\u00e1 expectativa de chuva forte.<\/p>\n<h2 class=\"wp-block-heading\" id=\"h-centro-oeste\">Centro-Oeste<\/h2>\n<p>O alerta para o risco de temporais na regi\u00e3o neste in\u00edcio de semana vale para o Distrito Federal, quase todas as \u00e1reas de Goi\u00e1s, incluindo a regi\u00e3o de Goi\u00e2nia, e tamb\u00e9m para todo o centro, oeste, leste e norte de Mato Grosso.<\/p>\n<p>Em Cuiab\u00e1 e no sul de Mato Grosso e de Goi\u00e1s, a situa\u00e7\u00e3o \u00e9 de aten\u00e7\u00e3o para pancadas de chuva de moderada a forte intensidade. Em Campo Grande, na regi\u00e3o de Corumb\u00e1 e em todo centro-norte de Mato Grosso do Sul, tamb\u00e9m podem ocorrer pancadas de chuva nesta segunda-feira, mas de forma isolada. N\u00e3o h\u00e1 alertas para as outras \u00e1reas de Mato Grosso do Sul.<\/p>\n<h2 class=\"wp-block-heading\" id=\"h-norte\">Norte<\/h2>\n<p>O alerta para temporais nesta segunda-feira vale para o norte do Tocantins, para a regi\u00e3o de Tucuru\u00ed, no leste do Par\u00e1, no extremo norte do Amap\u00e1, em todo o oeste e sul do Amazonas e tamb\u00e9m para o Acre e Rond\u00f4nia.<\/p>\n<p>Em Roraima, na regi\u00e3o de Macap\u00e1 e em outras \u00e1reas do Amap\u00e1, em Bel\u00e9m, no nordeste do Par\u00e1, no centro-oeste sul paraense, em  todo o Tocantins, em Manaus e em todo o centro, norte e leste do Amazonas, a situa\u00e7\u00e3o \u00e9 de aten\u00e7\u00e3o para pancadas de chuva entre moderadas e fortes, segundo a Climatempo.<\/p>\n<h2 class=\"wp-block-heading\" id=\"h-nordeste\">Nordeste<\/h2>\n<p>Nesta regi\u00e3o, o alerta de temporais vale para o centro sul do Maranh\u00e3o. Nas outras \u00e1reas do Maranh\u00e3o, incluindo S\u00e3o Lu\u00eds, em Teresina e em todo o interior do Piau\u00ed, no oeste da Bahia e na regi\u00e3o do Vale do S\u00e3o Francisco no estado, as pancadas de chuva nesta segunda-feira podem ser de moderadas a fortes.<\/p>\n<\/p><\/div>\n<p><br \/>\n<br \/><a href=\"https:\/\/www.canalrural.com.br\/tempo\/semana-comeca-com-alerta-de-chuva-muita-intensa-confira-areas-mais-afetadas\/\">Source link <\/a><\/p>\n","protected":false},"excerpt":{"rendered":"<p>Esta segunda-feira (23), a pen\u00faltima do ano, ser\u00e1 marcada por muitas pancadas de chuva em quase todo o Brasil. De<\/p>\n","protected":false},"author":1,"featured_media":5955,"comment_status":"open","ping_status":"open","sticky":false,"template":"","format":"standard","meta":{"_monsterinsights_skip_tracking":false,"_monsterinsights_sitenote_active":false,"_monsterinsights_sitenote_note":"","_monsterinsights_sitenote_category":0,"_uf_show_specific_survey":0,"_uf_disable_surveys":false,"footnotes":""},"categories":[1],"tags":[],"class_list":["post-7024","post","type-post","status-publish","format-standard","has-post-thumbnail","hentry","category-news"],"_links":{"self":[{"href":"https:\/\/agromt.news\/index.php?rest_route=\/wp\/v2\/posts\/7024"}],"collection":[{"href":"https:\/\/agromt.news\/index.php?rest_route=\/wp\/v2\/posts"}],"about":[{"href":"https:\/\/agromt.news\/index.php?rest_route=\/wp\/v2\/types\/post"}],"author":[{"embeddable":true,"href":"https:\/\/agromt.news\/index.php?rest_route=\/wp\/v2\/users\/1"}],"replies":[{"embeddable":true,"href":"https:\/\/agromt.news\/index.php?rest_route=%2Fwp%2Fv2%2Fcomments&post=7024"}],"version-history":[{"count":0,"href":"https:\/\/agromt.news\/index.php?rest_route=\/wp\/v2\/posts\/7024\/revisions"}],"wp:featuredmedia":[{"embeddable":true,"href":"https:\/\/agromt.news\/index.php?rest_route=\/wp\/v2\/media\/5955"}],"wp:attachment":[{"href":"https:\/\/agromt.news\/index.php?rest_route=%2Fwp%2Fv2%2Fmedia&parent=7024"}],"wp:term":[{"taxonomy":"category","embeddable":true,"href":"https:\/\/agromt.news\/index.php?rest_route=%2Fwp%2Fv2%2Fcategories&post=7024"},{"taxonomy":"post_tag","embeddable":true,"href":"https:\/\/agromt.news\/index.php?rest_route=%2Fwp%2Fv2%2Ftags&post=7024"}],"curies":[{"name":"wp","href":"https:\/\/api.w.org\/{rel}","templated":true}]}}