{"id":7011,"date":"2024-12-22T10:49:21","date_gmt":"2024-12-22T14:49:21","guid":{"rendered":"https:\/\/agromt.news\/?p=7011"},"modified":"2024-12-22T10:49:21","modified_gmt":"2024-12-22T14:49:21","slug":"aviao-cai-em-gramado-no-rio-grande-do-sul-provocando-incendio","status":"publish","type":"post","link":"https:\/\/agromt.news\/?p=7011","title":{"rendered":"Avi\u00e3o cai em Gramado, no Rio Grande do Sul, provocando inc\u00eandio"},"content":{"rendered":"<p> <br \/>\n<br \/><img decoding=\"async\" src=\"https:\/\/agromt.news\/wp-content\/uploads\/2024\/12\/Aviao-cai-em-Gramado-no-Rio-Grande-do-Sul-provocando.png\" \/><\/p>\n<div>\n<p>Uma avi\u00e3o provalmente de pequeno porte caiu na manh\u00e3 deste domingo (22) em Gramado, Rio Grande do Sul, por volta das 9h30. A queda ocorreu na avenida das Hort\u00eancias, que liga o munic\u00edpio a Canela.<\/p>\n<p>Na queda, a aeronave teria atingido um pr\u00e9dio, uma loja e uma pousada, provocando inc\u00eandio. Na pousada, cerca de 15 pessoas teriam ficado feridas.<\/p>\n<\/div>\n<div>\n<p>O Corpo de Bombeiros, Brigada Militar e Pol\u00edcia Civil foram acionados. Ainda n\u00e3o h\u00e1 informa\u00e7\u00f5es sobre v\u00edtimas fatais.<\/p>\n<\/p><\/div>\n<p><br \/>\n<br \/><a href=\"https:\/\/www.canalrural.com.br\/diversos\/aviao-cai-em-gramado-no-rio-grande-do-sul-provocando-incendio\/\">Source link <\/a><\/p>\n","protected":false},"excerpt":{"rendered":"<p>Uma avi\u00e3o provalmente de pequeno porte caiu na manh\u00e3 deste domingo (22) em Gramado, Rio Grande do Sul, por volta<\/p>\n","protected":false},"author":1,"featured_media":7012,"comment_status":"open","ping_status":"open","sticky":false,"template":"","format":"standard","meta":{"_monsterinsights_skip_tracking":false,"_monsterinsights_sitenote_active":false,"_monsterinsights_sitenote_note":"","_monsterinsights_sitenote_category":0,"_uf_show_specific_survey":0,"_uf_disable_surveys":false,"footnotes":""},"categories":[1],"tags":[],"class_list":["post-7011","post","type-post","status-publish","format-standard","has-post-thumbnail","hentry","category-news"],"_links":{"self":[{"href":"https:\/\/agromt.news\/index.php?rest_route=\/wp\/v2\/posts\/7011"}],"collection":[{"href":"https:\/\/agromt.news\/index.php?rest_route=\/wp\/v2\/posts"}],"about":[{"href":"https:\/\/agromt.news\/index.php?rest_route=\/wp\/v2\/types\/post"}],"author":[{"embeddable":true,"href":"https:\/\/agromt.news\/index.php?rest_route=\/wp\/v2\/users\/1"}],"replies":[{"embeddable":true,"href":"https:\/\/agromt.news\/index.php?rest_route=%2Fwp%2Fv2%2Fcomments&post=7011"}],"version-history":[{"count":0,"href":"https:\/\/agromt.news\/index.php?rest_route=\/wp\/v2\/posts\/7011\/revisions"}],"wp:featuredmedia":[{"embeddable":true,"href":"https:\/\/agromt.news\/index.php?rest_route=\/wp\/v2\/media\/7012"}],"wp:attachment":[{"href":"https:\/\/agromt.news\/index.php?rest_route=%2Fwp%2Fv2%2Fmedia&parent=7011"}],"wp:term":[{"taxonomy":"category","embeddable":true,"href":"https:\/\/agromt.news\/index.php?rest_route=%2Fwp%2Fv2%2Fcategories&post=7011"},{"taxonomy":"post_tag","embeddable":true,"href":"https:\/\/agromt.news\/index.php?rest_route=%2Fwp%2Fv2%2Ftags&post=7011"}],"curies":[{"name":"wp","href":"https:\/\/api.w.org\/{rel}","templated":true}]}}