{"id":7009,"date":"2024-12-22T10:47:36","date_gmt":"2024-12-22T14:47:36","guid":{"rendered":"https:\/\/agromt.news\/?p=7009"},"modified":"2024-12-22T10:47:36","modified_gmt":"2024-12-22T14:47:36","slug":"projecoes-positivas-marcam-safra-de-arroz","status":"publish","type":"post","link":"https:\/\/agromt.news\/?p=7009","title":{"rendered":"Proje\u00e7\u00f5es positivas marcam safra de arroz"},"content":{"rendered":"<p> <br \/>\n<\/p>\n<div>\n<p style=\"text-align:justify\">O \u00faltimo Informativo Conjuntural divulgado pela Emater\/RS-Ascar, nesta quinta-feira (19), destaca o avan\u00e7o da safra de <a href=\"https:\/\/www.agrolink.com.br\/culturas\/arroz\/?utm_source=agrolink-detalhe-noticia&amp;utm_medium=detalhe-noticia&amp;utm_campaign=links-internos\" target=\"_blank\" rel=\"noopener\">arroz<\/a> no Rio Grande do Sul, com condi\u00e7\u00f5es promissoras em diversas regi\u00f5es, embora alguns desafios pontuais persistam. Na regi\u00e3o de Bag\u00e9, na Fronteira Oeste, o per\u00edodo de estiagem at\u00e9 13 de dezembro permitiu a conclus\u00e3o da semeadura em munic\u00edpios como Alegrete, Itaqui e S\u00e3o Gabriel. Com barragens em capacidade plena e estande de lavouras satisfat\u00f3rio, as proje\u00e7\u00f5es s\u00e3o otimistas, apesar de dificuldades no controle de plantas daninhas em \u00e1reas com irriga\u00e7\u00e3o menos uniforme, como nas taipas.&#13;\n<\/p>\n<p style=\"text-align:justify\">Na Campanha, as lavouras semeadas em outubro est\u00e3o entrando em fases fenol\u00f3gicas cr\u00edticas, sens\u00edveis ao frio. Temperaturas abaixo de 10\u00b0C nas primeiras semanas de dezembro t\u00eam gerado apreens\u00e3o entre os produtores.<\/p>\n<p style=\"text-align:justify\">J\u00e1 em Pelotas, com a semeadura conclu\u00edda, os rizicultores avan\u00e7am nos tratos culturais, como irriga\u00e7\u00e3o, aduba\u00e7\u00e3o nitrogenada e controle de ervas daninhas. As lavouras, ainda em est\u00e1gio vegetativo, apresentam excelente desenvolvimento gra\u00e7as \u00e0s condi\u00e7\u00f5es clim\u00e1ticas favor\u00e1veis.&#13;\n<\/p>\n<p style=\"text-align:justify\">Em Santa Maria, o plantio est\u00e1 praticamente finalizado, restando pequenas \u00e1reas marginais. As lavouras encontram-se em desenvolvimento vegetativo, com algumas mais precoces j\u00e1 iniciando a flora\u00e7\u00e3o. Apesar de reservat\u00f3rios incompletos a oeste da regi\u00e3o, os produtores monitoram poss\u00edveis impactos na irriga\u00e7\u00e3o.&#13;\n<\/p>\n<p style=\"text-align:justify\">Na regi\u00e3o de Santa Rosa, as chuvas recentes continuam garantindo condi\u00e7\u00f5es h\u00eddricas para a irriga\u00e7\u00e3o, enquanto temperaturas amenas e maior insola\u00e7\u00e3o favorecem o crescimento das lavouras, atualmente na fase vegetativa.<\/p>\n<p style=\"text-align:justify\">Em Soledade, a semeadura foi conclu\u00edda, e os produtores seguem com aduba\u00e7\u00e3o nitrogenada em cobertura, controle de plantas daninhas e manejo da l\u00e2mina d&#8217;\u00e1gua para otimizar o potencial produtivo.<\/p>\n<p style=\"text-align:justify\">A comercializa\u00e7\u00e3o do arroz registrou recuo no valor m\u00e9dio da saca de 60 quilos, com pre\u00e7o reduzido de R$ 101,34 para R$ 99,08, uma queda de 2,23%, conforme levantamento da Emater\/RS-Ascar.<\/p>\n<\/p><\/div>\n<p><script data-cfasync=\"false\">\n    !function (f, b, e, v, n, t, s) {\n        if (f.fbq) return; n = f.fbq = function () {\n            n.callMethod ?\n                n.callMethod.apply(n, arguments) : n.queue.push(arguments)\n        };\n        if (!f._fbq) f._fbq = n; n.push = n; n.loaded = !0; n.version = '2.0';\n        n.queue = []; t = b.createElement(e); t.async = !0;\n        t.src = v; s = b.getElementsByTagName(e)[0];\n        s.parentNode.insertBefore(t, s)\n    }(window, document, 'script',\n        'https:\/\/connect.facebook.net\/en_US\/fbevents.js');\n    fbq('init', '522546078623747');\n    fbq('track', 'PageView');\n<\/script><br \/>\n<br \/><br \/>\n<br \/><a href=\"https:\/\/www.agrolink.com.br\/noticias\/rs--projecoes-positivas-marcam-safra-de-arroz_497847.html\">Source link <\/a><\/p>\n","protected":false},"excerpt":{"rendered":"<p>O \u00faltimo Informativo Conjuntural divulgado pela Emater\/RS-Ascar, nesta quinta-feira (19), destaca o avan\u00e7o da safra de arroz no Rio Grande<\/p>\n","protected":false},"author":1,"featured_media":7010,"comment_status":"open","ping_status":"open","sticky":false,"template":"","format":"standard","meta":{"_monsterinsights_skip_tracking":false,"_monsterinsights_sitenote_active":false,"_monsterinsights_sitenote_note":"","_monsterinsights_sitenote_category":0,"_uf_show_specific_survey":0,"_uf_disable_surveys":false,"footnotes":""},"categories":[8,1,14],"tags":[],"class_list":["post-7009","post","type-post","status-publish","format-standard","has-post-thumbnail","hentry","category-agro","category-news","category-politica-agro"],"_links":{"self":[{"href":"https:\/\/agromt.news\/index.php?rest_route=\/wp\/v2\/posts\/7009"}],"collection":[{"href":"https:\/\/agromt.news\/index.php?rest_route=\/wp\/v2\/posts"}],"about":[{"href":"https:\/\/agromt.news\/index.php?rest_route=\/wp\/v2\/types\/post"}],"author":[{"embeddable":true,"href":"https:\/\/agromt.news\/index.php?rest_route=\/wp\/v2\/users\/1"}],"replies":[{"embeddable":true,"href":"https:\/\/agromt.news\/index.php?rest_route=%2Fwp%2Fv2%2Fcomments&post=7009"}],"version-history":[{"count":0,"href":"https:\/\/agromt.news\/index.php?rest_route=\/wp\/v2\/posts\/7009\/revisions"}],"wp:featuredmedia":[{"embeddable":true,"href":"https:\/\/agromt.news\/index.php?rest_route=\/wp\/v2\/media\/7010"}],"wp:attachment":[{"href":"https:\/\/agromt.news\/index.php?rest_route=%2Fwp%2Fv2%2Fmedia&parent=7009"}],"wp:term":[{"taxonomy":"category","embeddable":true,"href":"https:\/\/agromt.news\/index.php?rest_route=%2Fwp%2Fv2%2Fcategories&post=7009"},{"taxonomy":"post_tag","embeddable":true,"href":"https:\/\/agromt.news\/index.php?rest_route=%2Fwp%2Fv2%2Ftags&post=7009"}],"curies":[{"name":"wp","href":"https:\/\/api.w.org\/{rel}","templated":true}]}}