{"id":6956,"date":"2024-12-21T03:12:04","date_gmt":"2024-12-21T07:12:04","guid":{"rendered":"https:\/\/agromt.news\/?p=6956"},"modified":"2024-12-21T03:12:04","modified_gmt":"2024-12-21T07:12:04","slug":"clima-favoravel-sustenta-producao-de-mandioca","status":"publish","type":"post","link":"https:\/\/agromt.news\/?p=6956","title":{"rendered":"Clima favor\u00e1vel sustenta produ\u00e7\u00e3o de mandioca"},"content":{"rendered":"<p> <br \/>\n<\/p>\n<div>\n<div class=\"row\">\n<div class=\"col-lg col-infos mt-3 mt-lg-0\">\n<div class=\"section-sub-title\">\n<p itemprop=\"description\">&#13;<br \/>\n                                Bom desempenho das lavouras em v\u00e1rias regi\u00f5es administrativas do estado&#13;\n                            <\/p>\n<\/p><\/div>\n<div class=\"container\">\n<div class=\"row\">\n<div class=\"col-lg p-0\">\n<div>\n<div class=\"block-news-main-infos mt-3 text-start\">\n<p>                                            <strong class=\"fn\" itemprop=\"author\" style=\"color: rgb(112, 112, 112); \">&#13;<br \/>\n                                                <a href=\"https:\/\/www.agrolink.com.br\/noticias\/javascript:;\" class=\"text-uppercase\" target=\"_blank\" style=\"color: rgb(112, 112, 112); \" rel=\"noopener\">Agrolink<\/a>&#13;<br \/>\n&#13;<br \/>\n                                                    &#8211; Seane Lennon&#13;<br \/>\n&#13;<br \/>\n                                            <\/strong><br \/>\n                                        <\/p>\n<p>                                            <abbr><time datetime=\"2024-12-19T18:04\" itemprop=\"datePublished dateModified\">Publicado em 19\/12\/2024 \u00e0s 18:04h.<\/time><\/abbr><br \/>\n                                            <\/p><\/div>\n<\/p><\/div>\n<\/p><\/div>\n<div class=\"col-lg p-0 text-lg-end\">\n<div>\n<div id=\"mdEnviarPagina\" class=\"modal fade\" role=\"dialog\">\n<div class=\"modal-dialog\">\n<div class=\"modal-content\">\n<div class=\"modal-body\">\n<p><strong>Estimado usu\u00e1rio.<\/strong><br \/>Preencha o formul\u00e1rio abaixo para remeter a p\u00e1gina.<\/p>\n<\/p><\/div>\n<\/p><\/div>\n<\/p><\/div>\n<\/div><\/div>\n<\/p><\/div>\n<\/p><\/div>\n<\/p><\/div>\n<\/p><\/div>\n<\/p><\/div>\n<div class=\"row justify-content-md-center mt-3\">\n<div class=\"col-lg-auto col-image  block-news-main-image d-none d-md-block\">\n<p>                            <img decoding=\"async\" src=\"https:\/\/www.agrolink.com.br\/upload\/imagens-resizes\/3ee824b80f72490c8f5592b502935c47_858x483.jpg\" class=\"lazyload \"\/><br \/>\n                                            <span class=\"publicity-photo d-block mt-1\">Foto: Canva<\/span><\/p><\/div>\n<\/p><\/div>\n<div class=\"section-description section-description-noticias mt-3\">\n<p style=\"text-align:justify\">A Emater\/RS-Ascar divulgou na \u00faltima quinta-feira (19) seu Informativo Conjuntural, apontando avan\u00e7os no cultivo e na comercializa\u00e7\u00e3o da mandioca no Rio Grande do Sul. O relat\u00f3rio destaca o bom desempenho das lavouras em v\u00e1rias regi\u00f5es administrativas do estado, impulsionado pelas condi\u00e7\u00f5es clim\u00e1ticas favor\u00e1veis.&#13;\n<\/p>\n<p style=\"text-align:justify\">Na regi\u00e3o de Lajeado, os produtores de S\u00e3o Jos\u00e9 do Hort\u00eancio intensificam os trabalhos de limpeza nas \u00e1reas cultivadas, com expectativa de iniciar a colheita em janeiro. O clima favor\u00e1vel vem garantindo uma produ\u00e7\u00e3o dentro do esperado. Em Cruzeiro do Sul, os cultivos est\u00e3o em pleno desenvolvimento vegetativo, com a\u00e7\u00f5es de capina mec\u00e2nica ou qu\u00edmica para controlar ervas daninhas. A produtividade m\u00e9dia estimada para o munic\u00edpio \u00e9 de 14 toneladas por hectare, um \u00edndice considerado normal.&#13;\n<\/p>\n<p style=\"text-align:justify\">Na regi\u00e3o de Santa Rosa, as lavouras tamb\u00e9m apresentam bom desenvolvimento, beneficiadas pela umidade do solo e temperaturas adequadas. Produtores j\u00e1 iniciaram a colheita de lavouras de mandioca de segundo ano e, caso a umidade diminua, dever\u00e3o intensificar a capina mec\u00e2nica para reduzir o crescimento de plantas espont\u00e2neas.&#13;\n<\/p>\n<p style=\"text-align:justify\">A mandioca descascada tem sido comercializada para mercados varejistas a R$ 6,00\/kg, enquanto nas feiras e vendas diretas ao consumidor o pre\u00e7o varia entre R$ 7,00 e R$ 9,00\/kg.<\/p>\n<\/p><\/div>\n<\/p><\/div>\n<p><script data-cfasync=\"false\">\n    !function (f, b, e, v, n, t, s) {\n        if (f.fbq) return; n = f.fbq = function () {\n            n.callMethod ?\n                n.callMethod.apply(n, arguments) : n.queue.push(arguments)\n        };\n        if (!f._fbq) f._fbq = n; n.push = n; n.loaded = !0; n.version = '2.0';\n        n.queue = []; t = b.createElement(e); t.async = !0;\n        t.src = v; s = b.getElementsByTagName(e)[0];\n        s.parentNode.insertBefore(t, s)\n    }(window, document, 'script',\n        'https:\/\/connect.facebook.net\/en_US\/fbevents.js');\n    fbq('init', '522546078623747');\n    fbq('track', 'PageView');\n<\/script><br \/>\n<br \/><br \/>\n<br \/><a href=\"https:\/\/www.agrolink.com.br\/noticias\/clima-favoravel-sustenta-producao-de-mandioca_497821.html\">Source link <\/a><\/p>\n","protected":false},"excerpt":{"rendered":"<p>&#13; Bom desempenho das lavouras em v\u00e1rias regi\u00f5es administrativas do estado&#13; &#13; Agrolink&#13; &#13; &#8211; Seane Lennon&#13; &#13; Publicado em<\/p>\n","protected":false},"author":1,"featured_media":4356,"comment_status":"open","ping_status":"open","sticky":false,"template":"","format":"standard","meta":{"_monsterinsights_skip_tracking":false,"_monsterinsights_sitenote_active":false,"_monsterinsights_sitenote_note":"","_monsterinsights_sitenote_category":0,"_uf_show_specific_survey":0,"_uf_disable_surveys":false,"footnotes":""},"categories":[8,1,14],"tags":[],"class_list":["post-6956","post","type-post","status-publish","format-standard","has-post-thumbnail","hentry","category-agro","category-news","category-politica-agro"],"_links":{"self":[{"href":"https:\/\/agromt.news\/index.php?rest_route=\/wp\/v2\/posts\/6956"}],"collection":[{"href":"https:\/\/agromt.news\/index.php?rest_route=\/wp\/v2\/posts"}],"about":[{"href":"https:\/\/agromt.news\/index.php?rest_route=\/wp\/v2\/types\/post"}],"author":[{"embeddable":true,"href":"https:\/\/agromt.news\/index.php?rest_route=\/wp\/v2\/users\/1"}],"replies":[{"embeddable":true,"href":"https:\/\/agromt.news\/index.php?rest_route=%2Fwp%2Fv2%2Fcomments&post=6956"}],"version-history":[{"count":0,"href":"https:\/\/agromt.news\/index.php?rest_route=\/wp\/v2\/posts\/6956\/revisions"}],"wp:featuredmedia":[{"embeddable":true,"href":"https:\/\/agromt.news\/index.php?rest_route=\/wp\/v2\/media\/4356"}],"wp:attachment":[{"href":"https:\/\/agromt.news\/index.php?rest_route=%2Fwp%2Fv2%2Fmedia&parent=6956"}],"wp:term":[{"taxonomy":"category","embeddable":true,"href":"https:\/\/agromt.news\/index.php?rest_route=%2Fwp%2Fv2%2Fcategories&post=6956"},{"taxonomy":"post_tag","embeddable":true,"href":"https:\/\/agromt.news\/index.php?rest_route=%2Fwp%2Fv2%2Ftags&post=6956"}],"curies":[{"name":"wp","href":"https:\/\/api.w.org\/{rel}","templated":true}]}}