{"id":6951,"date":"2024-12-20T22:28:34","date_gmt":"2024-12-21T02:28:34","guid":{"rendered":"https:\/\/agromt.news\/?p=6951"},"modified":"2024-12-20T22:28:34","modified_gmt":"2024-12-21T02:28:34","slug":"o-produtor-que-uniu-tecnologia-e-resiliencia","status":"publish","type":"post","link":"https:\/\/agromt.news\/?p=6951","title":{"rendered":"o produtor que uniu tecnologia e resili\u00eancia"},"content":{"rendered":"<p> <br \/>\n<br \/><img decoding=\"async\" src=\"https:\/\/agromt.news\/wp-content\/uploads\/2024\/12\/o-produtor-que-uniu-tecnologia-e-resiliencia.png\" \/><\/p>\n<div>\n<p>A Expedi\u00e7\u00e3o Soja Brasil chegou ao munic\u00edpio de Riach\u00e3o, no Maranh\u00e3o, e conheceu a inspiradora <a href=\"https:\/\/www.canalrural.com.br\/agricultura\/projeto-soja-brasil\/\">hist\u00f3ria <\/a>de Ant\u00eddio Sandri, produtor que superou as dificuldades unindo tecnologia e resili\u00eancia. <\/p>\n<p>Ga\u00facho de Carazinho, Ant\u00eddio foi um dos pioneiros no cultivo de soja no cerrado maranhense. Em 1977, ele se mudou para a regi\u00e3o, atra\u00eddo pela promessa de terras f\u00e9rteis e pela possibilidade de investir na agricultura. No entanto, o caminho n\u00e3o foi f\u00e1cil.<\/p>\n<h2 class=\"wp-block-heading\" id=\"h-os-desafios-do-produtor\"><strong>Os desafios do produtor <\/strong><\/h2>\n<p>Ao chegar, Ant\u00eddio se deparou com solos inadequados para o cultivo de soja. As sementes que trouxe do Rio Grande do Sul n\u00e3o renderam bons resultados, e ele teve que adaptar seus planos. Optou pelo cultivo de arroz, pois a soja n\u00e3o se adaptava ao solo da \u00e9poca. Por\u00e9m, em 1980, a Embrapa iniciou um projeto de pesquisa na regi\u00e3o, focado na adapta\u00e7\u00e3o de variedades de soja. Ant\u00eddio se envolveu e logo obteve sua primeira colheita bem-sucedida, alcan\u00e7ando uma m\u00e9dia de 32 sacas por hectare.<\/p>\n<h2 class=\"wp-block-heading\" id=\"h-transformacao\">Transforma\u00e7\u00e3o <\/h2>\n<p>Com o sucesso da soja adaptada ao clima e solo da regi\u00e3o, Riach\u00e3o se consolidou como um polo agr\u00edcola. De acordo com dados apresentados na Expedi\u00e7\u00e3o Soja Brasil, o munic\u00edpio \u00e9 um dos maiores produtores de soja do Maranh\u00e3o, com uma produ\u00e7\u00e3o de 168 mil toneladas em 2021, conforme dados do Governo do Estado. <\/p>\n<\/div>\n<div>\n<p>A regi\u00e3o, rica em recursos h\u00eddricos, proporcionou a Ant\u00eddio a oportunidade de investir em irriga\u00e7\u00e3o. Hoje, cerca de 30% da propriedade \u00e9 irrigada, o que possibilita a realiza\u00e7\u00e3o de at\u00e9 tr\u00eas safras por ano, cultivando soja, feij\u00e3o e milho.<\/p>\n<h2 class=\"wp-block-heading\" id=\"h-como-o-produtor-assumiu-um-cargo-importante\"><strong>Como o produtor assumiu um cargo importante<\/strong><\/h2>\n<p>Al\u00e9m de seu trabalho no campo, Ant\u00eddio tamb\u00e9m desempenhou um papel importante na organiza\u00e7\u00e3o dos produtores locais. Em 1999, foi um dos fundadores do Sindicato Rural de Balsas, que hoje atende a cerca de 20 munic\u00edpios da regi\u00e3o. O sindicato se tornou um centro de forma\u00e7\u00e3o e apoio, oferecendo cursos de mec\u00e2nica, avia\u00e7\u00e3o agr\u00edcola e outras capacita\u00e7\u00f5es, ajudando os produtores a se desenvolverem em diversos aspectos.<\/p>\n<h2 class=\"wp-block-heading\" id=\"h-o-impacto-do-dolar\"><strong>O impacto do d\u00f3lar <\/strong><\/h2>\n<p>Com a alta do d\u00f3lar, o mercado de soja tem se tornado ainda mais competitivo. A valoriza\u00e7\u00e3o da moeda americana favorece as exporta\u00e7\u00f5es, mas tamb\u00e9m aumenta os custos de produ\u00e7\u00e3o, principalmente com os insumos dolarizados. <\/p>\n<p>O consultor Rafael da Silva Silvana, da Safras e Mercado, destaca que, embora o d\u00f3lar alto favore\u00e7a as vendas externas, \u00e9 necess\u00e1rio analisar outros fatores, como a safra americana e as perspectivas para a soja na Am\u00e9rica do Sul, antes de tomar decis\u00f5es sobre o mercado.<\/p>\n<p>Acompanhe a mat\u00e9ria completa no \u00faltimo epis\u00f3dio do<a href=\"https:\/\/www.canalrural.com.br\/agricultura\/projeto-soja-brasil\/do-plantio-a-colheita-programa-soja-brasil-e-ponto-de-encontro-do-produtor-rural\/\"> Soja Brasil<\/a>:<\/p>\n<figure class=\"wp-block-embed is-type-video is-provider-youtube wp-block-embed-youtube wp-embed-aspect-16-9 wp-has-aspect-ratio\">\n<p>\n<iframe title=\"Ep 27 Projeto de lei de Bioinsumos \u00e9 aprovado\" width=\"800\" height=\"450\" src=\"https:\/\/www.youtube.com\/embed\/Bg5DHj-N7-o?feature=oembed\" frameborder=\"0\" allow=\"accelerometer; autoplay; clipboard-write; encrypted-media; gyroscope; picture-in-picture; web-share\" referrerpolicy=\"strict-origin-when-cross-origin\" allowfullscreen><\/iframe><noscript><iframe title=\"Ep 27 Projeto de lei de Bioinsumos \u00e9 aprovado\" width=\"800\" height=\"450\" src=\"https:\/\/www.youtube.com\/embed\/Bg5DHj-N7-o?feature=oembed\" frameborder=\"0\" allow=\"accelerometer; autoplay; clipboard-write; encrypted-media; gyroscope; picture-in-picture; web-share\" referrerpolicy=\"strict-origin-when-cross-origin\" allowfullscreen><\/iframe><\/noscript>\n<\/p>\n<\/figure><\/div>\n<p><br \/>\n<br \/><a href=\"https:\/\/www.canalrural.com.br\/agricultura\/projeto-soja-brasil\/expedicao-soja-brasil-chega-ao-matopiba-conheca-o-produtor-que-uniu-tecnologia-e-resiliencia\/\">Source link <\/a><\/p>\n","protected":false},"excerpt":{"rendered":"<p>A Expedi\u00e7\u00e3o Soja Brasil chegou ao munic\u00edpio de Riach\u00e3o, no Maranh\u00e3o, e conheceu a inspiradora hist\u00f3ria de Ant\u00eddio Sandri, produtor<\/p>\n","protected":false},"author":1,"featured_media":6952,"comment_status":"open","ping_status":"open","sticky":false,"template":"","format":"standard","meta":{"_monsterinsights_skip_tracking":false,"_monsterinsights_sitenote_active":false,"_monsterinsights_sitenote_note":"","_monsterinsights_sitenote_category":0,"_uf_show_specific_survey":0,"_uf_disable_surveys":false,"footnotes":""},"categories":[1],"tags":[],"class_list":["post-6951","post","type-post","status-publish","format-standard","has-post-thumbnail","hentry","category-news"],"_links":{"self":[{"href":"https:\/\/agromt.news\/index.php?rest_route=\/wp\/v2\/posts\/6951"}],"collection":[{"href":"https:\/\/agromt.news\/index.php?rest_route=\/wp\/v2\/posts"}],"about":[{"href":"https:\/\/agromt.news\/index.php?rest_route=\/wp\/v2\/types\/post"}],"author":[{"embeddable":true,"href":"https:\/\/agromt.news\/index.php?rest_route=\/wp\/v2\/users\/1"}],"replies":[{"embeddable":true,"href":"https:\/\/agromt.news\/index.php?rest_route=%2Fwp%2Fv2%2Fcomments&post=6951"}],"version-history":[{"count":0,"href":"https:\/\/agromt.news\/index.php?rest_route=\/wp\/v2\/posts\/6951\/revisions"}],"wp:featuredmedia":[{"embeddable":true,"href":"https:\/\/agromt.news\/index.php?rest_route=\/wp\/v2\/media\/6952"}],"wp:attachment":[{"href":"https:\/\/agromt.news\/index.php?rest_route=%2Fwp%2Fv2%2Fmedia&parent=6951"}],"wp:term":[{"taxonomy":"category","embeddable":true,"href":"https:\/\/agromt.news\/index.php?rest_route=%2Fwp%2Fv2%2Fcategories&post=6951"},{"taxonomy":"post_tag","embeddable":true,"href":"https:\/\/agromt.news\/index.php?rest_route=%2Fwp%2Fv2%2Ftags&post=6951"}],"curies":[{"name":"wp","href":"https:\/\/api.w.org\/{rel}","templated":true}]}}