{"id":6949,"date":"2024-12-20T21:48:33","date_gmt":"2024-12-21T01:48:33","guid":{"rendered":"https:\/\/agromt.news\/?p=6949"},"modified":"2024-12-20T21:48:33","modified_gmt":"2024-12-21T01:48:33","slug":"regiao-do-cerrado-mineiro-avanca-no-mercado-global-com-leilao-virtual","status":"publish","type":"post","link":"https:\/\/agromt.news\/?p=6949","title":{"rendered":"Regi\u00e3o do Cerrado Mineiro avan\u00e7a no mercado global com leil\u00e3o virtual"},"content":{"rendered":"<p> <br \/>\n<\/p>\n<p>Evento online acontece nos dias 25 e 26 de novembro e conecta produtores a compradores internacionais<\/p>\n<div>\n<p>Com o objetivo de ampliar sua presen\u00e7a no mercado global e refor\u00e7ar a conex\u00e3o direta com consumidores nacionais e internacionais, a Federa\u00e7\u00e3o dos Cafeicultores do Cerrado realizar\u00e1, nos dias 25 e 26 de novembro, o 2\u00ba Leil\u00e3o Virtual de Caf\u00e9 da Regi\u00e3o do Cerrado Mineiro (RCM). A iniciativa destaca a primeira Denomina\u00e7\u00e3o de Origem (DO) de caf\u00e9s no Brasil, reconhecida pela produ\u00e7\u00e3o de gr\u00e3os de alt\u00edssima qualidade.<\/p>\n<p>O leil\u00e3o virtual complementa o Leil\u00e3o Caf\u00e9 Solid\u00e1rio, realizado em 13 de novembro, durante o 12\u00ba Pr\u00eamio da Regi\u00e3o do Cerrado Mineiro, em Uberl\u00e2ndia (MG). No evento, os melhores caf\u00e9s da safra foram premiados e parte dos lotes agora ser\u00e1 ofertada no preg\u00e3o online, proporcionando uma oportunidade para compradores acessarem esses produtos de excel\u00eancia.<\/p>\n<p>Ser\u00e3o comercializados nove lotes de caf\u00e9, divididos em tr\u00eas categorias que evidenciam a diversidade de m\u00e9todos e sabores da regi\u00e3o: Caf\u00e9 Natural, Cereja Descascado e Fermenta\u00e7\u00e3o Induzida. Todos os lotes poder\u00e3o ser adquiridos por meio da plataforma virtual M-Cultivo, permitindo que compradores de v\u00e1rias partes do mundo garantam caf\u00e9s de origem certificada.<\/p>\n<p>De acordo com o diretor executivo da Federa\u00e7\u00e3o dos Cafeicultores do Cerrado, Juliano Tarabal, o evento refor\u00e7a o compromisso com a produ\u00e7\u00e3o sustent\u00e1vel e a entrega de caf\u00e9s de alto padr\u00e3o, alinhados \u00e0s demandas do mercado global. \u201cO leil\u00e3o \u00e9 uma vitrine para o mundo, mostrando a excel\u00eancia dos caf\u00e9s produzidos no Cerrado Mineiro. \u00c9 uma oportunidade \u00fanica para torrefadores e cafeterias renomados experimentarem a riqueza de sabores da nossa regi\u00e3o. Os pre\u00e7os iniciais deste leil\u00e3o virtual s\u00e3o os mesmos do Leil\u00e3o Solid\u00e1rio. Distribu\u00edmos cerca de 50 kits para compradores no Brasil, Estados Unidos, \u00c1sia (Coreia e Dubai) e Europa\u201d, explica Tarabal.<\/p>\n<p><strong>Internacionaliza\u00e7\u00e3o da marca<\/strong><\/p>\n<p>A Regi\u00e3o do Cerrado Mineiro, que re\u00fane aproximadamente 4.500 produtores e \u00e9 respons\u00e1vel por cerca de 14% da produ\u00e7\u00e3o de caf\u00e9 em Minas Gerais, tem apostado na internacionaliza\u00e7\u00e3o como uma forma de agregar valor ao seu produto.<\/p>\n<p>Na edi\u00e7\u00e3o inaugural do leil\u00e3o virtual, realizada em 2023, o evento atraiu compradores dos mercados americano, canadense, europeu e brasileiro, movimentando mais de US$ 49 mil. Este ano, a expectativa \u00e9 superar a marca de 50 compradores internacionais, consolidando a RCM como refer\u00eancia global em caf\u00e9s de alta qualidade.\u00a0<\/p>\n<\/p><\/div>\n<p><script async defer src=\"https:\/\/connect.facebook.net\/en_US\/sdk.js\" type=\"420eb7afd04eec8a5913b081-text\/javascript\"><\/script><script type=\"420eb7afd04eec8a5913b081-text\/javascript\">\n  !function(f,b,e,v,n,t,s)\n  {if(f.fbq)return;n=f.fbq=function(){n.callMethod?\n    n.callMethod.apply(n,arguments):n.queue.push(arguments)};\n    if(!f._fbq)f._fbq=n;n.push=n;n.loaded=!0;n.version='2.0';\n    n.queue=[];t=b.createElement(e);t.async=!0;\n    t.src=v;s=b.getElementsByTagName(e)[0];\n    s.parentNode.insertBefore(t,s)}(window, document,'script',\n    'https:\/\/connect.facebook.net\/en_US\/fbevents.js');\n  fbq('init', '153495679422335');\n  fbq('track', 'PageView');\n<\/script><br \/>\n<br \/><br \/>\n<br \/><a href=\"https:\/\/www.noticiasagricolas.com.br\/noticias\/cafe\/389157-regiao-do-cerrado-mineiro-avanca-no-mercado-global-com-leilao-virtual.html\">Source link <\/a><\/p>\n","protected":false},"excerpt":{"rendered":"<p>Evento online acontece nos dias 25 e 26 de novembro e conecta produtores a compradores internacionais Com o objetivo de<\/p>\n","protected":false},"author":1,"featured_media":6950,"comment_status":"open","ping_status":"open","sticky":false,"template":"","format":"standard","meta":{"_monsterinsights_skip_tracking":false,"_monsterinsights_sitenote_active":false,"_monsterinsights_sitenote_note":"","_monsterinsights_sitenote_category":0,"_uf_show_specific_survey":0,"_uf_disable_surveys":false,"footnotes":""},"categories":[8,1,14,16],"tags":[],"class_list":["post-6949","post","type-post","status-publish","format-standard","has-post-thumbnail","hentry","category-agro","category-news","category-politica-agro","category-safra"],"_links":{"self":[{"href":"https:\/\/agromt.news\/index.php?rest_route=\/wp\/v2\/posts\/6949"}],"collection":[{"href":"https:\/\/agromt.news\/index.php?rest_route=\/wp\/v2\/posts"}],"about":[{"href":"https:\/\/agromt.news\/index.php?rest_route=\/wp\/v2\/types\/post"}],"author":[{"embeddable":true,"href":"https:\/\/agromt.news\/index.php?rest_route=\/wp\/v2\/users\/1"}],"replies":[{"embeddable":true,"href":"https:\/\/agromt.news\/index.php?rest_route=%2Fwp%2Fv2%2Fcomments&post=6949"}],"version-history":[{"count":0,"href":"https:\/\/agromt.news\/index.php?rest_route=\/wp\/v2\/posts\/6949\/revisions"}],"wp:featuredmedia":[{"embeddable":true,"href":"https:\/\/agromt.news\/index.php?rest_route=\/wp\/v2\/media\/6950"}],"wp:attachment":[{"href":"https:\/\/agromt.news\/index.php?rest_route=%2Fwp%2Fv2%2Fmedia&parent=6949"}],"wp:term":[{"taxonomy":"category","embeddable":true,"href":"https:\/\/agromt.news\/index.php?rest_route=%2Fwp%2Fv2%2Fcategories&post=6949"},{"taxonomy":"post_tag","embeddable":true,"href":"https:\/\/agromt.news\/index.php?rest_route=%2Fwp%2Fv2%2Ftags&post=6949"}],"curies":[{"name":"wp","href":"https:\/\/api.w.org\/{rel}","templated":true}]}}