{"id":6947,"date":"2024-12-20T21:05:53","date_gmt":"2024-12-21T01:05:53","guid":{"rendered":"https:\/\/agromt.news\/?p=6947"},"modified":"2024-12-20T21:05:53","modified_gmt":"2024-12-21T01:05:53","slug":"seguros-agricolas-podem-ser-salvacao","status":"publish","type":"post","link":"https:\/\/agromt.news\/?p=6947","title":{"rendered":"Seguros agr\u00edcolas podem ser \u201csalva\u00e7\u00e3o\u201d"},"content":{"rendered":"<p> <br \/>\n<\/p>\n<div>\n<div class=\"row\">\n<div class=\"col-lg col-infos mt-3 mt-lg-0\">\n<div class=\"section-sub-title\">\n<p itemprop=\"description\">&#13;<br \/>\n                                \u201cA crise de 2024 evidencia a necessidade de medidas urgentes&#8221;&#13;\n                            <\/p>\n<\/p><\/div>\n<div class=\"container\">\n<div class=\"row\">\n<div class=\"col-lg p-0\">\n<div>\n<div class=\"block-news-main-infos mt-3 text-start\">\n<p>                                            <strong class=\"fn\" itemprop=\"author\" style=\"color: rgb(112, 112, 112); \">&#13;<br \/>\n                                                <a href=\"https:\/\/www.agrolink.com.br\/noticias\/javascript:;\" class=\"text-uppercase\" target=\"_blank\" style=\"color: rgb(112, 112, 112); \" rel=\"noopener\">Agrolink<\/a>&#13;<br \/>\n&#13;<br \/>\n                                                    &#8211; Leonardo Gottems&#13;<br \/>\n&#13;<br \/>\n                                            <\/strong><br \/>\n                                        <\/p>\n<p>                                            <abbr><time datetime=\"2024-12-20T06:24\" itemprop=\"datePublished dateModified\">Publicado em 20\/12\/2024 \u00e0s 06:24h.<\/time><\/abbr><br \/>\n                                            <\/p><\/div>\n<\/p><\/div>\n<\/p><\/div>\n<div class=\"col-lg p-0 text-lg-end\">\n<div>\n<div id=\"mdEnviarPagina\" class=\"modal fade\" role=\"dialog\">\n<div class=\"modal-dialog\">\n<div class=\"modal-content\">\n<div class=\"modal-body\">\n<p><strong>Estimado usu\u00e1rio.<\/strong><br \/>Preencha o formul\u00e1rio abaixo para remeter a p\u00e1gina.<\/p>\n<\/p><\/div>\n<\/p><\/div>\n<\/p><\/div>\n<\/div><\/div>\n<\/p><\/div>\n<\/p><\/div>\n<\/p><\/div>\n<\/p><\/div>\n<\/p><\/div>\n<div class=\"row justify-content-md-center mt-3\">\n<div class=\"col-lg-auto col-image  block-news-main-image d-none d-md-block\">\n<p>                            <img decoding=\"async\" src=\"https:\/\/www.agrolink.com.br\/upload\/imagens-resizes\/7e3d8cc09af242ad885db11f084ab346_858x483.jpg\" class=\"lazyload \" alt=\"\u201cA crise de 2024 evidencia a necessidade de medidas urgentes&quot;\"\/><br \/>\n                                            <span class=\"d-block mt-1\">\u201cA crise de 2024 evidencia a necessidade de medidas urgentes&#8221; &#8211; Foto: Pixabay<\/span><\/p><\/div>\n<\/p><\/div>\n<div class=\"section-description section-description-noticias mt-3\">\n<p>O Brasil enfrenta em 2024 uma crise clim\u00e1tica sem precedentes, com recordes de temperatura e uma seca severa que afeta 59% do territ\u00f3rio nacional, segundo o Cemaden. Intensificada pelo El Ni\u00f1o e pelo aquecimento global, essa situa\u00e7\u00e3o trouxe desafios para o setor energ\u00e9tico, reduzindo os n\u00edveis de reservat\u00f3rios a 50% abaixo da m\u00e9dia hist\u00f3rica e aumentando custos com o acionamento de termel\u00e9tricas. \u00a0&#13;\n<\/p>\n<p>Os impactos ambientais tamb\u00e9m s\u00e3o alarmantes. Biomas como Amaz\u00f4nia, Cerrado e Pantanal sofrem com as piores secas dos \u00faltimos 70 anos, agravando queimadas e comprometendo a biodiversidade. Na sa\u00fade p\u00fablica, altas temperaturas e polui\u00e7\u00e3o afetam popula\u00e7\u00f5es vulner\u00e1veis, especialmente na Amaz\u00f4nia, onde a navega\u00e7\u00e3o fluvial foi prejudicada. \u00a0<\/p>\n<p>O agroneg\u00f3cio sente os efeitos severamente. Culturas como soja, milho e feij\u00e3o registraram quedas de produtividade, impactando pequenos produtores e a pecu\u00e1ria, que enfrenta redu\u00e7\u00e3o de pastagens. Nesse cen\u00e1rio, os seguros agr\u00edcolas emergem como aliados cruciais, oferecendo suporte financeiro em perdas e incentivando pr\u00e1ticas sustent\u00e1veis. \u00a0&#13;\n<\/p>\n<p>\u201cA crise de 2024 evidencia a necessidade de medidas urgentes para mitigar os impactos das mudan\u00e7as clim\u00e1ticas e garantir a sustentabilidade do agroneg\u00f3cio. No entanto, o mercado de seguros agr\u00edcolas no Brasil ainda enfrenta desafios como a baixa penetra\u00e7\u00e3o e o custo elevado, que dificultam o acesso para pequenos produtores\u201d, comenta.<br \/>&#13;<br \/>\n\u00a0<br \/>&#13;<br \/>\n\u201cInvestir em tecnologias agr\u00edcolas mais resilientes, implementar sistemas de alerta precoce, gerir os recursos h\u00eddricos de forma integrada e ampliar o acesso aos seguros agr\u00edcolas s\u00e3o passos fundamentais para enfrentar esses desafios. Somente com a\u00e7\u00f5es concretas ser\u00e1 poss\u00edvel minimizar os impactos futuros, assegurando maior resili\u00eancia e competitividade ao setor agr\u00edcola brasileiro, bem como seguran\u00e7a alimentar e energ\u00e9tica para o pa\u00eds\u201d, conclui.<br \/>&#13;<br \/>\n\u00a0<\/p>\n<\/p><\/div>\n<\/p><\/div>\n<p><script data-cfasync=\"false\">\n    !function (f, b, e, v, n, t, s) {\n        if (f.fbq) return; n = f.fbq = function () {\n            n.callMethod ?\n                n.callMethod.apply(n, arguments) : n.queue.push(arguments)\n        };\n        if (!f._fbq) f._fbq = n; n.push = n; n.loaded = !0; n.version = '2.0';\n        n.queue = []; t = b.createElement(e); t.async = !0;\n        t.src = v; s = b.getElementsByTagName(e)[0];\n        s.parentNode.insertBefore(t, s)\n    }(window, document, 'script',\n        'https:\/\/connect.facebook.net\/en_US\/fbevents.js');\n    fbq('init', '522546078623747');\n    fbq('track', 'PageView');\n<\/script><br \/>\n<br \/><br \/>\n<br \/><a href=\"https:\/\/www.agrolink.com.br\/noticias\/seguros-agricolas-podem-ser--salvacao-_497823.html\">Source link <\/a><\/p>\n","protected":false},"excerpt":{"rendered":"<p>&#13; \u201cA crise de 2024 evidencia a necessidade de medidas urgentes&#8221;&#13; &#13; Agrolink&#13; &#13; &#8211; Leonardo Gottems&#13; &#13; Publicado em<\/p>\n","protected":false},"author":1,"featured_media":3218,"comment_status":"open","ping_status":"open","sticky":false,"template":"","format":"standard","meta":{"_monsterinsights_skip_tracking":false,"_monsterinsights_sitenote_active":false,"_monsterinsights_sitenote_note":"","_monsterinsights_sitenote_category":0,"_uf_show_specific_survey":0,"_uf_disable_surveys":false,"footnotes":""},"categories":[8,1,14],"tags":[],"class_list":["post-6947","post","type-post","status-publish","format-standard","has-post-thumbnail","hentry","category-agro","category-news","category-politica-agro"],"_links":{"self":[{"href":"https:\/\/agromt.news\/index.php?rest_route=\/wp\/v2\/posts\/6947"}],"collection":[{"href":"https:\/\/agromt.news\/index.php?rest_route=\/wp\/v2\/posts"}],"about":[{"href":"https:\/\/agromt.news\/index.php?rest_route=\/wp\/v2\/types\/post"}],"author":[{"embeddable":true,"href":"https:\/\/agromt.news\/index.php?rest_route=\/wp\/v2\/users\/1"}],"replies":[{"embeddable":true,"href":"https:\/\/agromt.news\/index.php?rest_route=%2Fwp%2Fv2%2Fcomments&post=6947"}],"version-history":[{"count":0,"href":"https:\/\/agromt.news\/index.php?rest_route=\/wp\/v2\/posts\/6947\/revisions"}],"wp:featuredmedia":[{"embeddable":true,"href":"https:\/\/agromt.news\/index.php?rest_route=\/wp\/v2\/media\/3218"}],"wp:attachment":[{"href":"https:\/\/agromt.news\/index.php?rest_route=%2Fwp%2Fv2%2Fmedia&parent=6947"}],"wp:term":[{"taxonomy":"category","embeddable":true,"href":"https:\/\/agromt.news\/index.php?rest_route=%2Fwp%2Fv2%2Fcategories&post=6947"},{"taxonomy":"post_tag","embeddable":true,"href":"https:\/\/agromt.news\/index.php?rest_route=%2Fwp%2Fv2%2Ftags&post=6947"}],"curies":[{"name":"wp","href":"https:\/\/api.w.org\/{rel}","templated":true}]}}