{"id":6938,"date":"2024-12-20T12:40:30","date_gmt":"2024-12-20T16:40:30","guid":{"rendered":"https:\/\/agromt.news\/?p=6938"},"modified":"2024-12-20T12:40:30","modified_gmt":"2024-12-20T16:40:30","slug":"as-20h-acompanhe-o-programa-porteira-aberta-empreender-na-tela-do-canal-rural-e-no-youtube","status":"publish","type":"post","link":"https:\/\/agromt.news\/?p=6938","title":{"rendered":"\u00c0s 20h, acompanhe o programa Porteira Aberta Empreender na tela do Canal Rural\u00a0e no YouTube"},"content":{"rendered":"<p> <br \/>\n<\/p>\n<div>\n<p>Com o tema Cr\u00e9dito Consciente, o apresentador Daniel Azevedo, o comentarista Miguel Daoud e a Simone Goldman, consultora de agroneg\u00f3cio do Sebrae, exploraram a varanda de um dos chal\u00e9s da <a href=\"https:\/\/quintadoolivardo.com.br\/\">Quinta do Olivardo, em S\u00e3o Roque<\/a>, interior de S\u00e3o Paulo, para uma prosa.\u00a0<\/p>\n<p>O bate-papo descontra\u00eddo trar\u00e1 informa\u00e7\u00f5es e dicas valiosas para o micro e pequeno produtor rural sobre a import\u00e2ncia de planejar, se capacitar e principalmente buscar cr\u00e9dito quando necess\u00e1rio e de forma consciente.\u00a0\u00a0<\/p>\n<p>Em uma atmosfera que une gastronomia, cultura e imers\u00e3o no campo, o local foi o cen\u00e1rio perfeito para a grava\u00e7\u00e3o do quadro Porteira Finan\u00e7as, apresentado por Ludmila Santana, que trar\u00e1 orienta\u00e7\u00f5es pr\u00e1ticas sobre como planejar a gest\u00e3o de neg\u00f3cios, explorar possibilidades de cr\u00e9dito, entre outras.<\/p>\n<p><a href=\"https:\/\/www.instagram.com\/reel\/DDzQEdiPW_U\/\">Olivardo Saqui,<\/a> dono da propriedade voltada para produ\u00e7\u00e3o de uvas e turismo rural, tamb\u00e9m compartilhou sua inspiradora trajet\u00f3ria de empreendedorismo. Ele tamb\u00e9m destacou a import\u00e2ncia do Sebrae para ajudar na capacita\u00e7\u00e3o no meio rural. A conversa ser\u00e1 um dos destaques da estreia do Porteira Aberta Empreender, <a href=\"https:\/\/www.canalrural.com.br\/empreendedorismo\/vem-ai-porteira-aberta-empreender\/\"><strong>marcada para hoje, sexta-feira,(20), \u00e0s 20h.<\/strong><\/a><\/p>\n<p>Al\u00e9m das entrevistas, o programa contar\u00e1 hist\u00f3rias de produtores rurais relatando experi\u00eancias com o uso do cr\u00e9dito. Afinal o que pode parecer um bom neg\u00f3cio, sem gest\u00e3o e orienta\u00e7\u00e3o, pode virar uma grande d\u00edvida.\u00a0<\/p>\n<p>Queli \u00c1vila, coordenadora da \u00e1rea de projetos do Canal Rural afirma que o espa\u00e7o para a estreia do Porteira Aberta Empreender foi escolhido com muito carinho.\u00a0<\/p>\n<blockquote class=\"wp-block-quote is-layout-flow wp-block-quote-is-layout-flow\">\n<p><strong>\u201cPara o primeiro programa, buscamos um belo cen\u00e1rio, mas que tamb\u00e9m mostrasse que o empreendedorismo rural \u00e9 forte. A propriedade escolhida \u00e9 um exemplo de como o planejamento \u00e9 importante para o sucesso dos neg\u00f3cios. As pr\u00f3ximas grava\u00e7\u00f5es, ser\u00e3o realizadas no est\u00fadio constru\u00eddo especialmente para o Porteira Aberta Empreender.\u201d<\/strong><\/p>\n<\/blockquote>\n<\/div>\n<div>\n<p>Com um belo parreiral, a Quinta do Olivardo conta ainda com um espa\u00e7o tem\u00e1tico conhecido como Vinho dos Mortos. Quando h\u00e1 evento, o local \u00e9 explorado para que o cliente possa enterrar garrafas de vinho para matura\u00e7\u00e3o e desenterr\u00e1-las seis meses depois, com sabor ainda mais apurado.<\/p>\n<p>Matheus Martins, especialista em m\u00eddias digitais, aproveitou a carona com Olivardo para contar essa e muitas outras curiosidades j\u00e1 dispon\u00edveis nas <a href=\"https:\/\/www.instagram.com\/reel\/DDp0Kj-vzZI\/\">redes sociais do Canal Rural<\/a>.\u00a0<\/p>\n<ul class=\"wp-block-list\">\n<li>\u00a0<strong><em>Participe do Porteira Aberta Empreender: envie perguntas, sugest\u00f5es e conte sua hist\u00f3ria de empreendedorismo pelo <\/em><\/strong><a href=\"https:\/\/api.whatsapp.com\/send?phone=5511932796720&amp;PorteiraAbertaEmpreender=SuaMensagem\"><strong><em>WhatsApp<\/em><\/strong><\/a><strong>.<\/strong><\/li>\n<\/ul>\n<blockquote class=\"wp-block-quote is-layout-flow wp-block-quote-is-layout-flow\">\n<p>\u201cA grava\u00e7\u00e3o n\u00e3o apenas marca a estreia do programa, mas tamb\u00e9m refor\u00e7a a proposta do Porteira Aberta Empreender: conectar cultura, neg\u00f3cios e experi\u00eancias, abrindo novas oportunidades para o produtor rural. Que venham os pr\u00f3ximos programas\u201d, finaliza \u00c1vila.<\/p>\n<\/blockquote>\n<p>Acesse <a href=\"http:\/\/Acesse%20AQUI%20e%20assista%20ao%20programa%20no%20YouTube%20ou%20escolha%20na%20programa%C3%A7%C3%A3o%20do%20Canal%20Rural:\">AQUI<\/a> e assista ao programa no YouTube ou sintonize o Canal Rural na TV. Confira os canais dispon\u00edveis:<\/p>\n<figure class=\"wp-block-image size-large\"><img fetchpriority=\"high\" decoding=\"async\" width=\"1024\" height=\"1024\" alt=\"Uma arte com os canais do Canal Rural \" class=\"wp-image-4081080\"  data-lazy- src=\"https:\/\/agromt.news\/wp-content\/uploads\/2024\/12\/As-20h-acompanhe-o-programa-Porteira-Aberta-Empreender-na-tela.png\"\/><img decoding=\"async\" width=\"1024\" height=\"1024\" src=\"https:\/\/agromt.news\/wp-content\/uploads\/2024\/12\/As-20h-acompanhe-o-programa-Porteira-Aberta-Empreender-na-tela.png\" alt=\"Uma arte com os canais do Canal Rural \" class=\"wp-image-4081080\"  \/><figcaption class=\"wp-element-caption\">Venha com a gente empreender<\/figcaption><\/figure>\n<\/p><\/div>\n<p><script async src=\"\/\/www.instagram.com\/embed.js\"><\/script><br \/>\n<br \/><br \/>\n<br \/><a href=\"https:\/\/www.canalrural.com.br\/empreendedorismo\/as-20h-acompanhe-o-programa-porteira-aberta-empreender-na-tela-do-canal-rural-e-no-youtube\/\">Source link <\/a><\/p>\n","protected":false},"excerpt":{"rendered":"<p>Com o tema Cr\u00e9dito Consciente, o apresentador Daniel Azevedo, o comentarista Miguel Daoud e a Simone Goldman, consultora de agroneg\u00f3cio<\/p>\n","protected":false},"author":1,"featured_media":6939,"comment_status":"open","ping_status":"open","sticky":false,"template":"","format":"standard","meta":{"_monsterinsights_skip_tracking":false,"_monsterinsights_sitenote_active":false,"_monsterinsights_sitenote_note":"","_monsterinsights_sitenote_category":0,"_uf_show_specific_survey":0,"_uf_disable_surveys":false,"footnotes":""},"categories":[1],"tags":[],"class_list":["post-6938","post","type-post","status-publish","format-standard","has-post-thumbnail","hentry","category-news"],"_links":{"self":[{"href":"https:\/\/agromt.news\/index.php?rest_route=\/wp\/v2\/posts\/6938"}],"collection":[{"href":"https:\/\/agromt.news\/index.php?rest_route=\/wp\/v2\/posts"}],"about":[{"href":"https:\/\/agromt.news\/index.php?rest_route=\/wp\/v2\/types\/post"}],"author":[{"embeddable":true,"href":"https:\/\/agromt.news\/index.php?rest_route=\/wp\/v2\/users\/1"}],"replies":[{"embeddable":true,"href":"https:\/\/agromt.news\/index.php?rest_route=%2Fwp%2Fv2%2Fcomments&post=6938"}],"version-history":[{"count":0,"href":"https:\/\/agromt.news\/index.php?rest_route=\/wp\/v2\/posts\/6938\/revisions"}],"wp:featuredmedia":[{"embeddable":true,"href":"https:\/\/agromt.news\/index.php?rest_route=\/wp\/v2\/media\/6939"}],"wp:attachment":[{"href":"https:\/\/agromt.news\/index.php?rest_route=%2Fwp%2Fv2%2Fmedia&parent=6938"}],"wp:term":[{"taxonomy":"category","embeddable":true,"href":"https:\/\/agromt.news\/index.php?rest_route=%2Fwp%2Fv2%2Fcategories&post=6938"},{"taxonomy":"post_tag","embeddable":true,"href":"https:\/\/agromt.news\/index.php?rest_route=%2Fwp%2Fv2%2Ftags&post=6938"}],"curies":[{"name":"wp","href":"https:\/\/api.w.org\/{rel}","templated":true}]}}