{"id":6876,"date":"2024-12-19T10:25:29","date_gmt":"2024-12-19T14:25:29","guid":{"rendered":"https:\/\/agromt.news\/?p=6876"},"modified":"2024-12-19T10:25:29","modified_gmt":"2024-12-19T14:25:29","slug":"um-ano-desafiador-para-o-mercado-de-cafe","status":"publish","type":"post","link":"https:\/\/agromt.news\/?p=6876","title":{"rendered":"Um ano desafiador para o mercado de caf\u00e9"},"content":{"rendered":"<p> <br \/>\n<\/p>\n<div>\n<p>De acordo com Bruna Machado, Coffee Trader, em publica\u00e7\u00e3o no LinkedIn, o mercado de caf\u00e9 em 2024 foi marcado por desafios intensos, desde quest\u00f5es clim\u00e1ticas at\u00e9 problemas log\u00edsticos e financeiros. Enquanto muitos armaz\u00e9ns come\u00e7am a encerrar as atividades para as f\u00e9rias coletivas, o setor reflete sobre um ano turbulento, com aprendizados importantes. \u00a0&#13;\n<\/p>\n<p>Entre os principais obst\u00e1culos, a qualidade do caf\u00e9 ficou abaixo das expectativas devido a condi\u00e7\u00f5es clim\u00e1ticas adversas e outros fatores, elevando os pr\u00eamios por caf\u00e9s mais finos. A log\u00edstica tamb\u00e9m foi cr\u00edtica, com recordes de exporta\u00e7\u00e3o e mais de 1,5 milh\u00f5es de sacas de caf\u00e9 retidas nos portos, agravadas pela falta de cont\u00eaineres e atrasos no embarque. \u00a0<\/p>\n<p>\u201cQue o ano foi mega desafiador n\u00e3o precisamos nem discutir. N\u00e3o faltaram obst\u00e1culos em 2024. Desde a colheita e o plantio at\u00e9 os desafios de rendimento, qualidade da bebida, brocas, caf\u00e9s com qualidades inferiores, grinders com problema de OTA e os milhares de problemas log\u00edsticos. Tudo que poderia aconteceu, de tudo um pouco\u201d, comenta.&#13;\n<\/p>\n<p>Al\u00e9m disso, os pre\u00e7os do caf\u00e9 atingiram n\u00edveis hist\u00f3ricos, os mais altos desde 1977, impactando toda a cadeia produtiva e gerando dificuldades financeiras para exportadores, traders, importadores e torradores. Para completar, a implementa\u00e7\u00e3o do EUDR (Regulamento de Deforesta\u00e7\u00e3o da Uni\u00e3o Europeia) trouxe incertezas sobre rastreabilidade e aumento de custos na cadeia produtiva. \u00a0<\/p>\n<p>Apesar dos desafios, Bruna refor\u00e7a a import\u00e2ncia de seguir em frente com sabedoria e zelo, desejando ao setor um pr\u00f3ximo ano mais est\u00e1vel. Para ela, o aprendizado \u00e9 constante, e cada dificuldade \u00e9 uma oportunidade de evolu\u00e7\u00e3o. Afinal, o mercado de caf\u00e9 continua imprevis\u00edvel, mas resiliente.\u00a0&#13;\n<\/p>\n<p>\u201cO que eu posso desejar \u00e9 que, para o pr\u00f3ximo ano, n\u00f3s possamos conseguir respirar com um pouco mais de tranquilidade e com um mercado mais est\u00e1vel. Mas como disse, tudo \u00e9 imprevis\u00edvel. Portanto, o que desejo \u00e9 que todos tenham sabedoria e zelo\u201d, conclui.<br \/>&#13;<br \/>\n\u00a0<\/p>\n<\/p><\/div>\n<p><script data-cfasync=\"false\">\n    !function (f, b, e, v, n, t, s) {\n        if (f.fbq) return; n = f.fbq = function () {\n            n.callMethod ?\n                n.callMethod.apply(n, arguments) : n.queue.push(arguments)\n        };\n        if (!f._fbq) f._fbq = n; n.push = n; n.loaded = !0; n.version = '2.0';\n        n.queue = []; t = b.createElement(e); t.async = !0;\n        t.src = v; s = b.getElementsByTagName(e)[0];\n        s.parentNode.insertBefore(t, s)\n    }(window, document, 'script',\n        'https:\/\/connect.facebook.net\/en_US\/fbevents.js');\n    fbq('init', '522546078623747');\n    fbq('track', 'PageView');\n<\/script><br \/>\n<br \/><br \/>\n<br \/><a href=\"https:\/\/www.agrolink.com.br\/noticias\/um-ano-desafiador-para-o-mercado-de-cafe_497794.html\">Source link <\/a><\/p>\n","protected":false},"excerpt":{"rendered":"<p>De acordo com Bruna Machado, Coffee Trader, em publica\u00e7\u00e3o no LinkedIn, o mercado de caf\u00e9 em 2024 foi marcado por<\/p>\n","protected":false},"author":1,"featured_media":5184,"comment_status":"open","ping_status":"open","sticky":false,"template":"","format":"standard","meta":{"_monsterinsights_skip_tracking":false,"_monsterinsights_sitenote_active":false,"_monsterinsights_sitenote_note":"","_monsterinsights_sitenote_category":0,"_uf_show_specific_survey":0,"_uf_disable_surveys":false,"footnotes":""},"categories":[8,1,14],"tags":[],"class_list":["post-6876","post","type-post","status-publish","format-standard","has-post-thumbnail","hentry","category-agro","category-news","category-politica-agro"],"_links":{"self":[{"href":"https:\/\/agromt.news\/index.php?rest_route=\/wp\/v2\/posts\/6876"}],"collection":[{"href":"https:\/\/agromt.news\/index.php?rest_route=\/wp\/v2\/posts"}],"about":[{"href":"https:\/\/agromt.news\/index.php?rest_route=\/wp\/v2\/types\/post"}],"author":[{"embeddable":true,"href":"https:\/\/agromt.news\/index.php?rest_route=\/wp\/v2\/users\/1"}],"replies":[{"embeddable":true,"href":"https:\/\/agromt.news\/index.php?rest_route=%2Fwp%2Fv2%2Fcomments&post=6876"}],"version-history":[{"count":0,"href":"https:\/\/agromt.news\/index.php?rest_route=\/wp\/v2\/posts\/6876\/revisions"}],"wp:featuredmedia":[{"embeddable":true,"href":"https:\/\/agromt.news\/index.php?rest_route=\/wp\/v2\/media\/5184"}],"wp:attachment":[{"href":"https:\/\/agromt.news\/index.php?rest_route=%2Fwp%2Fv2%2Fmedia&parent=6876"}],"wp:term":[{"taxonomy":"category","embeddable":true,"href":"https:\/\/agromt.news\/index.php?rest_route=%2Fwp%2Fv2%2Fcategories&post=6876"},{"taxonomy":"post_tag","embeddable":true,"href":"https:\/\/agromt.news\/index.php?rest_route=%2Fwp%2Fv2%2Ftags&post=6876"}],"curies":[{"name":"wp","href":"https:\/\/api.w.org\/{rel}","templated":true}]}}