{"id":6865,"date":"2024-12-19T05:18:46","date_gmt":"2024-12-19T09:18:46","guid":{"rendered":"https:\/\/agromt.news\/?p=6865"},"modified":"2024-12-19T05:18:46","modified_gmt":"2024-12-19T09:18:46","slug":"bolsonaro-diz-que-comeca-a-luta-na-pgr-apos-ser-indiciado-por-golpe-de-estado","status":"publish","type":"post","link":"https:\/\/agromt.news\/?p=6865","title":{"rendered":"Bolsonaro diz que &#8220;come\u00e7a a luta&#8221; na PGR ap\u00f3s ser indiciado por golpe de Estado"},"content":{"rendered":"<p> <br \/>\n<\/p>\n<div>\n<div class=\"materia\">\n<p><img decoding=\"async\" alt=\"Logotipo Reuters\" height=\"22\" src=\"https:\/\/cdn.noticiasagricolas.com.br\/dbimagens\/0f687b0f35da9d220b6477534ce7c667.gif\" width=\"71\"\/><\/p>\n<p>\u00a0<\/p>\n<p>(Reuters) &#8211; O ex-presidente Jair Bolsonaro disse em publica\u00e7\u00e3o na rede social X nesta quinta-feira que aguardar\u00e1 seu advogado para tratar do indiciamento feito contra ele pela Pol\u00edcia Federal por tentativa de golpe de Estado, ao mesmo tempo que criticou o ministro Alexandre de Moraes, do Supremo Tribunal Federal (STF), acusando o magistrado de fazer &#8220;tudo o que n\u00e3o diz a lei&#8221;.<\/p>\n<p>&#8220;O ministro Alexandre de Moraes conduz todo o inqu\u00e9rito, ajusta depoimentos, prende sem den\u00fancia, faz pesca probat\u00f3ria e tem uma assessoria bastante criativa. Faz tudo o que n\u00e3o diz a lei&#8221;, escreveu Bolsonaro na rede social.<\/p>\n<p>&#8220;Tem que ver o que tem nesse indiciamento da PF. Vou esperar o advogado. Isso, obviamente, vai para a Procuradoria-Geral da Rep\u00fablica. \u00c9 na PGR que come\u00e7a a luta. N\u00e3o posso esperar nada de uma equipe que usa a criatividade para me denunciar.&#8221;<\/p>\n<p>Mais cedo, a PF confirmou o indiciamento de Bolsonaro e outras 37 pessoas pelos crimes de aboli\u00e7\u00e3o violenta do Estado Democr\u00e1tico de Direito, golpe de Estado e organiza\u00e7\u00e3o criminosa.<\/p>\n<p>(Por Eduardo Sim\u00f5es, em S\u00e3o Paulo)<\/p>\n<\/p><\/div>\n<div class=\"grupo-whatsapp\">\n      J\u00e1 segue nosso Canal oficial no WhatsApp? <a href=\"https:\/\/bit.ly\/Canal_NA\" target=\"_blank\" rel=\"noopener\"><strong>Clique Aqui<\/strong><\/a> para receber em primeira m\u00e3o as principais not\u00edcias do agroneg\u00f3cio\n    <\/div>\n<\/p><\/div>\n<p><script async defer src=\"https:\/\/connect.facebook.net\/en_US\/sdk.js\" type=\"2eeec4da7ff70bfd6b0b9751-text\/javascript\"><\/script><script type=\"2eeec4da7ff70bfd6b0b9751-text\/javascript\">\n  !function(f,b,e,v,n,t,s)\n  {if(f.fbq)return;n=f.fbq=function(){n.callMethod?\n    n.callMethod.apply(n,arguments):n.queue.push(arguments)};\n    if(!f._fbq)f._fbq=n;n.push=n;n.loaded=!0;n.version='2.0';\n    n.queue=[];t=b.createElement(e);t.async=!0;\n    t.src=v;s=b.getElementsByTagName(e)[0];\n    s.parentNode.insertBefore(t,s)}(window, document,'script',\n    'https:\/\/connect.facebook.net\/en_US\/fbevents.js');\n  fbq('init', '153495679422335');\n  fbq('track', 'PageView');\n<\/script><br \/>\n<br \/><br \/>\n<br \/><a href=\"https:\/\/www.noticiasagricolas.com.br\/noticias\/politica-economia\/389177-bolsonaro-diz-que-comeca-a-luta-na-pgr-apos-ser-indiciado-por-golpe-de-estado.html\">Source link <\/a><\/p>\n","protected":false},"excerpt":{"rendered":"<p>\u00a0 (Reuters) &#8211; O ex-presidente Jair Bolsonaro disse em publica\u00e7\u00e3o na rede social X nesta quinta-feira que aguardar\u00e1 seu advogado<\/p>\n","protected":false},"author":1,"featured_media":6866,"comment_status":"open","ping_status":"open","sticky":false,"template":"","format":"standard","meta":{"_monsterinsights_skip_tracking":false,"_monsterinsights_sitenote_active":false,"_monsterinsights_sitenote_note":"","_monsterinsights_sitenote_category":0,"_uf_show_specific_survey":0,"_uf_disable_surveys":false,"footnotes":""},"categories":[8,1,14,16],"tags":[],"class_list":["post-6865","post","type-post","status-publish","format-standard","has-post-thumbnail","hentry","category-agro","category-news","category-politica-agro","category-safra"],"_links":{"self":[{"href":"https:\/\/agromt.news\/index.php?rest_route=\/wp\/v2\/posts\/6865"}],"collection":[{"href":"https:\/\/agromt.news\/index.php?rest_route=\/wp\/v2\/posts"}],"about":[{"href":"https:\/\/agromt.news\/index.php?rest_route=\/wp\/v2\/types\/post"}],"author":[{"embeddable":true,"href":"https:\/\/agromt.news\/index.php?rest_route=\/wp\/v2\/users\/1"}],"replies":[{"embeddable":true,"href":"https:\/\/agromt.news\/index.php?rest_route=%2Fwp%2Fv2%2Fcomments&post=6865"}],"version-history":[{"count":0,"href":"https:\/\/agromt.news\/index.php?rest_route=\/wp\/v2\/posts\/6865\/revisions"}],"wp:featuredmedia":[{"embeddable":true,"href":"https:\/\/agromt.news\/index.php?rest_route=\/wp\/v2\/media\/6866"}],"wp:attachment":[{"href":"https:\/\/agromt.news\/index.php?rest_route=%2Fwp%2Fv2%2Fmedia&parent=6865"}],"wp:term":[{"taxonomy":"category","embeddable":true,"href":"https:\/\/agromt.news\/index.php?rest_route=%2Fwp%2Fv2%2Fcategories&post=6865"},{"taxonomy":"post_tag","embeddable":true,"href":"https:\/\/agromt.news\/index.php?rest_route=%2Fwp%2Fv2%2Ftags&post=6865"}],"curies":[{"name":"wp","href":"https:\/\/api.w.org\/{rel}","templated":true}]}}