{"id":6860,"date":"2024-12-19T01:25:57","date_gmt":"2024-12-19T05:25:57","guid":{"rendered":"https:\/\/agromt.news\/?p=6860"},"modified":"2024-12-19T01:25:57","modified_gmt":"2024-12-19T05:25:57","slug":"area-de-milho-cresce-em-mato-grosso-mas-producao-deve-cair","status":"publish","type":"post","link":"https:\/\/agromt.news\/?p=6860","title":{"rendered":"\u00c1rea de milho cresce em Mato Grosso, mas produ\u00e7\u00e3o deve cair"},"content":{"rendered":"<p> <br \/>\n<\/p>\n<div>\n<div class=\"row\">\n<div class=\"col-lg col-infos mt-3 mt-lg-0\">\n<div class=\"section-sub-title\">\n<p itemprop=\"description\">&#13;<br \/>\n                                Imea estima uma produ\u00e7\u00e3o total de 45,84 milh\u00f5es de toneladas&#13;\n                            <\/p>\n<\/p><\/div>\n<div class=\"container\">\n<div class=\"row\">\n<div class=\"col-lg p-0\">\n<div>\n<div class=\"block-news-main-infos mt-3 text-start\">\n<p>                                            <strong class=\"fn\" itemprop=\"author\" style=\"color: rgb(112, 112, 112); \">&#13;<br \/>\n                                                <a href=\"https:\/\/www.agrolink.com.br\/noticias\/javascript:;\" class=\"text-uppercase\" target=\"_blank\" style=\"color: rgb(112, 112, 112); \" rel=\"noopener\">Agrolink<\/a>&#13;<br \/>\n&#13;<br \/>\n                                                    &#8211; Aline Merladete&#13;<br \/>\n&#13;<br \/>\n                                            <\/strong><br \/>\n                                        <\/p>\n<p>                                            <abbr><time datetime=\"2024-12-18T04:31\" itemprop=\"datePublished dateModified\">Publicado em 18\/12\/2024 \u00e0s 04:31h.<\/time><\/abbr><br \/>\n                                            <\/p><\/div>\n<\/p><\/div>\n<\/p><\/div>\n<div class=\"col-lg p-0 text-lg-end\">\n<div>\n<div id=\"mdEnviarPagina\" class=\"modal fade\" role=\"dialog\">\n<div class=\"modal-dialog\">\n<div class=\"modal-content\">\n<div class=\"modal-body\">\n<p><strong>Estimado usu\u00e1rio.<\/strong><br \/>Preencha o formul\u00e1rio abaixo para remeter a p\u00e1gina.<\/p>\n<\/p><\/div>\n<\/p><\/div>\n<\/p><\/div>\n<\/div><\/div>\n<\/p><\/div>\n<\/p><\/div>\n<\/p><\/div>\n<\/p><\/div>\n<\/p><\/div>\n<div class=\"row justify-content-md-center mt-3\">\n<div class=\"col-lg-auto col-image  block-news-main-image d-none d-md-block\">\n<p>                            <img decoding=\"async\" src=\"https:\/\/www.agrolink.com.br\/upload\/imagens-resizes\/ad3fdec02f5c45d19ae948046fc567bd_858x483.jpg\" class=\"lazyload \"\/><br \/>\n                                            <span class=\"publicity-photo d-block mt-1\">Foto: Divulga\u00e7\u00e3o<\/span><\/p><\/div>\n<\/p><\/div>\n<div class=\"section-description section-description-noticias mt-3\">\n<p style=\"text-align:justify\">Segundo o boletim informativo divulgado pelo Instituto Mato-grossense de Economia Agropecu\u00e1ria (Imea), a \u00e1rea destinada ao cultivo de <a href=\"https:\/\/www.agrolink.com.br\/culturas\/milho?utm_source=agrolink-detalhe-noticia&amp;utm_medium=detalhe-noticia&amp;utm_campaign=links-internos&#9;\" target=\"_blank\" rel=\"noopener\">milho<\/a> em Mato Grosso na safra 2024\/25 deve crescer 0,56%, totalizando 6,84 milh\u00f5es de hectares. O aumento \u00e9 impulsionado pela valoriza\u00e7\u00e3o dos pre\u00e7os do cereal nos \u00faltimos meses, o que tem favorecido o equil\u00edbrio entre custo e receita para os produtores.&#13;\n<\/p>\n<p style=\"text-align:justify\">No entanto, o cen\u00e1rio de produ\u00e7\u00e3o apresenta um alerta. O Imea estima uma produ\u00e7\u00e3o total de 45,84 milh\u00f5es de toneladas, representando uma redu\u00e7\u00e3o de 2,81% em rela\u00e7\u00e3o \u00e0 safra anterior. A produtividade esperada, considerando a m\u00e9dia das \u00faltimas tr\u00eas safras, \u00e9 de 111,72 sacas por hectare, mas fatores como condi\u00e7\u00f5es clim\u00e1ticas e incid\u00eancia de pragas e doen\u00e7as podem impactar os resultados finais.&#13;\n<\/p>\n<p style=\"text-align:justify\">Quanto \u00e0 comercializa\u00e7\u00e3o, at\u00e9 novembro de 2024, 23,84% da safra j\u00e1 foi negociada, superando o mesmo per\u00edodo do ciclo anterior, mas ainda abaixo da m\u00e9dia das \u00faltimas cinco temporadas. O Imea refor\u00e7a a import\u00e2ncia de os produtores aproveitarem os momentos de alta nos pre\u00e7os para travar custos e garantir margens mais competitivas.&#13;\n<\/p>\n<\/p><\/div>\n<\/p><\/div>\n<p><script data-cfasync=\"false\">\n    !function (f, b, e, v, n, t, s) {\n        if (f.fbq) return; n = f.fbq = function () {\n            n.callMethod ?\n                n.callMethod.apply(n, arguments) : n.queue.push(arguments)\n        };\n        if (!f._fbq) f._fbq = n; n.push = n; n.loaded = !0; n.version = '2.0';\n        n.queue = []; t = b.createElement(e); t.async = !0;\n        t.src = v; s = b.getElementsByTagName(e)[0];\n        s.parentNode.insertBefore(t, s)\n    }(window, document, 'script',\n        'https:\/\/connect.facebook.net\/en_US\/fbevents.js');\n    fbq('init', '522546078623747');\n    fbq('track', 'PageView');\n<\/script><br \/>\n<br \/><br \/>\n<br \/><a href=\"https:\/\/www.agrolink.com.br\/noticias\/area-de-milho-cresce-em-mato-grosso--mas-producao-deve-cair_497755.html\">Source link <\/a><\/p>\n","protected":false},"excerpt":{"rendered":"<p>&#13; Imea estima uma produ\u00e7\u00e3o total de 45,84 milh\u00f5es de toneladas&#13; &#13; Agrolink&#13; &#13; &#8211; Aline Merladete&#13; &#13; Publicado em<\/p>\n","protected":false},"author":1,"featured_media":6861,"comment_status":"open","ping_status":"open","sticky":false,"template":"","format":"standard","meta":{"_monsterinsights_skip_tracking":false,"_monsterinsights_sitenote_active":false,"_monsterinsights_sitenote_note":"","_monsterinsights_sitenote_category":0,"_uf_show_specific_survey":0,"_uf_disable_surveys":false,"footnotes":""},"categories":[8,1,14],"tags":[],"class_list":["post-6860","post","type-post","status-publish","format-standard","has-post-thumbnail","hentry","category-agro","category-news","category-politica-agro"],"_links":{"self":[{"href":"https:\/\/agromt.news\/index.php?rest_route=\/wp\/v2\/posts\/6860"}],"collection":[{"href":"https:\/\/agromt.news\/index.php?rest_route=\/wp\/v2\/posts"}],"about":[{"href":"https:\/\/agromt.news\/index.php?rest_route=\/wp\/v2\/types\/post"}],"author":[{"embeddable":true,"href":"https:\/\/agromt.news\/index.php?rest_route=\/wp\/v2\/users\/1"}],"replies":[{"embeddable":true,"href":"https:\/\/agromt.news\/index.php?rest_route=%2Fwp%2Fv2%2Fcomments&post=6860"}],"version-history":[{"count":0,"href":"https:\/\/agromt.news\/index.php?rest_route=\/wp\/v2\/posts\/6860\/revisions"}],"wp:featuredmedia":[{"embeddable":true,"href":"https:\/\/agromt.news\/index.php?rest_route=\/wp\/v2\/media\/6861"}],"wp:attachment":[{"href":"https:\/\/agromt.news\/index.php?rest_route=%2Fwp%2Fv2%2Fmedia&parent=6860"}],"wp:term":[{"taxonomy":"category","embeddable":true,"href":"https:\/\/agromt.news\/index.php?rest_route=%2Fwp%2Fv2%2Fcategories&post=6860"},{"taxonomy":"post_tag","embeddable":true,"href":"https:\/\/agromt.news\/index.php?rest_route=%2Fwp%2Fv2%2Ftags&post=6860"}],"curies":[{"name":"wp","href":"https:\/\/api.w.org\/{rel}","templated":true}]}}