{"id":6858,"date":"2024-12-18T21:26:26","date_gmt":"2024-12-19T01:26:26","guid":{"rendered":"https:\/\/agromt.news\/?p=6858"},"modified":"2024-12-18T21:26:26","modified_gmt":"2024-12-19T01:26:26","slug":"camara-aprova-reforma-tributaria","status":"publish","type":"post","link":"https:\/\/agromt.news\/?p=6858","title":{"rendered":"C\u00e2mara aprova Reforma Tribut\u00e1ria"},"content":{"rendered":"<p> <br \/>\n<\/p>\n<div>\n<div class=\"row\">\n<div class=\"col-lg col-infos mt-3 mt-lg-0\">\n<div class=\"section-sub-title\">\n<p itemprop=\"description\">&#13;<br \/>\n                                A medida tem grande impacto para o agro&#13;\n                            <\/p>\n<\/p><\/div>\n<div class=\"container\">\n<div class=\"row\">\n<div class=\"col-lg p-0\">\n<div>\n<div class=\"block-news-main-infos mt-3 text-start\">\n<p>                                            <strong class=\"fn\" itemprop=\"author\" style=\"color: rgb(112, 112, 112); \">&#13;<br \/>\n                                                <a href=\"https:\/\/www.agrolink.com.br\/noticias\/javascript:;\" class=\"text-uppercase\" target=\"_blank\" style=\"color: rgb(112, 112, 112); \" rel=\"noopener\">Agrolink<\/a>&#13;<br \/>\n&#13;<br \/>\n                                                    &#8211; Leonardo Gottems&#13;<br \/>\n&#13;<br \/>\n                                            <\/strong><br \/>\n                                        <\/p>\n<p>                                            <abbr><time datetime=\"2024-12-18T06:24\" itemprop=\"datePublished dateModified\">Publicado em 18\/12\/2024 \u00e0s 06:24h.<\/time><\/abbr><br \/>\n                                            <\/p><\/div>\n<\/p><\/div>\n<\/p><\/div>\n<div class=\"col-lg p-0 text-lg-end\">\n<div>\n<div id=\"mdEnviarPagina\" class=\"modal fade\" role=\"dialog\">\n<div class=\"modal-dialog\">\n<div class=\"modal-content\">\n<div class=\"modal-body\">\n<p><strong>Estimado usu\u00e1rio.<\/strong><br \/>Preencha o formul\u00e1rio abaixo para remeter a p\u00e1gina.<\/p>\n<\/p><\/div>\n<\/p><\/div>\n<\/p><\/div>\n<\/div><\/div>\n<\/p><\/div>\n<\/p><\/div>\n<\/p><\/div>\n<\/p><\/div>\n<\/p><\/div>\n<div class=\"row justify-content-md-center mt-3\">\n<div class=\"col-lg-auto col-image  block-news-main-image d-none d-md-block\">\n<p>                            <img decoding=\"async\" src=\"https:\/\/www.agrolink.com.br\/upload\/imagens-resizes\/fe224adefde44950adff3d4bc1a2c04f_858x483.jpg\" class=\"lazyload \" alt=\"&quot;Conseguimos trazer de volta pontos importantes conquistados na primeira etapa na C\u00e2mara&quot;\"\/><br \/>\n                                            <span class=\"d-block mt-1\">&#8220;Conseguimos trazer de volta pontos importantes conquistados na primeira etapa na C\u00e2mara&#8221; &#8211; Foto: Agencia Brasil<\/span><\/p><\/div>\n<\/p><\/div>\n<div class=\"section-description section-description-noticias mt-3\">\n<p>O Plen\u00e1rio da C\u00e2mara dos Deputados aprovou, nesta ter\u00e7a-feira (17), o Projeto de Lei Complementar 68\/2024, que regulamenta a Reforma Tribut\u00e1ria. O texto estabelece as regras para o Imposto sobre Bens e Servi\u00e7os (IBS), a Contribui\u00e7\u00e3o Social sobre Bens e Servi\u00e7os (CBS) e o Imposto Seletivo (IS), e segue agora para san\u00e7\u00e3o presidencial. A Frente Parlamentar da Agropecu\u00e1ria (FPA) comemorou as conquistas para o setor, especialmente as medidas que garantem desonera\u00e7\u00e3o fiscal e apoio ao produtor rural. \u00a0&#13;\n<\/p>\n<p>A proposta tamb\u00e9m desonera IBS e CBS na compra e importa\u00e7\u00e3o de tratores, m\u00e1quinas e implementos agr\u00edcolas por produtores rurais n\u00e3o contribuintes, al\u00e9m de incluir cr\u00e9ditos presumidos diferenciados para produtores conforme receita anual e tipo de produ\u00e7\u00e3o. Servi\u00e7os t\u00e9cnicos agr\u00edcolas, an\u00e1lises laboratoriais e outros insumos essenciais tamb\u00e9m foram inclu\u00eddos, ampliando os benef\u00edcios para o setor. \u00a0<\/p>\n<p>Outro ponto de destaque \u00e9 a tributa\u00e7\u00e3o reduzida para biocombust\u00edveis e hidrog\u00eanio de baixa emiss\u00e3o de carbono, com al\u00edquotas entre 40% e 90% das aplicadas a combust\u00edveis f\u00f3sseis equivalentes.Segundo a FPA, essas medidas refor\u00e7am o apoio ao agroneg\u00f3cio, promovendo competitividade, sustentabilidade e incentivo ao uso de energia renov\u00e1vel. \u00a0&#13;\n<\/p>\n<p>Segundo o presidente da FPA, deputado Pedro Lupion (PP-PR), a bancada trabalhou para assegurar alimentos mais acess\u00edveis \u00e0 popula\u00e7\u00e3o e preservar os direitos do produtor rural. \u201cO que dialogamos em todo o processo foi para que o brasileiro possa se alimentar com dignidade e tenha seus direitos resguardados. Da mesma forma, que a sociedade e o produtor rural n\u00e3o seja onerado. Conseguimos trazer de volta pontos importantes conquistados na primeira etapa na C\u00e2mara e fechamos um texto positivo para o setor agropecu\u00e1rio brasileiro\u201d, disse Lupion.<\/p>\n<\/p><\/div>\n<\/p><\/div>\n<p><script data-cfasync=\"false\">\n    !function (f, b, e, v, n, t, s) {\n        if (f.fbq) return; n = f.fbq = function () {\n            n.callMethod ?\n                n.callMethod.apply(n, arguments) : n.queue.push(arguments)\n        };\n        if (!f._fbq) f._fbq = n; n.push = n; n.loaded = !0; n.version = '2.0';\n        n.queue = []; t = b.createElement(e); t.async = !0;\n        t.src = v; s = b.getElementsByTagName(e)[0];\n        s.parentNode.insertBefore(t, s)\n    }(window, document, 'script',\n        'https:\/\/connect.facebook.net\/en_US\/fbevents.js');\n    fbq('init', '522546078623747');\n    fbq('track', 'PageView');\n<\/script><br \/>\n<br \/><br \/>\n<br \/><a href=\"https:\/\/www.agrolink.com.br\/noticias\/camara-aprova-reforma-tributaria_497757.html\">Source link <\/a><\/p>\n","protected":false},"excerpt":{"rendered":"<p>&#13; A medida tem grande impacto para o agro&#13; &#13; Agrolink&#13; &#13; &#8211; Leonardo Gottems&#13; &#13; Publicado em 18\/12\/2024 \u00e0s<\/p>\n","protected":false},"author":1,"featured_media":1505,"comment_status":"open","ping_status":"open","sticky":false,"template":"","format":"standard","meta":{"_monsterinsights_skip_tracking":false,"_monsterinsights_sitenote_active":false,"_monsterinsights_sitenote_note":"","_monsterinsights_sitenote_category":0,"_uf_show_specific_survey":0,"_uf_disable_surveys":false,"footnotes":""},"categories":[8,1,14],"tags":[],"class_list":["post-6858","post","type-post","status-publish","format-standard","has-post-thumbnail","hentry","category-agro","category-news","category-politica-agro"],"_links":{"self":[{"href":"https:\/\/agromt.news\/index.php?rest_route=\/wp\/v2\/posts\/6858"}],"collection":[{"href":"https:\/\/agromt.news\/index.php?rest_route=\/wp\/v2\/posts"}],"about":[{"href":"https:\/\/agromt.news\/index.php?rest_route=\/wp\/v2\/types\/post"}],"author":[{"embeddable":true,"href":"https:\/\/agromt.news\/index.php?rest_route=\/wp\/v2\/users\/1"}],"replies":[{"embeddable":true,"href":"https:\/\/agromt.news\/index.php?rest_route=%2Fwp%2Fv2%2Fcomments&post=6858"}],"version-history":[{"count":0,"href":"https:\/\/agromt.news\/index.php?rest_route=\/wp\/v2\/posts\/6858\/revisions"}],"wp:featuredmedia":[{"embeddable":true,"href":"https:\/\/agromt.news\/index.php?rest_route=\/wp\/v2\/media\/1505"}],"wp:attachment":[{"href":"https:\/\/agromt.news\/index.php?rest_route=%2Fwp%2Fv2%2Fmedia&parent=6858"}],"wp:term":[{"taxonomy":"category","embeddable":true,"href":"https:\/\/agromt.news\/index.php?rest_route=%2Fwp%2Fv2%2Fcategories&post=6858"},{"taxonomy":"post_tag","embeddable":true,"href":"https:\/\/agromt.news\/index.php?rest_route=%2Fwp%2Fv2%2Ftags&post=6858"}],"curies":[{"name":"wp","href":"https:\/\/api.w.org\/{rel}","templated":true}]}}