{"id":6856,"date":"2024-12-18T19:24:46","date_gmt":"2024-12-18T23:24:46","guid":{"rendered":"https:\/\/agromt.news\/?p=6856"},"modified":"2024-12-18T19:24:46","modified_gmt":"2024-12-18T23:24:46","slug":"cotonicultura-brasileira-avanca-na-descarbonizacao","status":"publish","type":"post","link":"https:\/\/agromt.news\/?p=6856","title":{"rendered":"Cotonicultura Brasileira avan\u00e7a na descarboniza\u00e7\u00e3o"},"content":{"rendered":"<p> <br \/>\n<\/p>\n<div>\n<div class=\"row\">\n<div class=\"col-lg col-infos mt-3 mt-lg-0\">\n<div class=\"section-sub-title\">\n<p itemprop=\"description\">&#13;<br \/>\n                                Parceria t\u00e9cnica desenvolveu tecnologia &#13;\n                            <\/p>\n<\/p><\/div>\n<div class=\"container\">\n<div class=\"row\">\n<div class=\"col-lg p-0\">\n<div>\n<div class=\"block-news-main-infos mt-3 text-start\">\n<p>                                            <strong class=\"fn\" itemprop=\"author\" style=\"color: rgb(112, 112, 112); \">&#13;<br \/>\n                                                <a href=\"https:\/\/www.agrolink.com.br\/noticias\/javascript:;\" class=\"text-uppercase\" target=\"_blank\" style=\"color: rgb(112, 112, 112); \" rel=\"noopener\">Agrolink<\/a>&#13;<br \/>\n&#13;<br \/>\n                                                    &#8211; Leonardo Gottems&#13;<br \/>\n&#13;<br \/>\n                                            <\/strong><br \/>\n                                        <\/p>\n<p>                                            <abbr><time datetime=\"2024-12-18T06:33\" itemprop=\"datePublished dateModified\">Publicado em 18\/12\/2024 \u00e0s 06:33h.<\/time><\/abbr><br \/>\n                                            <\/p><\/div>\n<\/p><\/div>\n<\/p><\/div>\n<div class=\"col-lg p-0 text-lg-end\">\n<div>\n<div id=\"mdEnviarPagina\" class=\"modal fade\" role=\"dialog\">\n<div class=\"modal-dialog\">\n<div class=\"modal-content\">\n<div class=\"modal-body\">\n<p><strong>Estimado usu\u00e1rio.<\/strong><br \/>Preencha o formul\u00e1rio abaixo para remeter a p\u00e1gina.<\/p>\n<\/p><\/div>\n<\/p><\/div>\n<\/p><\/div>\n<\/div><\/div>\n<\/p><\/div>\n<\/p><\/div>\n<\/p><\/div>\n<\/p><\/div>\n<\/p><\/div>\n<div class=\"row justify-content-md-center mt-3\">\n<div class=\"col-lg-auto col-image  block-news-main-image d-none d-md-block\">\n<p>                            <img decoding=\"async\" src=\"https:\/\/www.agrolink.com.br\/upload\/imagens-resizes\/605d71b895d2457a8f2f99a685a5af3d_858x483.jpg\" class=\"lazyload \" alt=\"Parceria t\u00e9cnica desenvolveu tecnologia \"\/><br \/>\n                                            <span class=\"d-block mt-1\">Parceria t\u00e9cnica desenvolveu tecnologia  &#8211; Foto: Bing<\/span><\/p><\/div>\n<\/p><\/div>\n<div class=\"section-description section-description-noticias mt-3\">\n<p>Meses ap\u00f3s se consolidar como a maior exportadora de algod\u00e3o do mundo, o Brasil deu um passo pioneiro rumo \u00e0 descarboniza\u00e7\u00e3o da sua cadeia produtiva. Gra\u00e7as \u00e0 Footprint PRO Carbono, desenvolvida pela Bayer em parceria com a Embrapa e a Abrapa, a pegada de carbono do cultivo de algod\u00e3o foi mensurada pela primeira vez no pa\u00eds, utilizando dados prim\u00e1rios de produtores de Mato Grosso. A calculadora, que j\u00e1 avaliava cultivos de soja e milho, revelou uma emiss\u00e3o m\u00e9dia de 329 kg CO2 eq\/t de algod\u00e3o, com potencial de redu\u00e7\u00e3o de at\u00e9 32%. \u00a0&#13;\n<\/p>\n<p>Essa iniciativa tamb\u00e9m busca estabelecer uma refer\u00eancia nacional para emiss\u00f5es na cadeia do algod\u00e3o, incluindo derivados como \u00f3leo e biodiesel. O presidente da Abrapa, Alexandre Schenkel, destacou que o objetivo \u00e9 fortalecer a posi\u00e7\u00e3o do algod\u00e3o brasileiro no mercado global e no programa Renovabio. A parceria t\u00e9cnica envolve ainda a Abiove, que integra dados de agricultores da Bahia e Goi\u00e1s na fase inicial do projeto, refor\u00e7ando os atributos sustent\u00e1veis da produ\u00e7\u00e3o nacional.\u00a0<\/p>\n<p>Al\u00e9m do algod\u00e3o, a Footprint PRO Carbono j\u00e1 est\u00e1 sendo aplicada na sojicultura. Em Santa Catarina, a Cooperalfa ter\u00e1 a pegada de carbono de seus gr\u00e3os de soja monitorada a partir de 2025, abrangendo 5.000 hectares na primeira fase. A expectativa \u00e9 alcan\u00e7ar emiss\u00f5es de 383 kg CO2 eq\/t com interven\u00e7\u00f5es agr\u00edcolas, demonstrando a efici\u00eancia do sistema brasileiro frente \u00e0 m\u00e9dia internacional. \u00a0&#13;\n<\/p>\n<p>O programa PRO Carbono tamb\u00e9m avan\u00e7a na inova\u00e7\u00e3o tecnol\u00f3gica com o Modelo Preditivo PRO Carbono, desenvolvido pela Bayer e Embrapa. Essa ferramenta promete simular a din\u00e2mica de carbono no solo, reduzindo custos de an\u00e1lises e promovendo a agricultura conservacionista em larga escala. A valida\u00e7\u00e3o internacional do programa, como no Scope 3 Standard Program da Verra, consolida o protagonismo do agroneg\u00f3cio brasileiro na mitiga\u00e7\u00e3o clim\u00e1tica e no mercado de carbono global.<br \/>&#13;<br \/>\n\u00a0<\/p>\n<\/p><\/div>\n<\/p><\/div>\n<p><script data-cfasync=\"false\">\n    !function (f, b, e, v, n, t, s) {\n        if (f.fbq) return; n = f.fbq = function () {\n            n.callMethod ?\n                n.callMethod.apply(n, arguments) : n.queue.push(arguments)\n        };\n        if (!f._fbq) f._fbq = n; n.push = n; n.loaded = !0; n.version = '2.0';\n        n.queue = []; t = b.createElement(e); t.async = !0;\n        t.src = v; s = b.getElementsByTagName(e)[0];\n        s.parentNode.insertBefore(t, s)\n    }(window, document, 'script',\n        'https:\/\/connect.facebook.net\/en_US\/fbevents.js');\n    fbq('init', '522546078623747');\n    fbq('track', 'PageView');\n<\/script><br \/>\n<br \/><br \/>\n<br \/><a href=\"https:\/\/www.agrolink.com.br\/noticias\/cotonicultura-brasileira-avanca-na-descarbonizacao_497758.html\">Source link <\/a><\/p>\n","protected":false},"excerpt":{"rendered":"<p>&#13; Parceria t\u00e9cnica desenvolveu tecnologia &#13; &#13; Agrolink&#13; &#13; &#8211; Leonardo Gottems&#13; &#13; Publicado em 18\/12\/2024 \u00e0s 06:33h. Estimado usu\u00e1rio.Preencha<\/p>\n","protected":false},"author":1,"featured_media":6857,"comment_status":"open","ping_status":"open","sticky":false,"template":"","format":"standard","meta":{"_monsterinsights_skip_tracking":false,"_monsterinsights_sitenote_active":false,"_monsterinsights_sitenote_note":"","_monsterinsights_sitenote_category":0,"_uf_show_specific_survey":0,"_uf_disable_surveys":false,"footnotes":""},"categories":[8,1,14],"tags":[],"class_list":["post-6856","post","type-post","status-publish","format-standard","has-post-thumbnail","hentry","category-agro","category-news","category-politica-agro"],"_links":{"self":[{"href":"https:\/\/agromt.news\/index.php?rest_route=\/wp\/v2\/posts\/6856"}],"collection":[{"href":"https:\/\/agromt.news\/index.php?rest_route=\/wp\/v2\/posts"}],"about":[{"href":"https:\/\/agromt.news\/index.php?rest_route=\/wp\/v2\/types\/post"}],"author":[{"embeddable":true,"href":"https:\/\/agromt.news\/index.php?rest_route=\/wp\/v2\/users\/1"}],"replies":[{"embeddable":true,"href":"https:\/\/agromt.news\/index.php?rest_route=%2Fwp%2Fv2%2Fcomments&post=6856"}],"version-history":[{"count":0,"href":"https:\/\/agromt.news\/index.php?rest_route=\/wp\/v2\/posts\/6856\/revisions"}],"wp:featuredmedia":[{"embeddable":true,"href":"https:\/\/agromt.news\/index.php?rest_route=\/wp\/v2\/media\/6857"}],"wp:attachment":[{"href":"https:\/\/agromt.news\/index.php?rest_route=%2Fwp%2Fv2%2Fmedia&parent=6856"}],"wp:term":[{"taxonomy":"category","embeddable":true,"href":"https:\/\/agromt.news\/index.php?rest_route=%2Fwp%2Fv2%2Fcategories&post=6856"},{"taxonomy":"post_tag","embeddable":true,"href":"https:\/\/agromt.news\/index.php?rest_route=%2Fwp%2Fv2%2Ftags&post=6856"}],"curies":[{"name":"wp","href":"https:\/\/api.w.org\/{rel}","templated":true}]}}