{"id":6850,"date":"2024-12-18T17:34:45","date_gmt":"2024-12-18T21:34:45","guid":{"rendered":"https:\/\/agromt.news\/?p=6850"},"modified":"2024-12-18T17:34:45","modified_gmt":"2024-12-18T21:34:45","slug":"governo-aprova-planos-contra-desmatamento-no-pantanal-e-na-caatinga","status":"publish","type":"post","link":"https:\/\/agromt.news\/?p=6850","title":{"rendered":"Governo aprova planos contra desmatamento no Pantanal e na Caatinga"},"content":{"rendered":"<p> <br \/>\n<\/p>\n<div>\n<p>O governo federal aprovou, nesta quarta-feira (18), os planos de A\u00e7\u00e3o para Preven\u00e7\u00e3o e Controle do Desmatamento e das Queimadas na Caatinga (PPCaatinga) e no Pantanal (PPPantanal), que ser\u00e3o implementados a partir do ano que vem. <\/p>\n<p>J\u00e1 os planos para a Mata Atl\u00e2ntica e o Pampa dever\u00e3o ser lan\u00e7ados na primeira semana de fevereiro, ap\u00f3s consultas p\u00fablicas.<\/p>\n<p>As medidas foram apresentadas na reuni\u00e3o da Comiss\u00e3o Interministerial Permanente de Preven\u00e7\u00e3o e Controle do Desmatamento, comandada pelo vice-presidente e ministro do Desenvolvimento, Ind\u00fastria, Com\u00e9rcio e Servi\u00e7os, Geraldo Alckmin, no Pal\u00e1cio do Planalto.<\/p>\n<p>As iniciativas somam-se aos j\u00e1 existentes planos para o Cerrado (PPCerrado) e a Amaz\u00f4nia (PPCDAm), este \u00faltimo implementado em 2004, no primeiro mandato do presidente Luiz In\u00e1cio Lula da Silva. Com isso, todos os biomas est\u00e3o cobertos pelas pol\u00edticas. <\/p>\n<p>\u201cBaseados em evid\u00eancias cient\u00edficas e embasados por semin\u00e1rios t\u00e9cnico-cient\u00edficos, os planos refor\u00e7am a abordagem de pol\u00edticas p\u00fablicas fundamentadas em dados concretos e an\u00e1lises robustas\u201d, explicou o Minist\u00e9rio do Meio Ambiente (MMA), em comunicado.<\/p>\n<h2 class=\"wp-block-heading\" id=\"h-reducao-do-desmatamento\">Redu\u00e7\u00e3o do desmatamento<\/h2>\n<p>O MMA apresentou, ainda, novas estimativas de redu\u00e7\u00e3o de desmatamento. Entre agosto e novembro de 2024, os alertas ca\u00edram 77,2% no Pantanal; 57,2% no Cerrado; e 2% na Amaz\u00f4nia, segundo o Sistema de Detec\u00e7\u00e3o de Desmatamentos em Tempo Real (Deter), do Instituto Nacional de Pesquisas Espaciais <strong><a href=\"https:\/\/www.canalrural.com.br\/tag\/inpe\/\">(Inpe)<\/a><\/strong>.<\/p>\n<p>\u201cTanto Cerrado, quanto o Pantanal, que ainda tinham dados relativamente altos de desmatamento, a gente est\u00e1 conseguindo reverter e consolidar a queda de desmatamento nos \u00faltimos quatro meses\u201d, disse o secret\u00e1rio Extraordin\u00e1rio de Controle do Desmatamento e Ordenamento Ambiental Territorial do MMA, Andr\u00e9 Lima, ap\u00f3s a reuni\u00e3o. \u201cFechamos o ano com esse balan\u00e7o importante, quer dizer, saldo muito positivo\u201d, acrescentou<\/p>\n<p>O Deter emite alertas di\u00e1rios de novas altera\u00e7\u00f5es na cobertura florestal para apoiar a\u00e7\u00f5es r\u00e1pidas de fiscaliza\u00e7\u00e3o e combate a crimes ambientais realizadas pelo Ibama e ICMBio. J\u00e1 a taxa anual de desmatamento por corte raso \u00e9 fornecida pelo Projeto de Monitoramento do Desmatamento por Sat\u00e9lite (Prodes), feito no intervalo de agosto de um ano at\u00e9 julho do ano seguinte.<\/p>\n<p>De acordo com Prodes, o desmatamento na Amaz\u00f4nia Legal caiu 30,6%, no per\u00edodo de agosto de 2023 a julho de 2024, em rela\u00e7\u00e3o ao ano anterior (2022\/2023). No Cerrado, a queda foi de 25,7%, considerando os mesmos per\u00edodos.<\/p>\n<h2 class=\"wp-block-heading\" id=\"h-articulacao-do-governo\">Articula\u00e7\u00e3o do governo<\/h2>\n<p>De acordo com Andr\u00e9 Lima, o combate ao desmatamento no Pantanal e no Cerrado \u00e9 resultado da articula\u00e7\u00e3o do governo federal com os estados. No Pantanal, foi firmado pacto entre MMA e o governo de Mato Grosso do Sul que resultou na aprova\u00e7\u00e3o de uma nova lei estadual restringindo o desmatamento em \u00e1reas cr\u00edticas e sens\u00edveis.<\/p>\n<p>Outro marco importante foi com os governadores da regi\u00e3o conhecida como Matopiba, que engloba \u00e1reas agr\u00edcolas nas fronteiras dos estados do Maranh\u00e3o, Tocantins, Piau\u00ed e Bahia. O pacto \u00e9 voltado ao controle do desmatamento ilegal no Cerrado, com \u00eanfase no monitoramento e fiscaliza\u00e7\u00e3o de im\u00f3veis com os maiores \u00edndices de desmatamento registrados em 2023, com base no Cadastro Ambiental Rural (CAR).<\/p>\n<\/div>\n<div>\n<p>\u201cS\u00e3o biomas que t\u00eam uma \u00e1rea importante de desmatamento que acontece em \u00e1reas privadas, ent\u00e3o o controle \u00e9 feito sobretudo pelos \u00f3rg\u00e3os estaduais\u201d, explicou Lima. \u201cNa Amaz\u00f4nia, o trabalho mais forte, um Desafio maior, s\u00e3o em \u00e1reas p\u00fablicas, florestas p\u00fablicas n\u00e3o destinadas, assentamentos, que correspondem a mais de dois ter\u00e7os dos desmatamentos na regi\u00e3o\u201d, acrescentou.<\/p>\n<h2 class=\"wp-block-heading\" id=\"h-planos-de-acao\">Planos de a\u00e7\u00e3o<\/h2>\n<p>No Pantanal, as principais causas do desmatamento incluem a expans\u00e3o da pecu\u00e1ria e da agricultura; explora\u00e7\u00e3o de recursos minerais; dificuldades em determinar a legalidade do desmatamento no bioma; e a predomin\u00e2ncia de \u00e1reas privadas, dificultando a governan\u00e7a ambiental.<\/p>\n<p>O PPPantanal \u00e9 composto por 13 objetivos estrat\u00e9gicos; 32 resultados esperados; 54 linhas de a\u00e7\u00e3o; e 159 metas. Entre as principais iniciativas destacam-se:<\/p>\n<ul class=\"wp-block-list\">\n<li>Fortalecimento da coopera\u00e7\u00e3o entre Uni\u00e3o, estados e munic\u00edpios; <\/li>\n<li>Implementa\u00e7\u00e3o da Pol\u00edtica de Manejo Integrado do Fogo; <\/li>\n<li>Cria\u00e7\u00e3o de instrumentos normativos para regulamentar a supress\u00e3o de vegeta\u00e7\u00e3o; <\/li>\n<li>Promo\u00e7\u00e3o de pr\u00e1ticas de agricultura e agropecu\u00e1ria sustent\u00e1veis; <\/li>\n<li>Fomento ao turismo e \u00e0s atividades extrativistas; <\/li>\n<li>Integra\u00e7\u00e3o de dados do Cadastro Ambiental Rural (Sicar) com o sistema de Autoriza\u00e7\u00e3o de Supress\u00e3o de Vegeta\u00e7\u00e3o (ASV); <\/li>\n<\/ul>\n<ul class=\"wp-block-list\">\n<li>Gera\u00e7\u00e3o de energia sustent\u00e1vel; e <\/li>\n<li>Estrutura\u00e7\u00e3o de um fundo de financiamento para a\u00e7\u00f5es no Pantanal<\/li>\n<\/ul>\n<p>J\u00e1 na Caatinga, os gargalos para combate ao desmatamento est\u00e3o na expans\u00e3o da pecu\u00e1ria e da agricultura; no uso da vegeta\u00e7\u00e3o nativa como fonte de energia; na instala\u00e7\u00e3o de empreendimentos energ\u00e9ticos (e\u00f3licos e solares); e na explora\u00e7\u00e3o de recursos minerais.<\/p>\n<p>O PPCaatinga, por sua vez, \u00e9 composto por 13 objetivos estrat\u00e9gicos; 32 resultados esperados; 49 linhas de a\u00e7\u00e3o; e 120 metas. Suas prioridades incluem:<\/p>\n<ul class=\"wp-block-list\">\n<li>Avan\u00e7ar na regulariza\u00e7\u00e3o fundi\u00e1ria e ambiental; <\/li>\n<li>Promover pr\u00e1ticas de agricultura sustent\u00e1vel; <\/li>\n<li>Reconhecer territ\u00f3rios de Povos e Comunidades Tradicionais; <\/li>\n<li>Fortalecer linhas de cr\u00e9dito para pequenos produtores; <\/li>\n<li>Estruturar um fundo de financiamento para o bioma; <\/li>\n<li>Planejar empreendimentos energ\u00e9ticos; e<\/li>\n<li>Integrar dados do Sicar com o ASV<\/li>\n<\/ul>\n<h2 class=\"wp-block-heading\" id=\"h-avanco-das-queimadas\">Avan\u00e7o das queimadas<\/h2>\n<figure class=\"wp-block-image size-full\"><img fetchpriority=\"high\" decoding=\"async\" width=\"640\" height=\"426\" alt=\"inc\u00eandios florestais\" class=\"wp-image-92604\"  data-lazy- src=\"https:\/\/agromt.news\/wp-content\/uploads\/2024\/12\/Governo-aprova-planos-contra-desmatamento-no-Pantanal-e-na-Caatinga.jpg\"\/><img decoding=\"async\" width=\"640\" height=\"426\" src=\"https:\/\/agromt.news\/wp-content\/uploads\/2024\/12\/Governo-aprova-planos-contra-desmatamento-no-Pantanal-e-na-Caatinga.jpg\" alt=\"inc\u00eandios florestais\" class=\"wp-image-92604\"  \/><figcaption class=\"wp-element-caption\">Inc\u00eandios florestais.Fonte: Fernando Fraz\u00e3o\/ Ag\u00eancia Brasil<\/figcaption><\/figure>\n<p>Sobre o avan\u00e7o das queimadas pelos biomas do pa\u00eds, como aconteceu neste ano, Andr\u00e9 Lima contou que as medidas de preven\u00e7\u00e3o para 2025 dever\u00e3o estar aprovadas at\u00e9 a primeira quinzena de fevereiro. Ao contr\u00e1rio do desmatamento, a \u00e1rea queimada no Brasil de janeiro a novembro de 2024 quase dobrou em rela\u00e7\u00e3o ao mesmo per\u00edodo do ano passado.<\/p>\n<p>\u201cTem uma mudan\u00e7a significativa que 2025 \u00e9 o primeiro ano que a gente j\u00e1 tem um novo marco regulat\u00f3rio, que \u00e9 a Pol\u00edtica de Manejo Integrado do Fogo, que nos permite no \u00e2mbito do comit\u00ea de manejo do fogo, estabelecer uma s\u00e9rie de novas regras de preven\u00e7\u00e3o prepara\u00e7\u00e3o e controle\u201d, explicou,<\/p>\n<p>\u201cEnt\u00e3o, n\u00f3s vamos estabelecer medidas preventivas para os propriet\u00e1rios rurais, um conjunto de medidas que podem ser adotadas pelas prefeituras, pelos estados e pelo pr\u00f3prio governo federal, no \u00e2mbito dos planos de manejo integrado do fogo, que \u00e9 o grande desafio \u00e9 a prepara\u00e7\u00e3o para 2025\u201d, completou.<\/p>\n<\/p><\/div>\n<p><br \/>\n<br \/><a href=\"https:\/\/www.canalrural.com.br\/nacional\/governo-aprova-planos-contra-desmatamento-no-pantanal-e-na-caatinga\/\">Source link <\/a><\/p>\n","protected":false},"excerpt":{"rendered":"<p>O governo federal aprovou, nesta quarta-feira (18), os planos de A\u00e7\u00e3o para Preven\u00e7\u00e3o e Controle do Desmatamento e das Queimadas<\/p>\n","protected":false},"author":1,"featured_media":6851,"comment_status":"open","ping_status":"open","sticky":false,"template":"","format":"standard","meta":{"_monsterinsights_skip_tracking":false,"_monsterinsights_sitenote_active":false,"_monsterinsights_sitenote_note":"","_monsterinsights_sitenote_category":0,"_uf_show_specific_survey":0,"_uf_disable_surveys":false,"footnotes":""},"categories":[1],"tags":[],"class_list":["post-6850","post","type-post","status-publish","format-standard","has-post-thumbnail","hentry","category-news"],"_links":{"self":[{"href":"https:\/\/agromt.news\/index.php?rest_route=\/wp\/v2\/posts\/6850"}],"collection":[{"href":"https:\/\/agromt.news\/index.php?rest_route=\/wp\/v2\/posts"}],"about":[{"href":"https:\/\/agromt.news\/index.php?rest_route=\/wp\/v2\/types\/post"}],"author":[{"embeddable":true,"href":"https:\/\/agromt.news\/index.php?rest_route=\/wp\/v2\/users\/1"}],"replies":[{"embeddable":true,"href":"https:\/\/agromt.news\/index.php?rest_route=%2Fwp%2Fv2%2Fcomments&post=6850"}],"version-history":[{"count":0,"href":"https:\/\/agromt.news\/index.php?rest_route=\/wp\/v2\/posts\/6850\/revisions"}],"wp:featuredmedia":[{"embeddable":true,"href":"https:\/\/agromt.news\/index.php?rest_route=\/wp\/v2\/media\/6851"}],"wp:attachment":[{"href":"https:\/\/agromt.news\/index.php?rest_route=%2Fwp%2Fv2%2Fmedia&parent=6850"}],"wp:term":[{"taxonomy":"category","embeddable":true,"href":"https:\/\/agromt.news\/index.php?rest_route=%2Fwp%2Fv2%2Fcategories&post=6850"},{"taxonomy":"post_tag","embeddable":true,"href":"https:\/\/agromt.news\/index.php?rest_route=%2Fwp%2Fv2%2Ftags&post=6850"}],"curies":[{"name":"wp","href":"https:\/\/api.w.org\/{rel}","templated":true}]}}