{"id":6846,"date":"2024-12-18T17:20:14","date_gmt":"2024-12-18T21:20:14","guid":{"rendered":"https:\/\/agromt.news\/?p=6846"},"modified":"2024-12-18T17:20:14","modified_gmt":"2024-12-18T21:20:14","slug":"vem-ai-porteira-aberta-empreender","status":"publish","type":"post","link":"https:\/\/agromt.news\/?p=6846","title":{"rendered":"Vem a\u00ed \u2018Porteira Aberta Empreender\u2019"},"content":{"rendered":"<p> <br \/>\n<\/p>\n<div>\n<p>No dia 20 de dezembro, \u00e0s 20h, estreia um programa pensado para os micro e pequenos produtores rurais. O projeto inovador ser\u00e1 transmitido no Canal Rural e no YouTube e tem o <a href=\"https:\/\/agenciasebrae.com.br\/economia-e-politica\/credito-impulsiona-comercio-de-bairro-em-belo-horizonte\/\">Sebrae<\/a> como parceiro nesta miss\u00e3o empreendedora.\u00a0<\/p>\n<blockquote class=\"wp-block-quote is-layout-flow wp-block-quote-is-layout-flow\">\n<p>\u201cS\u00e3o homens e mulheres que acordam de manh\u00e3, nunca desistem, enfrentam as adversidades naturais da vida e fazem com que sua produ\u00e7\u00e3o local, dentro do pr\u00f3prio espa\u00e7o, gere renda \u00e0 fam\u00edlia\u201d, diz D\u00e9cio Lima, presidente do Sebrae.<\/p>\n<\/blockquote>\n<p>A cada programa um especialista ajudar\u00e1 a explicar um tema que ser\u00e1 fundamental para o agroneg\u00f3cio.<\/p>\n<p>Na estreia do Porteira Aberta Empreender, Simone Goldman, consultora de agroneg\u00f3cio do Sebrae, estar\u00e1 presente para falar sobre <a href=\"https:\/\/www.canalrural.com.br\/empreendedorismo\/estreia-programa-porteira-aberta-na-tv\/\"><strong>Cr\u00e9dito Consciente<\/strong>.<\/a>\u00a0<\/p>\n<p>Daniel Azevedo e o comentarista Miguel Daoud, comandar\u00e3o o programa que tem como objetivo levar informa\u00e7\u00f5es, dicas pr\u00e1ticas e hist\u00f3rias inspiradoras para ajudar no desenvolvimento do empreendedorismo no campo.<\/p>\n<p>Para Julio Cargnino, presidente do Canal Rural, o programa ser\u00e1 um marco na comunica\u00e7\u00e3o tendo como destaque o micro e pequeno produtor:<\/p>\n<blockquote class=\"wp-block-quote is-layout-flow wp-block-quote-is-layout-flow\">\n<p>\u201cO Porteira Aberta Empreender ser\u00e1 um espa\u00e7o din\u00e2mico e informativo para apoiar o produtor rural. Vamos ajud\u00e1-lo a acessar cr\u00e9dito, organizar sua empresa e se adaptar \u00e0s mudan\u00e7as no campo para que ele de fato seja um empreendedor de sucesso. E a comunica\u00e7\u00e3o acess\u00edvel e qualificada s\u00e3o essenciais para garantir o sucesso dos empreendedores rurais\u201d, afirma Cargnino.\u00a0<\/p>\n<\/blockquote>\n<p>\u00c0 frente do Porteira Aberta Empreender, a jornalista Queli \u00c1vila refor\u00e7a essa miss\u00e3o:<\/p>\n<blockquote class=\"wp-block-quote is-layout-flow wp-block-quote-is-layout-flow\">\n<p>\u201cEsse projeto \u00e9 um sonho antigo. Levar informa\u00e7\u00f5es para o micro e pequeno produtor rural sempre foi um desafio e tamb\u00e9m uma necessidade. A parceria do Sebrae, essa institui\u00e7\u00e3o t\u00e3o reconhecida no Brasil, fortalece essa jornada. Estamos muito otimistas e empenhados em ajudar esse produtor que coloca alimento na mesa da popula\u00e7\u00e3o todos os dias\u201d, finaliza \u00c1vila.\u00a0<\/p>\n<\/blockquote>\n<ul class=\"wp-block-list\">\n<li>\u00a0<strong><em>Participe do Porteira Aberta Empreender: envie perguntas, sugest\u00f5es e conte sua hist\u00f3ria de empreendedorismo pelo <\/em><\/strong><a href=\"https:\/\/api.whatsapp.com\/send?phone=5511932796720&amp;PorteiraAbertaEmpreender=SuaMensagem\"><strong><em>WhatsApp<\/em><\/strong><\/a><strong>.<\/strong><\/li>\n<\/ul>\n<h2 class=\"wp-block-heading\" id=\"h-conheca-a-equipe\"><strong>Conhe\u00e7a a equipe <\/strong><\/h2>\n<figure class=\"wp-block-image size-large\"><img fetchpriority=\"high\" decoding=\"async\" width=\"999\" height=\"1024\" alt=\"\" class=\"wp-image-4080826\"  data-lazy- src=\"https:\/\/agromt.news\/wp-content\/uploads\/2024\/12\/Vem-ai-\u2018Porteira-Aberta-Empreender.jpg\"\/><img decoding=\"async\" width=\"999\" height=\"1024\" src=\"https:\/\/agromt.news\/wp-content\/uploads\/2024\/12\/Vem-ai-\u2018Porteira-Aberta-Empreender.jpg\" alt=\"\" class=\"wp-image-4080826\"  \/><figcaption class=\"wp-element-caption\">Daniel Azevedo | Apresentador<\/figcaption><\/figure>\n<blockquote class=\"wp-block-quote is-layout-flow wp-block-quote-is-layout-flow\">\n<p>\u201cA expectativa \u00e9 a melhor poss\u00edvel, porque a parceria do Sebrae e do Canal Rural no programa Porteira Aberta Empreender responde a uma das demandas mais relevantes do agro brasileiro: melhorar a gest\u00e3o do micro e pequeno empreendedor rural.\u201d<\/p>\n<p>Daniel Azevedo | Apresentador<\/p>\n<\/blockquote>\n<figure class=\"wp-block-image size-full\"><img decoding=\"async\" width=\"959\" height=\"769\" alt=\"\" class=\"wp-image-4080838\"  data-lazy- src=\"https:\/\/agromt.news\/wp-content\/uploads\/2024\/12\/Vem-ai-\u2018Porteira-Aberta-Empreender.png\"\/><img loading=\"lazy\" decoding=\"async\" width=\"959\" height=\"769\" src=\"https:\/\/agromt.news\/wp-content\/uploads\/2024\/12\/Vem-ai-\u2018Porteira-Aberta-Empreender.png\" alt=\"\" class=\"wp-image-4080838\"  \/><figcaption class=\"wp-element-caption\">Miguel Daoud | Comentarista <\/p>\n<\/figcaption><\/figure>\n<blockquote class=\"wp-block-quote is-layout-flow wp-block-quote-is-layout-flow\">\n<p>\u201c\u00c9 um projeto inovador que trar\u00e1 ao micro e pequeno produtor rural mudan\u00e7as de patamares.\u201d<\/p>\n<p>Miguel Daoud | Comentarista<\/p>\n<\/blockquote>\n<\/div>\n<div>\n<figure class=\"wp-block-image size-full\"><img loading=\"lazy\" decoding=\"async\" width=\"1015\" height=\"924\" alt=\"\" class=\"wp-image-4080828\"  data-lazy- src=\"https:\/\/agromt.news\/wp-content\/uploads\/2024\/12\/1734556814_622_Vem-ai-\u2018Porteira-Aberta-Empreender.jpg\"\/><img loading=\"lazy\" decoding=\"async\" width=\"1015\" height=\"924\" src=\"https:\/\/agromt.news\/wp-content\/uploads\/2024\/12\/1734556814_622_Vem-ai-\u2018Porteira-Aberta-Empreender.jpg\" alt=\"\" class=\"wp-image-4080828\"  \/><figcaption class=\"wp-element-caption\">Ludmila Santana | Editora-chefe e apresentadora <\/p>\n<\/figcaption><\/figure>\n<blockquote class=\"wp-block-quote is-layout-flow wp-block-quote-is-layout-flow\">\n<p>\u201cEstamos com um time incr\u00edvel que n\u00e3o mede esfor\u00e7os para trazer as melhores solu\u00e7\u00f5es aos desafios di\u00e1rios dos pequenos produtores, com dicas, hist\u00f3rias inspiradoras e, sobretudo, servi\u00e7o.\u201d<\/p>\n<p>Ludmila Santana | Editora-chefe e apresentadora <\/p>\n<\/blockquote>\n<figure class=\"wp-block-image size-full\"><img loading=\"lazy\" decoding=\"async\" width=\"800\" height=\"800\" alt=\"\" class=\"wp-image-4080832\"  data-lazy- src=\"https:\/\/agromt.news\/wp-content\/uploads\/2024\/12\/Vem-ai-\u2018Porteira-Aberta-Empreender.jpeg\"\/><img loading=\"lazy\" decoding=\"async\" width=\"800\" height=\"800\" src=\"https:\/\/agromt.news\/wp-content\/uploads\/2024\/12\/Vem-ai-\u2018Porteira-Aberta-Empreender.jpeg\" alt=\"\" class=\"wp-image-4080832\"  \/><figcaption class=\"wp-element-caption\">Lu\u00edza Cardoso | Apresentadora<\/p>\n<\/figcaption><\/figure>\n<blockquote class=\"wp-block-quote is-layout-flow wp-block-quote-is-layout-flow\">\n<p>\u201cN\u00e3o existe vit\u00f3ria sem planejamento. Ent\u00e3o, espero poder ajudar o pequeno produtor rural a se preparar, a se qualificar e a entender onde ele pode buscar ajuda para arrumar os eixos do seu neg\u00f3cio.\u201d<\/p>\n<p>Lu\u00edza Cardoso  | Apresentadora<\/p>\n<\/blockquote>\n<figure class=\"wp-block-image size-large\"><img loading=\"lazy\" decoding=\"async\" width=\"926\" height=\"1024\" alt=\"\" class=\"wp-image-4080851\"  data-lazy- src=\"https:\/\/agromt.news\/wp-content\/uploads\/2024\/12\/1734556814_285_Vem-ai-\u2018Porteira-Aberta-Empreender.png\"\/><img loading=\"lazy\" decoding=\"async\" width=\"926\" height=\"1024\" src=\"https:\/\/agromt.news\/wp-content\/uploads\/2024\/12\/1734556814_285_Vem-ai-\u2018Porteira-Aberta-Empreender.png\" alt=\"\" class=\"wp-image-4080851\"  \/><figcaption class=\"wp-element-caption\">Matheus Martins | Especialista em M\u00eddias Sociais<\/figcaption><\/figure>\n<blockquote class=\"wp-block-quote is-layout-flow wp-block-quote-is-layout-flow\">\n<p>\u201cMeu objetivo neste programa, \u00e9 desenvolver conte\u00fados para redes sociais org\u00e2nicos e impactantes com uma abordagem informativa e com muito entretenimento. Quero contribuir para o crescimento sustent\u00e1vel do p\u00fablico agro, unindo relev\u00e2ncia e conex\u00e3o nas plataformas digitais.\u201d<\/p>\n<p>Matheus Martins | Especialista em M\u00eddias Sociais<\/p>\n<\/blockquote>\n<figure class=\"wp-block-image size-large is-resized\"><img loading=\"lazy\" decoding=\"async\" width=\"768\" height=\"1024\" alt=\"\" class=\"wp-image-4080837\" style=\"width:840px;height:auto\"  data-lazy- src=\"https:\/\/agromt.news\/wp-content\/uploads\/2024\/12\/1734556814_899_Vem-ai-\u2018Porteira-Aberta-Empreender.jpg\"\/><img loading=\"lazy\" decoding=\"async\" width=\"768\" height=\"1024\" src=\"https:\/\/agromt.news\/wp-content\/uploads\/2024\/12\/1734556814_899_Vem-ai-\u2018Porteira-Aberta-Empreender.jpg\" alt=\"\" class=\"wp-image-4080837\" style=\"width:840px;height:auto\"  \/><figcaption class=\"wp-element-caption\">Fabiana Bertinelli | Editora <\/figcaption><\/figure>\n<blockquote class=\"wp-block-quote is-layout-flow wp-block-quote-is-layout-flow\">\n<p>\u201cEstou muito feliz em fazer parte desse time em que cada integrante traz uma experi\u00eancia \u00fanica, o que torna o trabalho colaborativo e enriquecedor. Sem dizer, que \u00e9 um programa que traz uma linguagem inovadora e informativa para voc\u00ea, produtor rural!\u201d<\/p>\n<p>Fabiana Bertinelli | Editora<\/p>\n<\/blockquote>\n<figure class=\"wp-block-image size-full\"><img loading=\"lazy\" decoding=\"async\" width=\"676\" height=\"938\" alt=\"\" class=\"wp-image-4080839\"  data-lazy- src=\"https:\/\/agromt.news\/wp-content\/uploads\/2024\/12\/1734556814_66_Vem-ai-\u2018Porteira-Aberta-Empreender.png\"\/><img loading=\"lazy\" decoding=\"async\" width=\"676\" height=\"938\" src=\"https:\/\/agromt.news\/wp-content\/uploads\/2024\/12\/1734556814_66_Vem-ai-\u2018Porteira-Aberta-Empreender.png\" alt=\"\" class=\"wp-image-4080839\"  \/><figcaption class=\"wp-element-caption\">Wellington Borges | Editor de v\u00eddeo<\/figcaption><\/figure>\n<blockquote class=\"wp-block-quote is-layout-flow wp-block-quote-is-layout-flow\">\n<p>\u201cPoder participar e contribuir de um projeto t\u00e3o especial, que levar\u00e1 informa\u00e7\u00e3o e capacita\u00e7\u00e3o a todos os micro e pequenos empreendedores rurais, s\u00f3 engrandece e dignifica o nosso trabalho.\u201d<\/p>\n<p>Wellington Borges | Editor de v\u00eddeo<\/p>\n<\/blockquote>\n<figure class=\"wp-block-image size-large\"><img loading=\"lazy\" decoding=\"async\" width=\"1024\" height=\"576\" alt=\"\" class=\"wp-image-4080836\"  data-lazy- src=\"https:\/\/agromt.news\/wp-content\/uploads\/2024\/12\/1734556814_944_Vem-ai-\u2018Porteira-Aberta-Empreender.jpg\"\/><img loading=\"lazy\" decoding=\"async\" width=\"1024\" height=\"576\" src=\"https:\/\/agromt.news\/wp-content\/uploads\/2024\/12\/1734556814_944_Vem-ai-\u2018Porteira-Aberta-Empreender.jpg\" alt=\"\" class=\"wp-image-4080836\"  \/><figcaption class=\"wp-element-caption\">Queli \u00c1vila | Coordenadora do Porteira Aberta Empreender<br \/>\n<\/figcaption><\/figure>\n<blockquote class=\"wp-block-quote is-layout-flow wp-block-quote-is-layout-flow\">\n<p>\u201cCom o apoio do Sebrae, vamos construir um belo caminho contando hist\u00f3rias e dando dicas de empreendedorismo rural para al\u00e9m da porteira<strong>\u201d.<\/strong> Por isso:<strong><em> <\/em>Abra as porteiras do seu neg\u00f3cio e venha empreender com a gente.<\/strong>\u201d<\/p>\n<p>Queli \u00c1vila |Coordenadora <\/p>\n<\/blockquote><\/div>\n<p><br \/>\n<br \/><a href=\"https:\/\/www.canalrural.com.br\/empreendedorismo\/vem-ai-porteira-aberta-empreender\/\">Source link <\/a><\/p>\n","protected":false},"excerpt":{"rendered":"<p>No dia 20 de dezembro, \u00e0s 20h, estreia um programa pensado para os micro e pequenos produtores rurais. O projeto<\/p>\n","protected":false},"author":1,"featured_media":6847,"comment_status":"open","ping_status":"open","sticky":false,"template":"","format":"standard","meta":{"_monsterinsights_skip_tracking":false,"_monsterinsights_sitenote_active":false,"_monsterinsights_sitenote_note":"","_monsterinsights_sitenote_category":0,"_uf_show_specific_survey":0,"_uf_disable_surveys":false,"footnotes":""},"categories":[1],"tags":[],"class_list":["post-6846","post","type-post","status-publish","format-standard","has-post-thumbnail","hentry","category-news"],"_links":{"self":[{"href":"https:\/\/agromt.news\/index.php?rest_route=\/wp\/v2\/posts\/6846"}],"collection":[{"href":"https:\/\/agromt.news\/index.php?rest_route=\/wp\/v2\/posts"}],"about":[{"href":"https:\/\/agromt.news\/index.php?rest_route=\/wp\/v2\/types\/post"}],"author":[{"embeddable":true,"href":"https:\/\/agromt.news\/index.php?rest_route=\/wp\/v2\/users\/1"}],"replies":[{"embeddable":true,"href":"https:\/\/agromt.news\/index.php?rest_route=%2Fwp%2Fv2%2Fcomments&post=6846"}],"version-history":[{"count":0,"href":"https:\/\/agromt.news\/index.php?rest_route=\/wp\/v2\/posts\/6846\/revisions"}],"wp:featuredmedia":[{"embeddable":true,"href":"https:\/\/agromt.news\/index.php?rest_route=\/wp\/v2\/media\/6847"}],"wp:attachment":[{"href":"https:\/\/agromt.news\/index.php?rest_route=%2Fwp%2Fv2%2Fmedia&parent=6846"}],"wp:term":[{"taxonomy":"category","embeddable":true,"href":"https:\/\/agromt.news\/index.php?rest_route=%2Fwp%2Fv2%2Fcategories&post=6846"},{"taxonomy":"post_tag","embeddable":true,"href":"https:\/\/agromt.news\/index.php?rest_route=%2Fwp%2Fv2%2Ftags&post=6846"}],"curies":[{"name":"wp","href":"https:\/\/api.w.org\/{rel}","templated":true}]}}