{"id":6831,"date":"2024-12-18T13:36:18","date_gmt":"2024-12-18T17:36:18","guid":{"rendered":"https:\/\/agromt.news\/?p=6831"},"modified":"2024-12-18T13:36:18","modified_gmt":"2024-12-18T17:36:18","slug":"uruguai-impede-aquisicao-de-unidades-da-marfrig-pela-minerva-no-pais","status":"publish","type":"post","link":"https:\/\/agromt.news\/?p=6831","title":{"rendered":"Uruguai impede aquisi\u00e7\u00e3o de unidades da Marfrig pela Minerva no pa\u00eds"},"content":{"rendered":"<p> <br \/>\n<br \/><img decoding=\"async\" src=\"https:\/\/agromt.news\/wp-content\/uploads\/2024\/12\/Uruguai-impede-aquisicao-de-unidades-da-Marfrig-pela-Minerva-no.jpeg\" \/><\/p>\n<div>\n<p>A Minerva e a Marfrig anunciaram que o \u00f3rg\u00e3o regulador de mercado do <strong><a href=\"https:\/\/www.canalrural.com.br\/tag\/uruguai\/\">Uruguai<\/a><\/strong> manteve a decis\u00e3o que impede a aquisi\u00e7\u00e3o de tr\u00eas plantas da Marfrig pela Minerva. A Marfrig disse que o pre\u00e7o atribu\u00eddo de aliena\u00e7\u00e3o dos Ativos Uruguai foi de R$ 675 milh\u00f5es, ajustado por cl\u00e1usulas contratuais, e que est\u00e1 depositado em conta garantia.<\/p>\n<p>A Minerva disse que tomou conhecimento acerca da decis\u00e3o do Ministerio de Econom\u00eda e Finanzas do Uruguai que manteve a decis\u00e3o da autoridade concorrencial uruguaia (Comisi\u00f3n de Promoci\u00f3n Y Defensa de la Competencia Coprodec \u2013 CPDC), n\u00e3o aprovando a aquisi\u00e7\u00e3o de tr\u00eas estabelecimentos industriais de propriedade de controladas da Marfrig Global Foods S.A. no Uruguai (Opera\u00e7\u00e3o Uruguai).<\/p>\n<p>A Companhia informa que est\u00e1 analisando os termos da decis\u00e3o do minist\u00e9rio e seus efeitos sobre a Opera\u00e7\u00e3o Uruguai, assim como avaliando as poss\u00edveis medidas e a\u00e7\u00f5es legais cab\u00edveis a serem adotadas, inclusive, a reapresenta\u00e7\u00e3o do caso, conforme sugerido pelas autoridades uruguaias.<\/p>\n<p>A Marfrig tamb\u00e9m disse que recebeu a resolu\u00e7\u00e3o do Minist\u00e9rio da Economia do Uruguai ratificando a decis\u00e3o negando o recurso para a autoriza\u00e7\u00e3o de aliena\u00e7\u00e3o das unidades de abate de bovinos de Col\u00f4nia, Salto e San Jos\u00e9.<\/p>\n<p>Nos termos do respectivo contrato de compra e venda de a\u00e7\u00f5es relativos aos Ativos Uruguai, a obten\u00e7\u00e3o da aprova\u00e7\u00e3o do CDPC \u00e9 uma das condi\u00e7\u00f5es necess\u00e1rias para o fechamento da opera\u00e7\u00e3o.<\/p>\n<p>Por fim, as companhias reiteraram os seus compromissos de manter os acionistas e o mercado em geral acerca de desdobramentos relevantes dos assuntos tratados nos comunicados.<\/p>\n<\/div>\n<div>\n<h2 class=\"wp-block-heading\" id=\"h-reflexos\">Reflexos<\/h2>\n<p>Por causa do imbr\u00f3glio, as a\u00e7\u00f5es da Minerva e da Marfrig operam mistas ap\u00f3s an\u00fancio de uma segunda negativa do Uruguai. No come\u00e7o da tarde, os pap\u00e9is da Minerva (BEEF3) ca\u00edam 6,02%, a R$ 5,47, enquanto os da Marfrig (MRFG3) subiam 3,75%, a R$ 16,00.<\/p>\n<p>No entanto, o governo uruguaio destacou a possibilidade de a Minerva reabrir o processo na ag\u00eancia antitruste.<\/p>\n<h2 class=\"wp-block-heading\" id=\"h-historico\">Hist\u00f3rico<\/h2>\n<p>As duas companhias possuem um acordo  \u2013 realizado em agosto de 2023 \u2013 para venda de 16 plantas da Marfrig para a Minerva na Am\u00e9rica no Sul, uma transa\u00e7\u00e3o de R$ 7,5 bilh\u00f5es. O Conselho Administrativo de Defesa Econ\u00f4mica (<strong><a href=\"https:\/\/www.canalrural.com.br\/tag\/cade\/\">CADE)<\/a><\/strong> aprovou, com restri\u00e7\u00f5es, a aquisi\u00e7\u00e3o pela Minerva de parte do neg\u00f3cio de carne bovina e ovina da Marfrig. <\/p>\n<p>A opera\u00e7\u00e3o envolve 11 unidades de abate e desossa de bovinos no Brasil nos estados do Rio Grande do Sul, Mato Grosso, Mato Grosso do Sul, Par\u00e1, Goi\u00e1s, Rond\u00f4nia e S\u00e3o Paulo, al\u00e9m de uma unidade na Argentina e outra no Chile.<\/p>\n<\/p><\/div>\n<p><br \/>\n<br \/><a href=\"https:\/\/www.canalrural.com.br\/economia\/uruguai-impede-aquisicao-de-unidades-da-marfrig-pela-minerva-no-pais\/\">Source link <\/a><\/p>\n","protected":false},"excerpt":{"rendered":"<p>A Minerva e a Marfrig anunciaram que o \u00f3rg\u00e3o regulador de mercado do Uruguai manteve a decis\u00e3o que impede a<\/p>\n","protected":false},"author":1,"featured_media":6832,"comment_status":"open","ping_status":"open","sticky":false,"template":"","format":"standard","meta":{"_monsterinsights_skip_tracking":false,"_monsterinsights_sitenote_active":false,"_monsterinsights_sitenote_note":"","_monsterinsights_sitenote_category":0,"_uf_show_specific_survey":0,"_uf_disable_surveys":false,"footnotes":""},"categories":[1],"tags":[],"class_list":["post-6831","post","type-post","status-publish","format-standard","has-post-thumbnail","hentry","category-news"],"_links":{"self":[{"href":"https:\/\/agromt.news\/index.php?rest_route=\/wp\/v2\/posts\/6831"}],"collection":[{"href":"https:\/\/agromt.news\/index.php?rest_route=\/wp\/v2\/posts"}],"about":[{"href":"https:\/\/agromt.news\/index.php?rest_route=\/wp\/v2\/types\/post"}],"author":[{"embeddable":true,"href":"https:\/\/agromt.news\/index.php?rest_route=\/wp\/v2\/users\/1"}],"replies":[{"embeddable":true,"href":"https:\/\/agromt.news\/index.php?rest_route=%2Fwp%2Fv2%2Fcomments&post=6831"}],"version-history":[{"count":0,"href":"https:\/\/agromt.news\/index.php?rest_route=\/wp\/v2\/posts\/6831\/revisions"}],"wp:featuredmedia":[{"embeddable":true,"href":"https:\/\/agromt.news\/index.php?rest_route=\/wp\/v2\/media\/6832"}],"wp:attachment":[{"href":"https:\/\/agromt.news\/index.php?rest_route=%2Fwp%2Fv2%2Fmedia&parent=6831"}],"wp:term":[{"taxonomy":"category","embeddable":true,"href":"https:\/\/agromt.news\/index.php?rest_route=%2Fwp%2Fv2%2Fcategories&post=6831"},{"taxonomy":"post_tag","embeddable":true,"href":"https:\/\/agromt.news\/index.php?rest_route=%2Fwp%2Fv2%2Ftags&post=6831"}],"curies":[{"name":"wp","href":"https:\/\/api.w.org\/{rel}","templated":true}]}}