{"id":6818,"date":"2024-12-18T10:26:43","date_gmt":"2024-12-18T14:26:43","guid":{"rendered":"https:\/\/agromt.news\/?p=6818"},"modified":"2024-12-18T10:26:43","modified_gmt":"2024-12-18T14:26:43","slug":"fim-da-moratoria-da-soja-em-mt-vitoria-para-os-produtores","status":"publish","type":"post","link":"https:\/\/agromt.news\/?p=6818","title":{"rendered":"Fim da Morat\u00f3ria da Soja em MT; vit\u00f3ria para os produtores"},"content":{"rendered":"<p> <br \/>\n<br \/><img decoding=\"async\" src=\"https:\/\/agromt.news\/wp-content\/uploads\/2024\/12\/Fim-da-Moratoria-da-Soja-em-MT-vitoria-para-os.jpeg\" \/><\/p>\n<div>\n<p>Em reuni\u00e3o realizada nesta ter\u00e7a-feira (17), no Pal\u00e1cio Paiagu\u00e1s, em Cuiab\u00e1, a Associa\u00e7\u00e3o Brasileira das Ind\u00fastrias de \u00d3leos Vegetais (<a href=\"https:\/\/abiove.org.br\/\">Abiove<\/a>) anunciou o fim da Morat\u00f3ria da Soja em <a href=\"https:\/\/www.canalrural.com.br\/agricultura\/projeto-soja-brasil\/em-mt-evento-da-colheita-da-soja-abordara-sustentabilidade\/\">Mato Grosso<\/a>. A decis\u00e3o veio ap\u00f3s uma s\u00e9rie de press\u00f5es por parte dos produtores, representados pela Associa\u00e7\u00e3o dos Produtores de Soja e Milho de Mato Grosso (Aprosoja MT), e foi confirmada em audi\u00eancia com o governador do estado, Mauro Mendes.<\/p>\n<p>A nova Lei Estadual n.\u00ba 12.709\/2024, que trata da Morat\u00f3ria da Soja, impede a continuidade das listas restritivas \u00e0 soja produzida de acordo com o C\u00f3digo Florestal Brasileiro, o que garante uma vit\u00f3ria para os produtores que enfrentavam barreiras adicionais \u00e0 comercializa\u00e7\u00e3o, mesmo cumprindo as exig\u00eancias legais.<\/p>\n<h3 class=\"wp-block-heading\" id=\"h-pressao-dos-produtores-pelo-fim-da-moratoria-da-soja\">Press\u00e3o dos produtores pelo fim da Morat\u00f3ria da Soja<\/h3>\n<p>A mudan\u00e7a foi impulsionada pela press\u00e3o dos produtores, especialmente da Aprosoja MT, que j\u00e1 havia manifestado seu descontentamento com as restri\u00e7\u00f5es impostas pela morat\u00f3ria, que afetavam principalmente aqueles que cumpriam com as obriga\u00e7\u00f5es ambientais estabelecidas pelo C\u00f3digo Florestal. O presidente da Aprosoja MT, Lucas Costa Beber, comemorou o avan\u00e7o.<\/p>\n<p>\u201dHoje, temos a garantia do fim da Morat\u00f3ria da Soja. Vamos estar envolvidos na elabora\u00e7\u00e3o do decreto de regulamenta\u00e7\u00e3o, para que n\u00e3o haja brechas e, de fato, o C\u00f3digo Florestal Brasileiro, uma das legisla\u00e7\u00f5es ambientais mais rigorosas do mundo, seja respeitado. N\u00e3o podemos permitir que produtores que cumpram a lei sejam penalizados\u201d, afirmou Beber.<\/p>\n<\/div>\n<div>\n<p>Durante a reuni\u00e3o, o governador Mauro Mendes refor\u00e7ou o compromisso do estado em seguir as diretrizes do C\u00f3digo Florestal e garantiu que um decreto ser\u00e1 elaborado para oficializar o fim das restri\u00e7\u00f5es \u00e0 soja devido \u00e0 Morat\u00f3ria da Soja.<\/p>\n<p>\u201dEstamos reunidos com a Aprosoja MT, a Assembleia Legislativa e outros setores para discutir e garantir que, em Mato Grosso, n\u00e3o haver\u00e1 exig\u00eancias que desrespeitem o C\u00f3digo Florestal Brasileiro. A lei que foi aprovada pela Assembleia Legislativa tem um objetivo claro: n\u00e3o haver\u00e1 nenhuma exig\u00eancia al\u00e9m daquilo que est\u00e1 previsto pela legisla\u00e7\u00e3o federal\u201d. afirmou o governador.<\/p>\n<h3 class=\"wp-block-heading\" id=\"h-proximos-passos\">Pr\u00f3ximos passos <\/h3>\n<p>A Aprosoja MT tamb\u00e9m expressou agradecimento aos deputados estaduais que desempenharam papel fundamental na aprova\u00e7\u00e3o da lei, especialmente ao deputado Gilberto Cattani (PL), autor da proposta, e aos deputados Janaina Riva (MDB) e Dilmar Dal Bosco (Uni\u00e3o), que se engajaram ativamente em defesa dos produtores. <\/p>\n<p>A Associa\u00e7\u00e3o Matogrossense dos Munic\u00edpios (AMM) e a Uni\u00e3o das C\u00e2maras Municipais do Estado de Mato Grosso (UCMMAT) tamb\u00e9m foram elogiadas pela sua atua\u00e7\u00e3o em apoio \u00e0 causa.<\/p>\n<p>Com a elimina\u00e7\u00e3o das restri\u00e7\u00f5es adicionais \u00e0 soja produzida conforme o C\u00f3digo Florestal, o setor produtivo do estado celebra um importante passo para o fortalecimento da atividade agropecu\u00e1ria em Mato Grosso e a seguran\u00e7a jur\u00eddica para os produtores.<\/p>\n<\/p><\/div>\n<p><br \/>\n<br \/><a href=\"https:\/\/www.canalrural.com.br\/agricultura\/projeto-soja-brasil\/fim-da-moratoria-da-soja-mt-vitoria-para-os-produtores\/\">Source link <\/a><\/p>\n","protected":false},"excerpt":{"rendered":"<p>Em reuni\u00e3o realizada nesta ter\u00e7a-feira (17), no Pal\u00e1cio Paiagu\u00e1s, em Cuiab\u00e1, a Associa\u00e7\u00e3o Brasileira das Ind\u00fastrias de \u00d3leos Vegetais (Abiove)<\/p>\n","protected":false},"author":1,"featured_media":6819,"comment_status":"open","ping_status":"open","sticky":false,"template":"","format":"standard","meta":{"_monsterinsights_skip_tracking":false,"_monsterinsights_sitenote_active":false,"_monsterinsights_sitenote_note":"","_monsterinsights_sitenote_category":0,"_uf_show_specific_survey":0,"_uf_disable_surveys":false,"footnotes":""},"categories":[1],"tags":[],"class_list":["post-6818","post","type-post","status-publish","format-standard","has-post-thumbnail","hentry","category-news"],"_links":{"self":[{"href":"https:\/\/agromt.news\/index.php?rest_route=\/wp\/v2\/posts\/6818"}],"collection":[{"href":"https:\/\/agromt.news\/index.php?rest_route=\/wp\/v2\/posts"}],"about":[{"href":"https:\/\/agromt.news\/index.php?rest_route=\/wp\/v2\/types\/post"}],"author":[{"embeddable":true,"href":"https:\/\/agromt.news\/index.php?rest_route=\/wp\/v2\/users\/1"}],"replies":[{"embeddable":true,"href":"https:\/\/agromt.news\/index.php?rest_route=%2Fwp%2Fv2%2Fcomments&post=6818"}],"version-history":[{"count":0,"href":"https:\/\/agromt.news\/index.php?rest_route=\/wp\/v2\/posts\/6818\/revisions"}],"wp:featuredmedia":[{"embeddable":true,"href":"https:\/\/agromt.news\/index.php?rest_route=\/wp\/v2\/media\/6819"}],"wp:attachment":[{"href":"https:\/\/agromt.news\/index.php?rest_route=%2Fwp%2Fv2%2Fmedia&parent=6818"}],"wp:term":[{"taxonomy":"category","embeddable":true,"href":"https:\/\/agromt.news\/index.php?rest_route=%2Fwp%2Fv2%2Fcategories&post=6818"},{"taxonomy":"post_tag","embeddable":true,"href":"https:\/\/agromt.news\/index.php?rest_route=%2Fwp%2Fv2%2Ftags&post=6818"}],"curies":[{"name":"wp","href":"https:\/\/api.w.org\/{rel}","templated":true}]}}