{"id":6813,"date":"2024-12-18T08:26:30","date_gmt":"2024-12-18T12:26:30","guid":{"rendered":"https:\/\/agromt.news\/?p=6813"},"modified":"2024-12-18T08:26:30","modified_gmt":"2024-12-18T12:26:30","slug":"como-ficam-as-chuvas-climatempo-explica","status":"publish","type":"post","link":"https:\/\/agromt.news\/?p=6813","title":{"rendered":"como ficam as chuvas? Climatempo explica"},"content":{"rendered":"<p> <br \/>\n<\/p>\n<div>\n<p>O <strong><a href=\"https:\/\/www.canalrural.com.br\/tag\/verao\/\">ver\u00e3o<\/a><\/strong> 2024\/2025 come\u00e7a oficialmente \u00e0s 6h21 do dia 21 de dezembro de 2024 e segue at\u00e9 \u00e0s 6h02 do dia 20 de Mar\u00e7o de 2025. Mas, neste ver\u00e3o, n\u00e3o teremos os impactos do fen\u00f4meno El Ni\u00f1o \u2013 \u00e9 o que informa o Instituto <strong><a href=\"https:\/\/www.canalrural.com.br\/tag\/climatempo\/\">Climatempo<\/a><\/strong>. No ano passado, o fen\u00f4meno colaborou para manter a atmosfera global muito aquecida, contribuindo para ocorr\u00eancia de ondas de calor e de eventos extremos no Brasil.<\/p>\n<h2 class=\"wp-block-heading\" id=\"h-verao-sem-la-nina\">Ver\u00e3o sem La Ni\u00f1a<\/h2>\n<p>Globalmente os oceanos permanecem quentes, havendo tend\u00eancia de resfriamento apenas no Pac\u00edfico Equatorial na costa do Peru, mas sem alcan\u00e7ar a configura\u00e7\u00e3o de um La Ni\u00f1a. O fato de o oceano Pac\u00edfico Equatorial na costa do Peru estar com uma tend\u00eancia de resfriamento, vai influenciar o padr\u00e3o de chuva e de temperatura no Brasil neste pr\u00f3ximo ver\u00e3o. Um dos efeitos desse padr\u00e3o frio \u00e9 o de facilitar a forma\u00e7\u00e3o de corredores de umidade entre o Norte, o Centro-Oeste e o Sudeste do Brasil.<\/p>\n<h2 class=\"wp-block-heading\" id=\"h-chuvas-no-verao\">Chuvas no ver\u00e3o<\/h2>\n<p>A chuva mais volumosa e frequente do ver\u00e3o 2024\/2025 deve ocorrer nas Regi\u00f5es Sudeste, Centro-Oeste, em muitas \u00e1reas do Norte e em parte do Nordeste. Na Regi\u00e3o Sul, o ver\u00e3o ser\u00e1 marcado por chuva irregular e espa\u00e7ada, com v\u00e1rios dias de predom\u00ednio de tempo seco entre um epis\u00f3dio e outro de instabilidade.<\/p>\n<h2 class=\"wp-block-heading\" id=\"h-temperaturas\">Temperaturas<\/h2>\n<p>N\u00e3o h\u00e1 expectativa de ondas de calor de grande abrang\u00eancia sobre o Brasil, como no ver\u00e3o 23\/24, mas a Regi\u00e3o Sul e tamb\u00e9m a Regi\u00e3o Norte devem experimentar per\u00edodos quentes, com alguns dias com calor acima do normal. No Sul, especialmente no Rio Grande do Sul, h\u00e1 tend\u00eancia de aquecimento.<\/p>\n<p>A expectativa de mais nebulosidade e chuva sobre o pa\u00eds neste ver\u00e3o vai evitar os longos per\u00edodos de calor intenso no Centro-Oeste e no Sudeste, como ocorreu no ver\u00e3o 2023\/2024.<\/p>\n<h2 class=\"wp-block-heading\" id=\"h-frentes-frias-e-zcas\">Frentes frias e ZCAS<\/h2>\n<p>O balan\u00e7o de temperatura da superf\u00edcie do mar no Atl\u00e2ntico Sul ser\u00e1 favor\u00e1vel ao avan\u00e7o das frentes frias pela costa do Sul e da regi\u00e3o Sudeste. A passagem destas frentes ajuda a canalizar o ar \u00famido do Norte para o Centro-Oeste e para o Sudeste estimulando as \u00e1reas de instabilidade. H\u00e1 possibilidade de forma\u00e7\u00e3o da Zona de Converg\u00eancia do Atl\u00e2ntico Sul (ZCAS).<\/p>\n<h2 class=\"wp-block-heading\" id=\"h-zona-de-convergencia-intertropical\">Zona de Converg\u00eancia Intertropical<\/h2>\n<p>Segundo o Climatempo, para o ver\u00e3o 2025, a previs\u00e3o \u00e9 de que ocorra um atraso na aproxima\u00e7\u00e3o da Zona de Converg\u00eancia Intertropical (ZCIT), pois o balan\u00e7o de temperatura da superf\u00edcie do mar entre o Atl\u00e2ntico Tropical Norte e Tropical Sul n\u00e3o est\u00e1 favor\u00e1vel.<\/p>\n<p>O Atl\u00e2ntico Tropical Norte est\u00e1 mais quente que o Atl\u00e2ntico Tropical Sul, o que dificulta a aproxima\u00e7\u00e3o da ZCIT na costa norte do Brasil. As \u00e1reas de instabilidade tendem a se organizar nas \u00e1reas oce\u00e2nicas mais quentes.<\/p>\n<p>Durante o ver\u00e3o e o outono no Hemisf\u00e9rio Sul, a ZCIT \u00e9 o principal sistema meteorol\u00f3gico que contribui para chuva volumosa no Nordeste e em parte no Norte do pa\u00eds.<\/p>\n<h2 class=\"wp-block-heading\" id=\"h-oceanos-quentes\">Oceanos quentes<\/h2>\n<p>A circula\u00e7\u00e3o atmosf\u00e9rica e oce\u00e2nica no ver\u00e3o 2025 no Hemisf\u00e9rio Sul sentir\u00e1 a influ\u00eancia dos oceanos quentes, como j\u00e1 ocorreu no ver\u00e3o passado.<\/p>\n<p>Globalmente, a maioria das \u00e1reas oce\u00e2nicas do planeta continua com temperatura acima da m\u00e9dia. Apenas a por\u00e7\u00e3o central e leste do Pac\u00edfico Equatorial, na costa peruana, est\u00e1 com temperatura um pouco abaixo da m\u00e9dia.<\/p>\n<figure class=\"wp-block-image size-full\"><img fetchpriority=\"high\" decoding=\"async\" width=\"960\" height=\"638\" alt=\"Oceano Pac\u00edfico\" class=\"wp-image-224927\"  data-lazy- src=\"https:\/\/agromt.news\/wp-content\/uploads\/2024\/12\/como-ficam-as-chuvas-Climatempo-explica.jpg\"\/><img decoding=\"async\" width=\"960\" height=\"638\" src=\"https:\/\/agromt.news\/wp-content\/uploads\/2024\/12\/como-ficam-as-chuvas-Climatempo-explica.jpg\" alt=\"Oceano Pac\u00edfico\" class=\"wp-image-224927\"  \/><figcaption class=\"wp-element-caption\">Foto: Pixabay<\/figcaption><\/figure>\n<p>A tend\u00eancia do Pac\u00edfico equatorial um pouco frio ser\u00e1 respons\u00e1vel apenas por uma parte do est\u00edmulo para que o ver\u00e3o 2025 seja com mais chuva do que o normal no Brasil. Ao longo da esta\u00e7\u00e3o, outros fen\u00f4menos de escala mensal devem atuar para aumentar ou reduzir a chuva em algumas por\u00e7\u00f5es do pa\u00eds.<\/p>\n<\/div>\n<div>\n<h2 class=\"wp-block-heading\" id=\"h-destaques-regionais\">Destaques regionais<\/h2>\n<p><strong>Sul:<\/strong> risco de ondas de calor principalmente no oeste dos estados de RS, SC e PR. Temperaturas mais elevadas e picos de calor em Porto Alegre. Leste de SC e PR tendem a apresentar temperaturas mais pr\u00f3ximas da m\u00e9dia, com um calor moderado.<\/p>\n<p>Janeiro com chuva irregular e mal distribu\u00eddas ao longo do m\u00eas. Fevereiro tende a ter chuva um pouco acima da m\u00e9dia no Sul, com pancadas frequentes, mesmo que de forma isolada. As frentes frias tendem a passar rapidamente sobre a regi\u00e3o.<\/p>\n<p><strong>Sudeste: <\/strong>altern\u00e2ncia entre semanas chuvosas com temperaturas pr\u00f3ximas e\/ou abaixo da m\u00e9dia e semanas de calor e pancadas de chuva t\u00edpicas de ver\u00e3o. O ver\u00e3o 2025 ser\u00e1 menos quente do que o ver\u00e3o de 2023\/2024, com per\u00edodos mornos pelo litoral da regi\u00e3o, no leste de SP, RJ, ES, sul e leste de MG.<\/p>\n<p>As frentes frias avan\u00e7am com frequ\u00eancia pela costa do Sudeste e ajudam a organizar os corredores de umidade, que aumentam a chuva, com possibilidade de forma\u00e7\u00e3o de ZCAS. A esta\u00e7\u00e3o ter\u00e1 mais chuva para o Sudeste do que no ver\u00e3o 2023\/2024, o que vai ajudar a manter a temperatura pr\u00f3xima da m\u00e9dia<\/p>\n<p><strong>Centro-Oeste: <\/strong>frequente forma\u00e7\u00e3o de corredores de umidade e possibilidade de ocorr\u00eancia de ZCAS. Volumes de chuva acima da m\u00e9dia, principalmente, no GO, MT e leste do MS.<br \/>N\u00e3o devem ocorrer ondas de calor frequentes, mas eventuais picos de calor podem afetar o centro-sul e oeste do MS ao longo do ver\u00e3o.<\/p>\n<p>O ver\u00e3o 2025 trar\u00e1 chuvas mais volumosas e frequentes do que no ver\u00e3o 2023\/2024, o que vai deixar as temperaturas pr\u00f3ximas da m\u00e9dia.<\/p>\n<p><strong>Nordeste:<\/strong> irregularidade da chuva continua no MA-TO-PI-BA na primeira quinzena de janeiro, o que far\u00e1 a temperatura subir bastante. Destaque para a atua\u00e7\u00e3o de corredores de umidade que estar\u00e3o posicionados para norte da posi\u00e7\u00e3o climatol\u00f3gica, o que favorece a ocorr\u00eancia de chuvas acima da m\u00e9dia em grande parte do Nordeste.<\/p>\n<p>De acordo com o Climatempo, haver\u00e1 atraso na aproxima\u00e7\u00e3o da ZCIT no litoral norte do nordeste. A partir da segunda quinzena de janeiro esse sistema come\u00e7a a se deslocar para a regi\u00e3o favorecendo chuvas frequentes. A esta\u00e7\u00e3o ser\u00e1 de calor intenso no leste da BA, SE, AL e PE .<\/p>\n<p><strong>Norte:<\/strong> tempo abafado na maioria das regi\u00f5es, com temperaturas acima da m\u00e9dia em praticamente toda a regi\u00e3o. Frequente forma\u00e7\u00e3o de corredores de umidade e possibilidade de epis\u00f3dios de ZCAS.<\/p>\n<p>Apesar da previs\u00e3o de chover menos do que a m\u00e9dia durante o ver\u00e3o, a chuva \u00e9 volumosa e frequente, o que favorece a recupera\u00e7\u00e3o gradual dos rios na regi\u00e3o. N\u00e3o deve ocorrer novo recorde hist\u00f3rico de vaz\u00e3o baixa nos rios da Amaz\u00f4nia.<\/p>\n<\/p><\/div>\n<p><br \/>\n<br \/><a href=\"https:\/\/www.canalrural.com.br\/tempo\/verao-esta-chegando-como-ficam-as-chuvas-climatempo-explica\/\">Source link <\/a><\/p>\n","protected":false},"excerpt":{"rendered":"<p>O ver\u00e3o 2024\/2025 come\u00e7a oficialmente \u00e0s 6h21 do dia 21 de dezembro de 2024 e segue at\u00e9 \u00e0s 6h02 do<\/p>\n","protected":false},"author":1,"featured_media":6814,"comment_status":"open","ping_status":"open","sticky":false,"template":"","format":"standard","meta":{"_monsterinsights_skip_tracking":false,"_monsterinsights_sitenote_active":false,"_monsterinsights_sitenote_note":"","_monsterinsights_sitenote_category":0,"_uf_show_specific_survey":0,"_uf_disable_surveys":false,"footnotes":""},"categories":[1],"tags":[],"class_list":["post-6813","post","type-post","status-publish","format-standard","has-post-thumbnail","hentry","category-news"],"_links":{"self":[{"href":"https:\/\/agromt.news\/index.php?rest_route=\/wp\/v2\/posts\/6813"}],"collection":[{"href":"https:\/\/agromt.news\/index.php?rest_route=\/wp\/v2\/posts"}],"about":[{"href":"https:\/\/agromt.news\/index.php?rest_route=\/wp\/v2\/types\/post"}],"author":[{"embeddable":true,"href":"https:\/\/agromt.news\/index.php?rest_route=\/wp\/v2\/users\/1"}],"replies":[{"embeddable":true,"href":"https:\/\/agromt.news\/index.php?rest_route=%2Fwp%2Fv2%2Fcomments&post=6813"}],"version-history":[{"count":0,"href":"https:\/\/agromt.news\/index.php?rest_route=\/wp\/v2\/posts\/6813\/revisions"}],"wp:featuredmedia":[{"embeddable":true,"href":"https:\/\/agromt.news\/index.php?rest_route=\/wp\/v2\/media\/6814"}],"wp:attachment":[{"href":"https:\/\/agromt.news\/index.php?rest_route=%2Fwp%2Fv2%2Fmedia&parent=6813"}],"wp:term":[{"taxonomy":"category","embeddable":true,"href":"https:\/\/agromt.news\/index.php?rest_route=%2Fwp%2Fv2%2Fcategories&post=6813"},{"taxonomy":"post_tag","embeddable":true,"href":"https:\/\/agromt.news\/index.php?rest_route=%2Fwp%2Fv2%2Ftags&post=6813"}],"curies":[{"name":"wp","href":"https:\/\/api.w.org\/{rel}","templated":true}]}}