{"id":6810,"date":"2024-12-18T07:29:16","date_gmt":"2024-12-18T11:29:16","guid":{"rendered":"https:\/\/agromt.news\/?p=6810"},"modified":"2024-12-18T07:29:16","modified_gmt":"2024-12-18T11:29:16","slug":"dolar-em-alta-impulsiona-precos-do-milho-na-b3","status":"publish","type":"post","link":"https:\/\/agromt.news\/?p=6810","title":{"rendered":"D\u00f3lar em alta impulsiona pre\u00e7os do milho na B3"},"content":{"rendered":"<p> <br \/>\n<\/p>\n<div>\n<div class=\"row\">\n<div class=\"col-lg col-infos mt-3 mt-lg-0\">\n<div class=\"section-sub-title\">\n<p itemprop=\"description\">&#13;<br \/>\n                                A valoriza\u00e7\u00e3o do d\u00f3lar frente ao real \u00e9 um dos principais fatores &#13;\n                            <\/p>\n<\/p><\/div>\n<div class=\"container\">\n<div class=\"row\">\n<div class=\"col-lg p-0\">\n<div>\n<div class=\"block-news-main-infos mt-3 text-start\">\n<p>                                            <strong class=\"fn\" itemprop=\"author\" style=\"color: rgb(112, 112, 112); \">&#13;<br \/>\n                                                <a href=\"https:\/\/www.agrolink.com.br\/noticias\/javascript:;\" class=\"text-uppercase\" target=\"_blank\" style=\"color: rgb(112, 112, 112); \" rel=\"noopener\">Agrolink<\/a>&#13;<br \/>\n&#13;<br \/>\n                                                    &#8211; Leonardo Gottems&#13;<br \/>\n&#13;<br \/>\n                                            <\/strong><br \/>\n                                        <\/p>\n<p>                                            <abbr><time datetime=\"2024-12-18T08:02\" itemprop=\"datePublished dateModified\">Publicado em 18\/12\/2024 \u00e0s 08:02h.<\/time><\/abbr><br \/>\n                                            <\/p><\/div>\n<\/p><\/div>\n<\/p><\/div>\n<div class=\"col-lg p-0 text-lg-end\">\n<div>\n<div id=\"mdEnviarPagina\" class=\"modal fade\" role=\"dialog\">\n<div class=\"modal-dialog\">\n<div class=\"modal-content\">\n<div class=\"modal-body\">\n<p><strong>Estimado usu\u00e1rio.<\/strong><br \/>Preencha o formul\u00e1rio abaixo para remeter a p\u00e1gina.<\/p>\n<\/p><\/div>\n<\/p><\/div>\n<\/p><\/div>\n<\/div><\/div>\n<\/p><\/div>\n<\/p><\/div>\n<\/p><\/div>\n<\/p><\/div>\n<\/p><\/div>\n<div class=\"row justify-content-md-center mt-3\">\n<div class=\"col-lg-auto col-image  block-news-main-image d-none d-md-block\">\n<p>                            <img decoding=\"async\" src=\"https:\/\/www.agrolink.com.br\/upload\/imagens-resizes\/520facdd128b4269956ec784725c67d5_858x483.jpg\" class=\"lazyload \" alt=\"Nesse contexto, os contratos futuros de milho na B3 fecharam o dia em alta\"\/><br \/>\n                                            <span class=\"d-block mt-1\">Nesse contexto, os contratos futuros de milho na B3 fecharam o dia em alta &#8211; Foto: Pixabay<\/span><\/p><\/div>\n<\/p><\/div>\n<div class=\"section-description section-description-noticias mt-3\">\n<p>De acordo com informa\u00e7\u00f5es da TF Agroecon\u00f4mica, os principais contratos de <a href=\"https:\/\/www.agrolink.com.br\/culturas\/milho?utm_source=agrolink-detalhe-noticia&amp;utm_medium=detalhe-noticia&amp;utm_campaign=links-internos&#9;\" target=\"_blank\" rel=\"noopener\">milho<\/a> encerraram a ter\u00e7a-feira (17) com valoriza\u00e7\u00e3o, apesar de um cen\u00e1rio internacional negativo. Na Bolsa de Chicago, o contrato para dezembro\/24 foi cotado a US$ 4,43, registrando queda de 1,5 pontos. Contudo, o d\u00f3lar teve uma alta expressiva, alcan\u00e7ando a m\u00e1xima de R$ 6,207 e fechando o dia em R$ 6,096. Esse movimento garantiu melhores margens aos exportadores no porto, impactando positivamente os pre\u00e7os futuros do cereal no mercado interno. \u00a0&#13;\n<\/p>\n<p>Nesse contexto, os contratos futuros de milho na B3 fecharam o dia em alta. O vencimento janeiro\/25 subiu R$ 0,56, encerrando a R$ 74,56, embora acumule baixa de R$ 1,36 na semana. O contrato mar\u00e7o\/25 teve alta de R$ 0,54, finalizando em R$ 73,70, mas ainda registra perda semanal de R$ 0,47. J\u00e1 o vencimento maio\/25 tamb\u00e9m avan\u00e7ou R$ 0,54 no dia, sendo cotado a R$ 73,07, com uma leve queda semanal de R$ 0,06. \u00a0<\/p>\n<p>A valoriza\u00e7\u00e3o do d\u00f3lar frente ao real \u00e9 um dos principais fatores que sustentaram as cota\u00e7\u00f5es na B3, mesmo em um dia de queda nos pre\u00e7os internacionais. Essa alta cambial favorece a competitividade do milho brasileiro no mercado externo, elevando as margens dos exportadores e influenciando diretamente o mercado interno. \u00a0&#13;\n<\/p>\n<p>O desempenho do d\u00f3lar e sua rela\u00e7\u00e3o com o mercado internacional refor\u00e7am a import\u00e2ncia de monitorar as vari\u00e1veis cambiais. Para os players do setor, especialmente em um momento de volatilidade, o c\u00e2mbio segue como um elemento decisivo para a forma\u00e7\u00e3o de pre\u00e7os e para estrat\u00e9gias comerciais no agroneg\u00f3cio brasileiro.<br \/>&#13;<br \/>\n\u00a0<\/p>\n<\/p><\/div>\n<\/p><\/div>\n<p><script data-cfasync=\"false\">\n    !function (f, b, e, v, n, t, s) {\n        if (f.fbq) return; n = f.fbq = function () {\n            n.callMethod ?\n                n.callMethod.apply(n, arguments) : n.queue.push(arguments)\n        };\n        if (!f._fbq) f._fbq = n; n.push = n; n.loaded = !0; n.version = '2.0';\n        n.queue = []; t = b.createElement(e); t.async = !0;\n        t.src = v; s = b.getElementsByTagName(e)[0];\n        s.parentNode.insertBefore(t, s)\n    }(window, document, 'script',\n        'https:\/\/connect.facebook.net\/en_US\/fbevents.js');\n    fbq('init', '522546078623747');\n    fbq('track', 'PageView');\n<\/script><br \/>\n<br \/><br \/>\n<br \/><a href=\"https:\/\/www.agrolink.com.br\/noticias\/dolar-em-alta-impulsiona-precos-do-milho-na-b3_497764.html\">Source link <\/a><\/p>\n","protected":false},"excerpt":{"rendered":"<p>&#13; A valoriza\u00e7\u00e3o do d\u00f3lar frente ao real \u00e9 um dos principais fatores &#13; &#13; Agrolink&#13; &#13; &#8211; Leonardo Gottems&#13;<\/p>\n","protected":false},"author":1,"featured_media":2561,"comment_status":"open","ping_status":"open","sticky":false,"template":"","format":"standard","meta":{"_monsterinsights_skip_tracking":false,"_monsterinsights_sitenote_active":false,"_monsterinsights_sitenote_note":"","_monsterinsights_sitenote_category":0,"_uf_show_specific_survey":0,"_uf_disable_surveys":false,"footnotes":""},"categories":[8,1,14],"tags":[],"class_list":["post-6810","post","type-post","status-publish","format-standard","has-post-thumbnail","hentry","category-agro","category-news","category-politica-agro"],"_links":{"self":[{"href":"https:\/\/agromt.news\/index.php?rest_route=\/wp\/v2\/posts\/6810"}],"collection":[{"href":"https:\/\/agromt.news\/index.php?rest_route=\/wp\/v2\/posts"}],"about":[{"href":"https:\/\/agromt.news\/index.php?rest_route=\/wp\/v2\/types\/post"}],"author":[{"embeddable":true,"href":"https:\/\/agromt.news\/index.php?rest_route=\/wp\/v2\/users\/1"}],"replies":[{"embeddable":true,"href":"https:\/\/agromt.news\/index.php?rest_route=%2Fwp%2Fv2%2Fcomments&post=6810"}],"version-history":[{"count":0,"href":"https:\/\/agromt.news\/index.php?rest_route=\/wp\/v2\/posts\/6810\/revisions"}],"wp:featuredmedia":[{"embeddable":true,"href":"https:\/\/agromt.news\/index.php?rest_route=\/wp\/v2\/media\/2561"}],"wp:attachment":[{"href":"https:\/\/agromt.news\/index.php?rest_route=%2Fwp%2Fv2%2Fmedia&parent=6810"}],"wp:term":[{"taxonomy":"category","embeddable":true,"href":"https:\/\/agromt.news\/index.php?rest_route=%2Fwp%2Fv2%2Fcategories&post=6810"},{"taxonomy":"post_tag","embeddable":true,"href":"https:\/\/agromt.news\/index.php?rest_route=%2Fwp%2Fv2%2Ftags&post=6810"}],"curies":[{"name":"wp","href":"https:\/\/api.w.org\/{rel}","templated":true}]}}