{"id":6803,"date":"2024-12-17T23:16:37","date_gmt":"2024-12-18T03:16:37","guid":{"rendered":"https:\/\/agromt.news\/?p=6803"},"modified":"2024-12-17T23:16:37","modified_gmt":"2024-12-18T03:16:37","slug":"industria-arrozeira-portuguesa-enfrenta-crise","status":"publish","type":"post","link":"https:\/\/agromt.news\/?p=6803","title":{"rendered":"Ind\u00fastria arrozeira portuguesa enfrenta crise"},"content":{"rendered":"<p> <br \/>\n<\/p>\n<div>\n<div class=\"row\">\n<div class=\"col-lg col-infos mt-3 mt-lg-0\">\n<div class=\"section-sub-title\">\n<p itemprop=\"description\">&#13;<br \/>\n                                Al\u00e9m da queda nos pre\u00e7os, o setor sofre com estoques remanescentes&#13;\n                            <\/p>\n<\/p><\/div>\n<div class=\"container\">\n<div class=\"row\">\n<div class=\"col-lg p-0\">\n<div>\n<div class=\"block-news-main-infos mt-3 text-start\">\n<p>                                            <strong class=\"fn\" itemprop=\"author\" style=\"color: rgb(112, 112, 112); \">&#13;<br \/>\n                                                <a href=\"https:\/\/www.agrolink.com.br\/noticias\/javascript:;\" class=\"text-uppercase\" target=\"_blank\" style=\"color: rgb(112, 112, 112); \" rel=\"noopener\">Agrolink<\/a>&#13;<br \/>\n&#13;<br \/>\n                                                    &#8211; Leonardo Gottems&#13;<br \/>\n&#13;<br \/>\n                                            <\/strong><br \/>\n                                        <\/p>\n<p>                                            <abbr><time datetime=\"2024-12-17T06:23\" itemprop=\"datePublished dateModified\">Publicado em 17\/12\/2024 \u00e0s 06:23h.<\/time><\/abbr><br \/>\n                                            <\/p><\/div>\n<\/p><\/div>\n<\/p><\/div>\n<div class=\"col-lg p-0 text-lg-end\">\n<div>\n<div id=\"mdEnviarPagina\" class=\"modal fade\" role=\"dialog\">\n<div class=\"modal-dialog\">\n<div class=\"modal-content\">\n<div class=\"modal-body\">\n<p><strong>Estimado usu\u00e1rio.<\/strong><br \/>Preencha o formul\u00e1rio abaixo para remeter a p\u00e1gina.<\/p>\n<\/p><\/div>\n<\/p><\/div>\n<\/p><\/div>\n<\/div><\/div>\n<\/p><\/div>\n<\/p><\/div>\n<\/p><\/div>\n<\/p><\/div>\n<\/p><\/div>\n<div class=\"row justify-content-md-center mt-3\">\n<div class=\"col-lg-auto col-image  block-news-main-image d-none d-md-block\">\n<p>                            <img decoding=\"async\" src=\"https:\/\/www.agrolink.com.br\/upload\/imagens-resizes\/d59b739ce6be49d8b1f00b9d55d9fc54_858x483.jpg\" class=\"lazyload \" alt=\"Al\u00e9m da queda nos pre\u00e7os, o setor sofre com estoques remanescentes\"\/><br \/>\n                                            <span class=\"d-block mt-1\">Al\u00e9m da queda nos pre\u00e7os, o setor sofre com estoques remanescentes &#8211; Foto: coniferconifer<\/span><\/p><\/div>\n<\/p><\/div>\n<div class=\"section-description section-description-noticias mt-3\">\n<p>A ind\u00fastria de <a href=\"https:\/\/www.agrolink.com.br\/culturas\/arroz\/?utm_source=agrolink-detalhe-noticia&amp;utm_medium=detalhe-noticia&amp;utm_campaign=links-internos\" target=\"_blank\" rel=\"noopener\">arroz<\/a> em Portugal atravessa uma grave crise, com perdas estimadas em cerca de 40 milh\u00f5es de euros, conforme divulgado pela ag\u00eancia Lusa. Apesar da boa qualidade da safra deste ano, os pre\u00e7os de venda despencaram de 550 euros por tonelada na campanha anterior para 350 euros nesta safra, tornando o cultivo economicamente invi\u00e1vel. Jo\u00e3o Reis Mendes, presidente da Aparroz, associa\u00e7\u00e3o de produtores de <a href=\"https:\/\/www.agrolink.com.br\/culturas\/arroz\/?utm_source=agrolink-detalhe-noticia&amp;utm_medium=detalhe-noticia&amp;utm_campaign=links-internos\" target=\"_blank\" rel=\"noopener\">arroz<\/a>, alertou que o setor enfrenta condi\u00e7\u00f5es cr\u00edticas: \u201cEstamos a produzir abaixo dos custos, o que compromete a sustentabilidade de cerca de 1.500 agricultores.\u201d \u00a0&#13;\n<\/p>\n<p>Al\u00e9m da queda nos pre\u00e7os, o setor sofre com estoques remanescentes do ano anterior que n\u00e3o foram vendidos e com a redu\u00e7\u00e3o nas exporta\u00e7\u00f5es para o Oriente M\u00e9dio, regi\u00e3o que tem sido dominada pelo arroz dos Estados Unidos e da Austr\u00e1lia. Embora o pre\u00e7o do arroz nos supermercados n\u00e3o tenha diminu\u00eddo, os produtores n\u00e3o conseguem negociar valores que cubram os custos de produ\u00e7\u00e3o, colocando em risco os 28 mil hectares cultivados no pa\u00eds e a subsist\u00eancia de milhares de fam\u00edlias. \u00a0&#13;\n<\/p>\n<p>Diante dessa realidade, representantes do setor se reunir\u00e3o para avaliar os impactos financeiros e tra\u00e7ar um plano de a\u00e7\u00e3o que fortale\u00e7a a cadeia produtiva. A busca por mercados alternativos e pol\u00edticas que garantam pre\u00e7os m\u00ednimos para os produtores s\u00e3o algumas das poss\u00edveis medidas a serem discutidas. \u00a0A situa\u00e7\u00e3o evidencia a necessidade de solu\u00e7\u00f5es r\u00e1pidas para evitar o colapso do setor arrozeiro portugu\u00eas, que desempenha um papel crucial na agricultura nacional e na preserva\u00e7\u00e3o de paisagens rurais \u00fanicas.<br \/>&#13;<br \/>\n\u00a0&#13;\n<\/p>\n<\/p><\/div>\n<\/p><\/div>\n<p><script data-cfasync=\"false\">\n    !function (f, b, e, v, n, t, s) {\n        if (f.fbq) return; n = f.fbq = function () {\n            n.callMethod ?\n                n.callMethod.apply(n, arguments) : n.queue.push(arguments)\n        };\n        if (!f._fbq) f._fbq = n; n.push = n; n.loaded = !0; n.version = '2.0';\n        n.queue = []; t = b.createElement(e); t.async = !0;\n        t.src = v; s = b.getElementsByTagName(e)[0];\n        s.parentNode.insertBefore(t, s)\n    }(window, document, 'script',\n        'https:\/\/connect.facebook.net\/en_US\/fbevents.js');\n    fbq('init', '522546078623747');\n    fbq('track', 'PageView');\n<\/script><br \/>\n<br \/><br \/>\n<br \/><a href=\"https:\/\/www.agrolink.com.br\/noticias\/industria-arrozeira-portuguesa-enfrenta-crise_497712.html\">Source link <\/a><\/p>\n","protected":false},"excerpt":{"rendered":"<p>&#13; Al\u00e9m da queda nos pre\u00e7os, o setor sofre com estoques remanescentes&#13; &#13; Agrolink&#13; &#13; &#8211; Leonardo Gottems&#13; &#13; Publicado<\/p>\n","protected":false},"author":1,"featured_media":6804,"comment_status":"open","ping_status":"open","sticky":false,"template":"","format":"standard","meta":{"_monsterinsights_skip_tracking":false,"_monsterinsights_sitenote_active":false,"_monsterinsights_sitenote_note":"","_monsterinsights_sitenote_category":0,"_uf_show_specific_survey":0,"_uf_disable_surveys":false,"footnotes":""},"categories":[8,1,14],"tags":[],"class_list":["post-6803","post","type-post","status-publish","format-standard","has-post-thumbnail","hentry","category-agro","category-news","category-politica-agro"],"_links":{"self":[{"href":"https:\/\/agromt.news\/index.php?rest_route=\/wp\/v2\/posts\/6803"}],"collection":[{"href":"https:\/\/agromt.news\/index.php?rest_route=\/wp\/v2\/posts"}],"about":[{"href":"https:\/\/agromt.news\/index.php?rest_route=\/wp\/v2\/types\/post"}],"author":[{"embeddable":true,"href":"https:\/\/agromt.news\/index.php?rest_route=\/wp\/v2\/users\/1"}],"replies":[{"embeddable":true,"href":"https:\/\/agromt.news\/index.php?rest_route=%2Fwp%2Fv2%2Fcomments&post=6803"}],"version-history":[{"count":0,"href":"https:\/\/agromt.news\/index.php?rest_route=\/wp\/v2\/posts\/6803\/revisions"}],"wp:featuredmedia":[{"embeddable":true,"href":"https:\/\/agromt.news\/index.php?rest_route=\/wp\/v2\/media\/6804"}],"wp:attachment":[{"href":"https:\/\/agromt.news\/index.php?rest_route=%2Fwp%2Fv2%2Fmedia&parent=6803"}],"wp:term":[{"taxonomy":"category","embeddable":true,"href":"https:\/\/agromt.news\/index.php?rest_route=%2Fwp%2Fv2%2Fcategories&post=6803"},{"taxonomy":"post_tag","embeddable":true,"href":"https:\/\/agromt.news\/index.php?rest_route=%2Fwp%2Fv2%2Ftags&post=6803"}],"curies":[{"name":"wp","href":"https:\/\/api.w.org\/{rel}","templated":true}]}}