{"id":6783,"date":"2024-12-17T15:40:49","date_gmt":"2024-12-17T19:40:49","guid":{"rendered":"https:\/\/agromt.news\/?p=6783"},"modified":"2024-12-17T15:40:49","modified_gmt":"2024-12-17T19:40:49","slug":"exportacao-de-farelo-e-o-grande-destaque-do-complexo-soja","status":"publish","type":"post","link":"https:\/\/agromt.news\/?p=6783","title":{"rendered":"Exporta\u00e7\u00e3o de farelo \u00e9 o grande destaque do complexo soja"},"content":{"rendered":"<p> <br \/>\n<\/p>\n<div>\n<p>Faltando menos de 15 dias para o fim do ano, o <a href=\"https:\/\/www.canalrural.com.br\/agricultura\/projeto-soja-brasil\/\">mercado <\/a>de soja no Brasil vive um cen\u00e1rio de contrastes. Enquanto o farelo de soja se destaca com aumento nas exporta\u00e7\u00f5es, o gr\u00e3o e o \u00f3leo devem encerrar 2024 com queda nos embarques. <\/p>\n<p>A redu\u00e7\u00e3o \u00e9 reflexo principalmente da menor produ\u00e7\u00e3o e da crescente demanda interna para o biodiesel. As exporta\u00e7\u00f5es totais de soja devem ficar 3 milh\u00f5es de toneladas abaixo das 99 milh\u00f5es embarcadas em 2023, embora ainda assim representem um bom volume.<\/p>\n<figure class=\"wp-block-image size-large\"><img fetchpriority=\"high\" decoding=\"async\" width=\"1024\" height=\"552\" alt=\"\" class=\"wp-image-4080677\"  data-lazy- src=\"https:\/\/agromt.news\/wp-content\/uploads\/2024\/12\/Exportacao-de-farelo-e-o-grande-destaque-do-complexo-soja.png\"\/><img decoding=\"async\" width=\"1024\" height=\"552\" src=\"https:\/\/agromt.news\/wp-content\/uploads\/2024\/12\/Exportacao-de-farelo-e-o-grande-destaque-do-complexo-soja.png\" alt=\"\" class=\"wp-image-4080677\"  \/><figcaption class=\"wp-element-caption\">Foto: Agoexport <\/figcaption><\/figure>\n<p>A diminui\u00e7\u00e3o nas exporta\u00e7\u00f5es do gr\u00e3o est\u00e1 diretamente ligada \u00e0 safra menor, que registrou 147 milh\u00f5es de toneladas, quase 10 milh\u00f5es a menos do que na safra anterior. Al\u00e9m disso, a demanda interna por soja para a produ\u00e7\u00e3o de biodiesel tem absorvido entre 20 e 25 milh\u00f5es de toneladas, o que reduz ainda mais a disponibilidade do gr\u00e3o para exporta\u00e7\u00e3o.<\/p>\n<\/div>\n<div>\n<figure class=\"wp-block-image size-large\"><img decoding=\"async\" width=\"1024\" height=\"550\" alt=\"\" class=\"wp-image-4080687\"  data-lazy- src=\"https:\/\/agromt.news\/wp-content\/uploads\/2024\/12\/1734464449_895_Exportacao-de-farelo-e-o-grande-destaque-do-complexo-soja.png\"\/><img loading=\"lazy\" decoding=\"async\" width=\"1024\" height=\"550\" src=\"https:\/\/agromt.news\/wp-content\/uploads\/2024\/12\/1734464449_895_Exportacao-de-farelo-e-o-grande-destaque-do-complexo-soja.png\" alt=\"\" class=\"wp-image-4080687\"  \/><figcaption class=\"wp-element-caption\">Foto: Agoexport <\/figcaption><\/figure>\n<p>Por outro lado, o farelo de soja se destaca como um dos principais produtos do complexo soja. Com investimentos expressivos na ind\u00fastria de esmagamento, o Brasil tem conseguido exportar mais farelo, que agrega maior valor \u00e0 soja. As exporta\u00e7\u00f5es de farelo de soja devem superar 23 milh\u00f5es de toneladas, batendo um novo recorde e evidenciando um crescimento de 6 milh\u00f5es de toneladas nos \u00faltimos cinco anos. Esse aumento reflete o esfor\u00e7o da agroind\u00fastria brasileira para agregar valor ao produto.<\/p>\n<figure class=\"wp-block-image size-large\"><img loading=\"lazy\" decoding=\"async\" width=\"1024\" height=\"548\" alt=\"\" class=\"wp-image-4080689\"  data-lazy- src=\"https:\/\/agromt.news\/wp-content\/uploads\/2024\/12\/1734464449_177_Exportacao-de-farelo-e-o-grande-destaque-do-complexo-soja.png\"\/><img loading=\"lazy\" decoding=\"async\" width=\"1024\" height=\"548\" src=\"https:\/\/agromt.news\/wp-content\/uploads\/2024\/12\/1734464449_177_Exportacao-de-farelo-e-o-grande-destaque-do-complexo-soja.png\" alt=\"\" class=\"wp-image-4080689\"  \/><figcaption class=\"wp-element-caption\">Foto: Agoexport <\/figcaption><\/figure>\n<p>No entanto, o \u00f3leo de soja enfrenta um cen\u00e1rio negativo, com uma queda acentuada nas exporta\u00e7\u00f5es. At\u00e9 o momento, foram embarcadas 1,31 milh\u00e3o de toneladas de \u00f3leo, contra 2,33 milh\u00f5es em 2023, o que representa uma queda e retorna aos n\u00edveis de 2020. Esse recuo \u00e9 atribu\u00eddo \u00e0 mudan\u00e7a nas demandas globais, especialmente devido \u00e0 crise energ\u00e9tica na Europa, que afetou a compra de \u00f3leo.<\/p>\n<p>Essa din\u00e2mica do mercado de soja impacta diretamente a balan\u00e7a comercial brasileira. Em 2023, o agroneg\u00f3cio brasileiro exportou 167 bilh\u00f5es de d\u00f3lares, com 40% desse total vindo do complexo soja. Para 2024, a expectativa \u00e9 que a receita cambial do agroneg\u00f3cio caia para 150 bilh\u00f5es de d\u00f3lares, com a queda nas exporta\u00e7\u00f5es e nos pre\u00e7os pagos pelo gr\u00e3o, farelo e \u00f3leo de soja.<\/p>\n<figure class=\"wp-block-embed is-type-video is-provider-youtube wp-block-embed-youtube wp-embed-aspect-16-9 wp-has-aspect-ratio\">\n<p>\n<iframe title=\"Agroexport: exporta\u00e7\u00e3o de farelo \u00e9 o grande destaque do complexo soja em 2024\" width=\"800\" height=\"450\" src=\"https:\/\/www.youtube.com\/embed\/EishC6pLIXA?feature=oembed\" frameborder=\"0\" allow=\"accelerometer; autoplay; clipboard-write; encrypted-media; gyroscope; picture-in-picture; web-share\" referrerpolicy=\"strict-origin-when-cross-origin\" allowfullscreen><\/iframe><noscript><iframe title=\"Agroexport: exporta\u00e7\u00e3o de farelo \u00e9 o grande destaque do complexo soja em 2024\" width=\"800\" height=\"450\" src=\"https:\/\/www.youtube.com\/embed\/EishC6pLIXA?feature=oembed\" frameborder=\"0\" allow=\"accelerometer; autoplay; clipboard-write; encrypted-media; gyroscope; picture-in-picture; web-share\" referrerpolicy=\"strict-origin-when-cross-origin\" allowfullscreen><\/iframe><\/noscript>\n<\/p>\n<\/figure><\/div>\n<p><br \/>\n<br \/><a href=\"https:\/\/www.canalrural.com.br\/agricultura\/projeto-soja-brasil\/exportacao-de-farelo-e-o-grande-destaque-do-complexo-soja\/\">Source link <\/a><\/p>\n","protected":false},"excerpt":{"rendered":"<p>Faltando menos de 15 dias para o fim do ano, o mercado de soja no Brasil vive um cen\u00e1rio de<\/p>\n","protected":false},"author":1,"featured_media":6784,"comment_status":"open","ping_status":"open","sticky":false,"template":"","format":"standard","meta":{"_monsterinsights_skip_tracking":false,"_monsterinsights_sitenote_active":false,"_monsterinsights_sitenote_note":"","_monsterinsights_sitenote_category":0,"_uf_show_specific_survey":0,"_uf_disable_surveys":false,"footnotes":""},"categories":[1],"tags":[],"class_list":["post-6783","post","type-post","status-publish","format-standard","has-post-thumbnail","hentry","category-news"],"_links":{"self":[{"href":"https:\/\/agromt.news\/index.php?rest_route=\/wp\/v2\/posts\/6783"}],"collection":[{"href":"https:\/\/agromt.news\/index.php?rest_route=\/wp\/v2\/posts"}],"about":[{"href":"https:\/\/agromt.news\/index.php?rest_route=\/wp\/v2\/types\/post"}],"author":[{"embeddable":true,"href":"https:\/\/agromt.news\/index.php?rest_route=\/wp\/v2\/users\/1"}],"replies":[{"embeddable":true,"href":"https:\/\/agromt.news\/index.php?rest_route=%2Fwp%2Fv2%2Fcomments&post=6783"}],"version-history":[{"count":0,"href":"https:\/\/agromt.news\/index.php?rest_route=\/wp\/v2\/posts\/6783\/revisions"}],"wp:featuredmedia":[{"embeddable":true,"href":"https:\/\/agromt.news\/index.php?rest_route=\/wp\/v2\/media\/6784"}],"wp:attachment":[{"href":"https:\/\/agromt.news\/index.php?rest_route=%2Fwp%2Fv2%2Fmedia&parent=6783"}],"wp:term":[{"taxonomy":"category","embeddable":true,"href":"https:\/\/agromt.news\/index.php?rest_route=%2Fwp%2Fv2%2Fcategories&post=6783"},{"taxonomy":"post_tag","embeddable":true,"href":"https:\/\/agromt.news\/index.php?rest_route=%2Fwp%2Fv2%2Ftags&post=6783"}],"curies":[{"name":"wp","href":"https:\/\/api.w.org\/{rel}","templated":true}]}}