{"id":6775,"date":"2024-12-17T14:42:23","date_gmt":"2024-12-17T18:42:23","guid":{"rendered":"https:\/\/agromt.news\/?p=6775"},"modified":"2024-12-17T14:42:23","modified_gmt":"2024-12-17T18:42:23","slug":"virada-do-ciclo-pecuario-em-2025-deve-elevar-os-precos-do-milho","status":"publish","type":"post","link":"https:\/\/agromt.news\/?p=6775","title":{"rendered":"Virada do ciclo pecu\u00e1rio em 2025 deve elevar os pre\u00e7os do milho"},"content":{"rendered":"<p> <br \/>\n<br \/><img decoding=\"async\" src=\"https:\/\/agromt.news\/wp-content\/uploads\/2024\/12\/Virada-do-ciclo-pecuario-em-2025-deve-elevar-os-precos.png\" \/><\/p>\n<div>\n<p>A alta demanda por etanol deu suporte aos pre\u00e7os do milho na \u00faltima semana. O relat\u00f3rio do Departamento de Agricultura dos Estados Unidos (USDA) elevou em mais de 3% as exporta\u00e7\u00f5es norte-americanas, com impactos diretos na precifica\u00e7\u00e3o.<\/p>\n<p>Enquanto isso, no Brasil, o plantio do cereal j\u00e1 superou 70% da \u00e1rea, conforme a Companhia Nacional de Abastecimento <strong><a href=\"https:\/\/www.canalrural.com.br\/tag\/conab\/\">(Conab)<\/a><\/strong>, avan\u00e7o de cerca de 7% em rela\u00e7\u00e3o \u00e0 semana anterior.<\/p>\n<p>Quanto aos pre\u00e7os, em Chicago, o milho encerrou a semana passada cotado a US$ 4,42 por bushel, alta de 0,45% em rela\u00e7\u00e3o ao per\u00edodo anterior. No Brasil, na B3, o contrato de janeiro de 2025 registrou valoriza\u00e7\u00e3o de 0,73%, encerrando a R$ 74,49 por saca. <\/p>\n<\/div>\n<div>\n<h2 class=\"wp-block-heading\" id=\"h-o-que-esperar-do-mercado-do-milho\">O que esperar do mercado do milho?<\/h2>\n<p>Confira as tend\u00eancias para o milho em an\u00e1lise da <strong><a href=\"https:\/\/www.graodireto.com.br\/\">plataforma Gr\u00e3o Direto<\/a><\/strong>:<\/p>\n<ul class=\"wp-block-list\">\n<li><strong>Perspectivas safra 2025:<\/strong> as regi\u00f5es produtoras de milho primeira safra apresentam boas condi\u00e7\u00f5es para o desenvolvimento vegetativo da cultura. Estados como Paran\u00e1, Santa Catarina, Mato Grosso do Sul e Rio Grande do Sul t\u00eam previs\u00f5es de boas chuvas e temperaturas elevadas para os pr\u00f3ximos 15 dias, cen\u00e1rio que favorece a safra. J\u00e1 para o milho segunda safra, as proje\u00e7\u00f5es clim\u00e1ticas indicam continuidade das chuvas at\u00e9 abril, coincidente com o in\u00edcio do plantio no Centro-Oeste e Sudeste do Brasil. Apesar das incertezas, a Conab projeta que a safra de milho brasileira em 2025 ser\u00e1 a segunda maior da hist\u00f3ria, consolidando o pa\u00eds como um dos principais players globais.<\/li>\n<li><strong>Boi gordo:<\/strong> ap\u00f3s uma forte alta nas cota\u00e7\u00f5es do boi gordo, o aumento no volume de entregas f\u00edsicas por parte dos pecuaristas pressionou os pre\u00e7os para baixo. \u201cNo entanto, para 2025, o cen\u00e1rio indica uma arroba mais valorizada, sustentada pela virada do ciclo pecu\u00e1rio. Como o maior demandante de milho no Brasil, essa din\u00e2mica impacta diretamente as cota\u00e7\u00f5es do cereal, que na B3 seguiram o movimento de queda recente. Por\u00e9m, a expectativa para o ano que vem \u00e9 de um mercado altista at\u00e9 o in\u00edcio do plantio do milho segunda safra. Qualquer surpresa na \u00e1rea plantada poder\u00e1 alterar significativamente as proje\u00e7\u00f5es de produ\u00e7\u00e3o total, trazendo volatilidade ao mercado\u201d, diz a Gr\u00e3o Direto.<\/li>\n<li><strong>Proje\u00e7\u00f5es gerais:<\/strong> o mercado caminha entre estoques globais reduzidos e uma safra brasileira em pleno desenvolvimento. \u201cEsse cen\u00e1rio refletiu no mercado f\u00edsico, de forma que as cota\u00e7\u00f5es n\u00e3o acompanharam a B3 como em outros momentos. Contudo, no curto prazo, as press\u00f5es negativas, presentes desde o final da \u00faltima semana, devem permanecer puxando as cota\u00e7\u00f5es\u201d, diz a plataforma.<\/li>\n<\/ul>\n<p>Para a Gr\u00e3o Direto, com base nos argumentos anteriores, podemos ter uma semana negativa para o milho, acompanhando o desenvolvimento da safra aqui no Brasil.<\/p>\n<\/p><\/div>\n<p><br \/>\n<br \/><a href=\"https:\/\/www.canalrural.com.br\/agricultura\/virada-do-ciclo-pecuario-em-2025-deve-elevar-os-precos-do-milho\/\">Source link <\/a><\/p>\n","protected":false},"excerpt":{"rendered":"<p>A alta demanda por etanol deu suporte aos pre\u00e7os do milho na \u00faltima semana. O relat\u00f3rio do Departamento de Agricultura<\/p>\n","protected":false},"author":1,"featured_media":6776,"comment_status":"open","ping_status":"open","sticky":false,"template":"","format":"standard","meta":{"_monsterinsights_skip_tracking":false,"_monsterinsights_sitenote_active":false,"_monsterinsights_sitenote_note":"","_monsterinsights_sitenote_category":0,"_uf_show_specific_survey":0,"_uf_disable_surveys":false,"footnotes":""},"categories":[1],"tags":[],"class_list":["post-6775","post","type-post","status-publish","format-standard","has-post-thumbnail","hentry","category-news"],"_links":{"self":[{"href":"https:\/\/agromt.news\/index.php?rest_route=\/wp\/v2\/posts\/6775"}],"collection":[{"href":"https:\/\/agromt.news\/index.php?rest_route=\/wp\/v2\/posts"}],"about":[{"href":"https:\/\/agromt.news\/index.php?rest_route=\/wp\/v2\/types\/post"}],"author":[{"embeddable":true,"href":"https:\/\/agromt.news\/index.php?rest_route=\/wp\/v2\/users\/1"}],"replies":[{"embeddable":true,"href":"https:\/\/agromt.news\/index.php?rest_route=%2Fwp%2Fv2%2Fcomments&post=6775"}],"version-history":[{"count":0,"href":"https:\/\/agromt.news\/index.php?rest_route=\/wp\/v2\/posts\/6775\/revisions"}],"wp:featuredmedia":[{"embeddable":true,"href":"https:\/\/agromt.news\/index.php?rest_route=\/wp\/v2\/media\/6776"}],"wp:attachment":[{"href":"https:\/\/agromt.news\/index.php?rest_route=%2Fwp%2Fv2%2Fmedia&parent=6775"}],"wp:term":[{"taxonomy":"category","embeddable":true,"href":"https:\/\/agromt.news\/index.php?rest_route=%2Fwp%2Fv2%2Fcategories&post=6775"},{"taxonomy":"post_tag","embeddable":true,"href":"https:\/\/agromt.news\/index.php?rest_route=%2Fwp%2Fv2%2Ftags&post=6775"}],"curies":[{"name":"wp","href":"https:\/\/api.w.org\/{rel}","templated":true}]}}