{"id":6764,"date":"2024-12-17T13:06:26","date_gmt":"2024-12-17T17:06:26","guid":{"rendered":"https:\/\/agromt.news\/?p=6764"},"modified":"2024-12-17T13:06:26","modified_gmt":"2024-12-17T17:06:26","slug":"agricultura-familiar-pode-ser-impulsionada-com-planejamento-e-gestao","status":"publish","type":"post","link":"https:\/\/agromt.news\/?p=6764","title":{"rendered":"Agricultura familiar pode ser impulsionada com planejamento e gest\u00e3o"},"content":{"rendered":"<p> <br \/>\n<\/p>\n<div>\n<p>Seu Jos\u00e9 Pereira de Castro, 85 anos, e Dona Cleuza Maria Ortiz de Castro, 80, est\u00e3o casados h\u00e1 56 anos. Produtores rurais em Itu, no interior de S\u00e3o Paulo, compartilham uma hist\u00f3ria de amor que se reflete no agroneg\u00f3cio.\u00a0<\/p>\n<p>O namoro \u00e0 dist\u00e2ncia, com trocas de cartas que demoravam a chegar, simboliza a paci\u00eancia e a dedica\u00e7\u00e3o que os dois sempre tiveram um pelo outro. Esse amor foi se multiplicando, duas filhas e quatro netos.<\/p>\n<p>Quando compraram a propriedade em Itu, tudo era terra e mato. Juntos, com muito esfor\u00e7o, come\u00e7aram a plantar verduras, frutas e a criar galinhas poedeiras. Constru\u00edram a casa e compraram maquin\u00e1rios e ferramentas para o dia a dia.\u00a0<\/p>\n<p>Hoje eles t\u00eam orgulho de oferecer aos clientes o sistema de <a href=\"https:\/\/www.facebook.com\/people\/Ch%C3%A1cara-S%C3%A3o-Francisco-Hortali%C3%A7as-frangos-e-ovos-caipira\/100054549590531\/\">\u201cColha, Pague e Leve\u201d,<\/a> em que o consumidor pode pegar os pr\u00f3prios produtos, vivendo uma experi\u00eancia \u00fanica no campo.  Mas para isso, \u00e9 importante agendar hor\u00e1rio ou fazer encomendas por <a href=\"https:\/\/www.canalrural.com.br\/empreendedorismo\/agricultura-familiar-pode-ser-impulsionada-com-planejamento-e-gestao\/josepdcastro40@gmail.com\">e-mail.  <\/a><\/p>\n<p>S\u00f3 que para que toda essa estrutura desse certo, foi necess\u00e1rio investir para otimizar o tempo e trabalho. Foi assim que, em 2014, decidiram comprar um trator. Como seu Castro j\u00e1 havia trabalhado com vendas de tratores antes de se tornar agricultor, a escolha foi f\u00e1cil, mas o financiamento precisava ser acess\u00edvel.\u00a0<\/p>\n<blockquote class=\"wp-block-quote is-layout-flow wp-block-quote-is-layout-flow\">\n<p>\u201cA compra do trator foi viabilizada com o cr\u00e9dito do Pronaf. Conseguimos financiar o equipamento com juros baixos e um prazo que se encaixava no nosso planejamento. Cada passo foi planejado para garantir que o cr\u00e9dito fosse usado da melhor forma poss\u00edvel. Eu terminei o financiamento em setembro deste ano\u201d, explica seu Castro.\u00a0<\/p>\n<\/blockquote>\n<p>O<a href=\"https:\/\/www.canalrural.com.br\/agricultura\/projeto-amplia-area-para-enquadramento-de-agricultor-no-pronaf\/\"> Pronaf<\/a>, Programa Nacional de Fortalecimento da Agricultura Familiar, \u00e9 uma iniciativa do Governo Federal para apoiar o pequeno agricultor. De acordo com o <a href=\"https:\/\/www.bndes.gov.br\/wps\/portal\/site\/home\/financiamento\/produto\/pronaf-requisitos\">Banco Nacional de Desenvolvimento (BNDES) <\/a>\u00e9 importante que a renda bruta anual familiar seja de at\u00e9 R$500 mil nos \u00faltimos 12 meses. Al\u00e9m disso, o produtor precisa que, no m\u00ednimo, 50% da renda familiar seja da explora\u00e7\u00e3o do agroneg\u00f3cio.\u00a0<\/p>\n<p>Com juros baixos e prazos longos, <a href=\"https:\/\/www.bndes.gov.br\/wps\/portal\/site\/home\/financiamento\/produto\/pronaf\">o programa ajuda a financiar <\/a>infraestrutura, m\u00e1quinas e insumos, essencial para o crescimento e a sustentabilidade da produ\u00e7\u00e3o rural.\u00a0<\/p>\n<blockquote class=\"wp-block-quote is-layout-flow wp-block-quote-is-layout-flow\">\n<p>\u201cNo in\u00edcio, eu fiquei com receio de nos endividarmos, mas o planejamento foi feito com cuidado, e vimos que era a melhor forma de se fazer\u201d, afirma dona Ortiz.<\/p>\n<\/blockquote>\n<figure class=\"wp-block-image size-large\"><img fetchpriority=\"high\" decoding=\"async\" width=\"1024\" height=\"606\" alt=\"Uma mulher com uma blusa marrom e colar com o fundo mapa de Itu\/SP \" class=\"wp-image-4080614\"  data-lazy- src=\"https:\/\/agromt.news\/wp-content\/uploads\/2024\/12\/Agricultura-familiar-pode-ser-impulsionada-com-planejamento-e-gestao.png\"\/><img decoding=\"async\" width=\"1024\" height=\"606\" src=\"https:\/\/agromt.news\/wp-content\/uploads\/2024\/12\/Agricultura-familiar-pode-ser-impulsionada-com-planejamento-e-gestao.png\" alt=\"Uma mulher com uma blusa marrom e colar com o fundo mapa de Itu\/SP \" class=\"wp-image-4080614\"  \/><figcaption class=\"wp-element-caption\">Adriana Meneses, presidente do Sindicato Rural de Itu<\/figcaption><\/figure>\n<p>A Adriana Meneses, presidente do Sindicato Rural de Itu, refor\u00e7a a import\u00e2ncia do planejamento na hora de solicitar o cr\u00e9dito.<\/p>\n<\/div>\n<div>\n<blockquote class=\"wp-block-quote is-layout-flow wp-block-quote-is-layout-flow\">\n<p>\u00a0\u201cA gente precisa saber primeiro, aquilo que a gente quer desempenhar na nossa atividade \u2013 o que voc\u00ea quer fazer? Em seguida fazer um bom planejamento, o Sebrae e o Senar podem ajudar neste processo, ou voc\u00ea pode fazer um curso de gest\u00e3o. Por \u00faltimo, ter uma rede de apoio para saber usar o cr\u00e9dito, sem o risco de se perder no meio do caminho\u201d, afirma Meneses.\u00a0<\/p>\n<\/blockquote>\n<p>Foi exatamente isso que seu Castro e dona Cleuza fizeram: antes mesmo de solicitar um cr\u00e9dito, fizeram in\u00fameros cursos no<a href=\"https:\/\/sebrae.com.br\/sites\/PortalSebrae\/ufs\/ap\/artigos\/beneficios-da-lei-geral-para-o-produtor-rural-e-agricultor-familiar,f141285d4994f510VgnVCM1000004c00210aRCRD\"> Sebrae<\/a>, planejaram detalhadamente o uso do dinheiro, priorizando o crescimento sustent\u00e1vel da atividade agr\u00edcola. <\/p>\n<blockquote class=\"wp-block-quote is-layout-flow wp-block-quote-is-layout-flow\">\n<p>\u201cAs condi\u00e7\u00f5es oferecidas pelo programa e ainda com juro a 2% ao ano, foram excelentes\u201d, finaliza o produtor.  <\/p>\n<\/blockquote>\n<ul class=\"wp-block-list\">\n<li>Participe do Porteira Aberta Empreender: envie perguntas, sugest\u00f5es e conte sua hist\u00f3ria de empreendedorismo pelo <a href=\"https:\/\/api.whatsapp.com\/send?phone=5511932796720&amp;PorteiraAbertaEmpreender=SuaMensagem\"><em>WhatsApp<\/em><\/a>.<\/li>\n<\/ul>\n<h2 class=\"wp-block-heading\" id=\"h-veja-quem-pode-solicitar-o-pronaf\">Veja quem pode solicitar o Pronaf:\u00a0<\/h2>\n<ul class=\"wp-block-list\">\n<li>  Agricultores;\u00a0<\/li>\n<li>Aquicultores \u2013 que se dediquem ao cultivo de organismos que tenham na \u00e1gua;<\/li>\n<li>Pescadores artesanais;<\/li>\n<li>Silvicultores \u2013 que cultivem florestas nativas ou ex\u00f3ticas;<\/li>\n<li>Extrativistas \u2013\u00a0 que exer\u00e7am o extrativismo artesanalmente no meio rural;<\/li>\n<li>Membros integrantes de comunidades quilombolas rurais ou de povos ind\u00edgenas ou membros dos demais povos e comunidades tradicionais;<\/li>\n<li>\u00c9 importante ter a comprova\u00e7\u00e3o do CAF-Pronaf v\u00e1lido<\/li>\n<\/ul>\n<h2 class=\"wp-block-heading\" id=\"h-o-que-e-caf-pronaf\"><strong>O que \u00e9 CAF-Pronaf?\u00a0<\/strong><\/h2>\n<p>O Cadastro Nacional da Agricultura Familiar (CAF), \u00e9 requisito para o acesso de agricultores familiares e <a href=\"https:\/\/www.gov.br\/pt-br\/servicos\/emitir-o-documento-caf-pronaf\">demais benefici\u00e1rios<\/a> com apoio e incentivo \u00e0 produ\u00e7\u00e3o agr\u00edcola familiar.<\/p>\n<p>O <a href=\"https:\/\/www.gov.br\/mda\/pt-br\/acesso-a-informacao\/acoes-e-programas\/programas-projetos-acoes-obras-e-atividades\/cadastro-nacional-da-agricultura-familiar\/o-que-e-o-caf\">CAF <\/a>substitui a Declara\u00e7\u00e3o de Aptid\u00e3o ao Pronaf (DAP)\u00a0<\/p>\n<h2 class=\"wp-block-heading\" id=\"h-documentacao-basica-necessaria\">Documenta\u00e7\u00e3o b\u00e1sica necess\u00e1ria:<\/h2>\n<ul class=\"wp-block-list\">\n<li>Identidade e CPF dos membros da fam\u00edlia<\/li>\n<li>Certid\u00e3o de casamento ou declara\u00e7\u00e3o de uni\u00e3o est\u00e1vel<\/li>\n<li>Documento que comprove o uso da terra<\/li>\n<\/ul>\n<p>O cr\u00e9dito consciente \u00e9 fundamental para o sucesso de qualquer financiamento, e o Pronaf pode ser uma oportunidade para quem deseja expandir ou melhorar sua produ\u00e7\u00e3o agr\u00edcola.\u00a0<\/p>\n<p><strong><a href=\"https:\/\/www.canalrural.com.br\/empreendedorismo\/confira-os-programetes-com-dicas-uteis-ao-pequeno-produtor\/\">No dia 20 de dezembro, \u00e0s 20h, <\/a>confira no Canal Rural e\/ou no YouTube esta e muitas outras hist\u00f3rias de empreendedorismo.\u00a0Abra a porteira dos seus neg\u00f3cios e venha empreender com a gente!<\/strong><\/p>\n<\/p><\/div>\n<p><br \/>\n<br \/><a href=\"https:\/\/www.canalrural.com.br\/empreendedorismo\/agricultura-familiar-pode-ser-impulsionada-com-planejamento-e-gestao\/\">Source link <\/a><\/p>\n","protected":false},"excerpt":{"rendered":"<p>Seu Jos\u00e9 Pereira de Castro, 85 anos, e Dona Cleuza Maria Ortiz de Castro, 80, est\u00e3o casados h\u00e1 56 anos.<\/p>\n","protected":false},"author":1,"featured_media":6765,"comment_status":"open","ping_status":"open","sticky":false,"template":"","format":"standard","meta":{"_monsterinsights_skip_tracking":false,"_monsterinsights_sitenote_active":false,"_monsterinsights_sitenote_note":"","_monsterinsights_sitenote_category":0,"_uf_show_specific_survey":0,"_uf_disable_surveys":false,"footnotes":""},"categories":[1],"tags":[],"class_list":["post-6764","post","type-post","status-publish","format-standard","has-post-thumbnail","hentry","category-news"],"_links":{"self":[{"href":"https:\/\/agromt.news\/index.php?rest_route=\/wp\/v2\/posts\/6764"}],"collection":[{"href":"https:\/\/agromt.news\/index.php?rest_route=\/wp\/v2\/posts"}],"about":[{"href":"https:\/\/agromt.news\/index.php?rest_route=\/wp\/v2\/types\/post"}],"author":[{"embeddable":true,"href":"https:\/\/agromt.news\/index.php?rest_route=\/wp\/v2\/users\/1"}],"replies":[{"embeddable":true,"href":"https:\/\/agromt.news\/index.php?rest_route=%2Fwp%2Fv2%2Fcomments&post=6764"}],"version-history":[{"count":0,"href":"https:\/\/agromt.news\/index.php?rest_route=\/wp\/v2\/posts\/6764\/revisions"}],"wp:featuredmedia":[{"embeddable":true,"href":"https:\/\/agromt.news\/index.php?rest_route=\/wp\/v2\/media\/6765"}],"wp:attachment":[{"href":"https:\/\/agromt.news\/index.php?rest_route=%2Fwp%2Fv2%2Fmedia&parent=6764"}],"wp:term":[{"taxonomy":"category","embeddable":true,"href":"https:\/\/agromt.news\/index.php?rest_route=%2Fwp%2Fv2%2Fcategories&post=6764"},{"taxonomy":"post_tag","embeddable":true,"href":"https:\/\/agromt.news\/index.php?rest_route=%2Fwp%2Fv2%2Ftags&post=6764"}],"curies":[{"name":"wp","href":"https:\/\/api.w.org\/{rel}","templated":true}]}}