{"id":6754,"date":"2024-12-17T11:26:49","date_gmt":"2024-12-17T15:26:49","guid":{"rendered":"https:\/\/agromt.news\/?p=6754"},"modified":"2024-12-17T11:26:49","modified_gmt":"2024-12-17T15:26:49","slug":"o-clima-e-o-impacto-no-plantio-da-soja","status":"publish","type":"post","link":"https:\/\/agromt.news\/?p=6754","title":{"rendered":"o clima e o impacto no plantio da soja"},"content":{"rendered":"<p> <br \/>\n<br \/><img decoding=\"async\" src=\"https:\/\/agromt.news\/wp-content\/uploads\/2024\/12\/o-clima-e-o-impacto-no-plantio-da-soja.png\" \/><\/p>\n<div>\n<p>Os <a href=\"https:\/\/www.canalrural.com.br\/?s=produtores+de+soja\">produtores <\/a>de soja na regi\u00e3o Oeste de Mato Grosso enfrentaram uma s\u00e9rie de desafios durante a safra 2024\/2025, mas as perspectivas para a colheita continuam positivas. Os relatos dos agricultores destacam tanto as adversidades quanto as expectativas de uma colheita bem-sucedida.<\/p>\n<h2 class=\"wp-block-heading\" id=\"h-o-desafio-e-a-esperanca-de-uma-boa-safra\"><strong><strong>O desafio e a esperan\u00e7a de uma <\/strong><\/strong>boa safra <\/h2>\n<p>O plantio da soja nesta safra come\u00e7ou mais tarde devido ao atraso nas chuvas, mas, ao contr\u00e1rio do ano passado, o clima se estabilizou e as lavouras est\u00e3o se desenvolvendo bem. Apesar do come\u00e7o complicado, as chuvas chegaram no momento certo, ajudando no crescimento das plantas. Em rela\u00e7\u00e3o \u00e0 safra do ano passado, a soja deste ano est\u00e1 com um desenvolvimento muito mais promissor.<\/p>\n<h2 class=\"wp-block-heading\" id=\"h-desafios-na-colheita-de-soja\"><strong>Desafios na colheita<\/strong> de soja <\/h2>\n<p>Uma das principais preocupa\u00e7\u00f5es dos produtores neste ano \u00e9 a log\u00edstica de colheita. Com a previs\u00e3o de chuvas intensas para os pr\u00f3ximos dias, muitos temem que os armaz\u00e9ns da regi\u00e3o Oeste n\u00e3o sejam suficientes para armazenar o grande volume de gr\u00e3os que ser\u00e1 colhido, especialmente devido ao aumento da umidade dos gr\u00e3os. A capacidade de armazenamento tem sido apontada como um grande desafio log\u00edstico para a regi\u00e3o.<\/p>\n<\/div>\n<div>\n<p>Uma solu\u00e7\u00e3o discutida pelos produtores \u00e9 a implementa\u00e7\u00e3o de \u201carmaz\u00e9ns na propriedade\u201d, que ajudariam a evitar os problemas log\u00edsticos durante a colheita. A constru\u00e7\u00e3o desses armaz\u00e9ns no campo poderia ser uma alternativa eficiente, principalmente se houver acesso a recursos mais acess\u00edveis para viabilizar a constru\u00e7\u00e3o. Com isso, seria poss\u00edvel armazenar os gr\u00e3os imediatamente ap\u00f3s a colheita, sem sobrecarregar os armaz\u00e9ns locais.<\/p>\n<h2 class=\"wp-block-heading\" id=\"h-previsoes-para-a-colheita-da-soja\"><strong>Previs\u00f5es para a colheita da soja <\/strong><\/h2>\n<p>A expectativa \u00e9 que a colheita da soja na regi\u00e3o Oeste de Mato Grosso comece entre os dias 20 e 25 de janeiro, com a previs\u00e3o de que toda a safra seja colhida at\u00e9 o final do m\u00eas. A colheita dever\u00e1 ser r\u00e1pida para evitar danos causados pelas chuvas, que podem impactar a qualidade dos gr\u00e3os.<\/p>\n<p>Em rela\u00e7\u00e3o \u00e0 produ\u00e7\u00e3o de milho, a estimativa \u00e9 de uma redu\u00e7\u00e3o de 20 a 25% na safra, devido ao atraso no plantio causado pelas chuvas tardias. No entanto, os produtores est\u00e3o se adaptando e j\u00e1 consideram alternativas, como o cultivo de milheto, para suprir essa redu\u00e7\u00e3o na produ\u00e7\u00e3o de milho.<\/p>\n<figure class=\"wp-block-embed is-type-video is-provider-youtube wp-block-embed-youtube wp-embed-aspect-16-9 wp-has-aspect-ratio\">\n<p>\n<iframe title=\"Epis\u00f3dio 13- MT Clima e Mercado\" width=\"800\" height=\"450\" src=\"https:\/\/www.youtube.com\/embed\/5jud_bCs_QI?feature=oembed\" frameborder=\"0\" allow=\"accelerometer; autoplay; clipboard-write; encrypted-media; gyroscope; picture-in-picture; web-share\" referrerpolicy=\"strict-origin-when-cross-origin\" allowfullscreen><\/iframe><noscript><iframe title=\"Epis\u00f3dio 13- MT Clima e Mercado\" width=\"800\" height=\"450\" src=\"https:\/\/www.youtube.com\/embed\/5jud_bCs_QI?feature=oembed\" frameborder=\"0\" allow=\"accelerometer; autoplay; clipboard-write; encrypted-media; gyroscope; picture-in-picture; web-share\" referrerpolicy=\"strict-origin-when-cross-origin\" allowfullscreen><\/iframe><\/noscript>\n<\/p>\n<\/figure><\/div>\n<p><br \/>\n<br \/><a href=\"https:\/\/www.canalrural.com.br\/agricultura\/projeto-soja-brasil\/oeste-de-mt-o-clima-e-o-impacto-no-plantio-da-soja\/\">Source link <\/a><\/p>\n","protected":false},"excerpt":{"rendered":"<p>Os produtores de soja na regi\u00e3o Oeste de Mato Grosso enfrentaram uma s\u00e9rie de desafios durante a safra 2024\/2025, mas<\/p>\n","protected":false},"author":1,"featured_media":6755,"comment_status":"open","ping_status":"open","sticky":false,"template":"","format":"standard","meta":{"_monsterinsights_skip_tracking":false,"_monsterinsights_sitenote_active":false,"_monsterinsights_sitenote_note":"","_monsterinsights_sitenote_category":0,"_uf_show_specific_survey":0,"_uf_disable_surveys":false,"footnotes":""},"categories":[1],"tags":[],"class_list":["post-6754","post","type-post","status-publish","format-standard","has-post-thumbnail","hentry","category-news"],"_links":{"self":[{"href":"https:\/\/agromt.news\/index.php?rest_route=\/wp\/v2\/posts\/6754"}],"collection":[{"href":"https:\/\/agromt.news\/index.php?rest_route=\/wp\/v2\/posts"}],"about":[{"href":"https:\/\/agromt.news\/index.php?rest_route=\/wp\/v2\/types\/post"}],"author":[{"embeddable":true,"href":"https:\/\/agromt.news\/index.php?rest_route=\/wp\/v2\/users\/1"}],"replies":[{"embeddable":true,"href":"https:\/\/agromt.news\/index.php?rest_route=%2Fwp%2Fv2%2Fcomments&post=6754"}],"version-history":[{"count":0,"href":"https:\/\/agromt.news\/index.php?rest_route=\/wp\/v2\/posts\/6754\/revisions"}],"wp:featuredmedia":[{"embeddable":true,"href":"https:\/\/agromt.news\/index.php?rest_route=\/wp\/v2\/media\/6755"}],"wp:attachment":[{"href":"https:\/\/agromt.news\/index.php?rest_route=%2Fwp%2Fv2%2Fmedia&parent=6754"}],"wp:term":[{"taxonomy":"category","embeddable":true,"href":"https:\/\/agromt.news\/index.php?rest_route=%2Fwp%2Fv2%2Fcategories&post=6754"},{"taxonomy":"post_tag","embeddable":true,"href":"https:\/\/agromt.news\/index.php?rest_route=%2Fwp%2Fv2%2Ftags&post=6754"}],"curies":[{"name":"wp","href":"https:\/\/api.w.org\/{rel}","templated":true}]}}