{"id":6752,"date":"2024-12-17T10:32:07","date_gmt":"2024-12-17T14:32:07","guid":{"rendered":"https:\/\/agromt.news\/?p=6752"},"modified":"2024-12-17T10:32:07","modified_gmt":"2024-12-17T14:32:07","slug":"alerta-de-temporais-frente-fria-provoca-chuva-forte-nesta-terca-feira-em-boa-parte-do-brasil","status":"publish","type":"post","link":"https:\/\/agromt.news\/?p=6752","title":{"rendered":"Alerta de temporais! Frente fria provoca chuva forte nesta ter\u00e7a-feira em boa parte do Brasil"},"content":{"rendered":"<p> <br \/>\n<br \/><img decoding=\"async\" src=\"https:\/\/agromt.news\/wp-content\/uploads\/2024\/12\/Previsao-do-tempo-indica-temporais-em-duas-regioes-hoje-veja.jpeg\" \/><\/p>\n<div>\n<p>A ter\u00e7a-feira (17) ser\u00e1 de <strong><a href=\"https:\/\/tempo.canalrural.com.br\/?_gl=1*53indu*_ga*MTc3MDk5NzI1LjE3MzM3NTExODQ.*_ga_4Z7XXTBDRP*MTczNDQzODcwNy4zNy4xLjE3MzQ0NDAxMDguNjAuMC4w*_ga_Y1X353CDF4*MTczNDQzODY5Ny4zOC4xLjE3MzQ0NDAxMDguNjAuMC4yMDg5NjY3MDc3\">tempo inst\u00e1vel<\/a><\/strong> na regi\u00e3o Sudeste do Brasil, resultado do lento deslocamento de uma frente fria que permanece atuando sobre a \u00e1rea. Esse sistema meteorol\u00f3gico intensifica as condi\u00e7\u00f5es de chuva em v\u00e1rias localidades, al\u00e9m de provocar ventos fortes, especialmente no Esp\u00edrito Santo e no Rio de Janeiro.<\/p>\n<h2 class=\"wp-block-heading\" id=\"h-areas-sob-alerta-para-temporais\">\u00c1reas sob alerta para temporais<\/h2>\n<p>As regi\u00f5es que mais preocupam s\u00e3o as faixas norte de Minas Gerais, norte do estado do Rio de Janeiro e oeste do Esp\u00edrito Santo. Nessas \u00e1reas, o alerta \u00e9 para <strong><a href=\"https:\/\/www.canalrural.com.br\/tag\/temporais\/\">temporais<\/a><\/strong> que podem causar transtornos. J\u00e1 no sul de Minas Gerais e em grande parte do Rio de Janeiro, a previs\u00e3o \u00e9 de chuva moderada a forte, que pode vir acompanhada de trovoadas. No estado de S\u00e3o Paulo, o tempo permanece firme ao longo do dia.<\/p>\n<p>Al\u00e9m da precipita\u00e7\u00e3o, os ventos tamb\u00e9m se intensificam. Rajadas entre 40 km\/h e 50 km\/h est\u00e3o previstas no Esp\u00edrito Santo e no Rio de Janeiro.<\/p>\n<h2 class=\"wp-block-heading\" id=\"h-risco-de-alagamentos\">Risco de alagamentos<\/h2>\n<p>O Centro Nacional de Monitoramento e Alertas de Desastres Naturais (Cemaden) classificou algumas regi\u00f5es com risco moderado de alagamentos para hoje. Entre os destaques est\u00e3o a regi\u00e3o metropolitana de Belo Horizonte, o leste de Minas Gerais e todo o estado do Esp\u00edrito Santo.<\/p>\n<p>Com o solo j\u00e1 saturado em muitas \u00e1reas, a continuidade das chuvas pode agravar a situa\u00e7\u00e3o, tornando o cen\u00e1rio mais prop\u00edcio ao surgimento de transtornos urbanos e danos \u00e0 infraestrutura local.<\/p>\n<\/div>\n<div>\n<h2 class=\"wp-block-heading\" id=\"h-acumulados-significativos\">Acumulados significativos<\/h2>\n<p>As condi\u00e7\u00f5es de instabilidade n\u00e3o devem cessar nos pr\u00f3ximos dias. A frente fria, que avan\u00e7a lentamente pelo Sudeste, continuar\u00e1 canalizando umidade da faixa norte do Brasil, o que contribuir\u00e1 para volumes expressivos de chuva at\u00e9 sexta-feira.<\/p>\n<p>Os maiores acumulados est\u00e3o previstos para o Esp\u00edrito Santo e o nordeste de Minas Gerais. Nessas localidades, a precipita\u00e7\u00e3o acumulada pode chegar a 80 mm em amplas \u00e1reas, com registros pontuais que podem ultrapassar 100 mm.<\/p>\n<p>Outras regi\u00f5es da faixa Sudeste tamb\u00e9m ter\u00e3o chuvas constantes, mas com volumes menos expressivos. Ainda assim, a combina\u00e7\u00e3o de precipita\u00e7\u00e3o persistente e ventos intensos pode resultar em transtornos pontuais.<\/p>\n<\/p><\/div>\n<p><br \/>\n<br \/><a href=\"https:\/\/www.canalrural.com.br\/tempo\/alerta-de-temporais-frente-fria-provoca-chuva-forte-nesta-terca-feira-em-boa-parte-do-brasil\/\">Source link <\/a><\/p>\n","protected":false},"excerpt":{"rendered":"<p>A ter\u00e7a-feira (17) ser\u00e1 de tempo inst\u00e1vel na regi\u00e3o Sudeste do Brasil, resultado do lento deslocamento de uma frente fria<\/p>\n","protected":false},"author":1,"featured_media":6436,"comment_status":"open","ping_status":"open","sticky":false,"template":"","format":"standard","meta":{"_monsterinsights_skip_tracking":false,"_monsterinsights_sitenote_active":false,"_monsterinsights_sitenote_note":"","_monsterinsights_sitenote_category":0,"_uf_show_specific_survey":0,"_uf_disable_surveys":false,"footnotes":""},"categories":[1],"tags":[],"class_list":["post-6752","post","type-post","status-publish","format-standard","has-post-thumbnail","hentry","category-news"],"_links":{"self":[{"href":"https:\/\/agromt.news\/index.php?rest_route=\/wp\/v2\/posts\/6752"}],"collection":[{"href":"https:\/\/agromt.news\/index.php?rest_route=\/wp\/v2\/posts"}],"about":[{"href":"https:\/\/agromt.news\/index.php?rest_route=\/wp\/v2\/types\/post"}],"author":[{"embeddable":true,"href":"https:\/\/agromt.news\/index.php?rest_route=\/wp\/v2\/users\/1"}],"replies":[{"embeddable":true,"href":"https:\/\/agromt.news\/index.php?rest_route=%2Fwp%2Fv2%2Fcomments&post=6752"}],"version-history":[{"count":0,"href":"https:\/\/agromt.news\/index.php?rest_route=\/wp\/v2\/posts\/6752\/revisions"}],"wp:featuredmedia":[{"embeddable":true,"href":"https:\/\/agromt.news\/index.php?rest_route=\/wp\/v2\/media\/6436"}],"wp:attachment":[{"href":"https:\/\/agromt.news\/index.php?rest_route=%2Fwp%2Fv2%2Fmedia&parent=6752"}],"wp:term":[{"taxonomy":"category","embeddable":true,"href":"https:\/\/agromt.news\/index.php?rest_route=%2Fwp%2Fv2%2Fcategories&post=6752"},{"taxonomy":"post_tag","embeddable":true,"href":"https:\/\/agromt.news\/index.php?rest_route=%2Fwp%2Fv2%2Ftags&post=6752"}],"curies":[{"name":"wp","href":"https:\/\/api.w.org\/{rel}","templated":true}]}}