{"id":6751,"date":"2024-12-17T10:09:39","date_gmt":"2024-12-17T14:09:39","guid":{"rendered":"https:\/\/agromt.news\/?p=6751"},"modified":"2024-12-17T10:09:39","modified_gmt":"2024-12-17T14:09:39","slug":"milho-volta-a-cair-na-bolsa-de-sao-paulo","status":"publish","type":"post","link":"https:\/\/agromt.news\/?p=6751","title":{"rendered":"Milho volta a cair na Bolsa de S\u00e3o Paulo"},"content":{"rendered":"<p> <br \/>\n<\/p>\n<div>\n<p>Com mercado f\u00edsico paralisado e d\u00f3lar apresentando baixa, os contratos de <a href=\"https:\/\/www.agrolink.com.br\/culturas\/milho?utm_source=agrolink-detalhe-noticia&amp;utm_medium=detalhe-noticia&amp;utm_campaign=links-internos&#9;\" target=\"_blank\" rel=\"noopener\">milho<\/a> voltam a cair na Bolsa de Mercadorias de S\u00e3o Paulo (B3), segundo informa\u00e7\u00f5es da TF Agroecon\u00f4mica. \u201cOs principais contratos de <a href=\"https:\/\/www.agrolink.com.br\/culturas\/milho?utm_source=agrolink-detalhe-noticia&amp;utm_medium=detalhe-noticia&amp;utm_campaign=links-internos&#9;\" target=\"_blank\" rel=\"noopener\">milho<\/a> encerraram o dia com pre\u00e7os em baixa nesta segunda-feira. Dia de realiza\u00e7\u00e3o de lucros na B3, visto que Chicago e o d\u00f3lar fecharam em alta\u201d, comenta.&#13;\n<\/p>\n<p>\u201cDiante deste quadro, as cota\u00e7\u00f5es futuras fecharam varia\u00e7\u00f5es em baixa no dia: o vencimento de janeiro\/25 foi de R$ 74,00 apresentando baixa de R$ -0,43 no dia, baixa de R$ -0,89 na semana; mar\u00e7o\/25 fechou a R$ 73,16, baixa de R$ -0,49 no dia, baixa de R$ -0,05 na semana; o vencimento maio\/25 fechou a R$ 72,53, baixa de R$ -0,18 no dia e alta de R$ 0,32 na semana\u201d, completa a consultoria agroecon\u00f4mica.<\/p>\n<p>Na Bolsa de Chicago, as informa\u00e7\u00f5es da TF d\u00e3o conta de que o milho fechou em alta com aparente interesse do investidor. \u201cA cota\u00e7\u00e3o de mar\u00e7o, refer\u00eancia para a nossa safra de ver\u00e3o,fechou \u00a0de 0,68 % ou $ 3,00 cents\/bushel a $ 445,00. A cota\u00e7\u00e3o para maio, fechou em alta de 0,56 % ou $ 2,50 cents\/bushel a $ 451,75\u201d, indica.&#13;\n<\/p>\n<p>\u201cO cereal se recuperou ap\u00f3s as quedas da semana anterior, impulsionado pelo interesse dos investidores, que parecem ter voltado a &#8220;acreditar&#8221; no milho, e diante da queda projetada nos estoques finais dos EUA em decorr\u00eancia do bom desempenho das exporta\u00e7\u00f5es e aumento da demanda da ind\u00fastria do etanol. Os embarques para exporta\u00e7\u00e3o foram 6,79% acima da semana anterior, sendo o M\u00e9xico novamente o principal destino do milho norte-americano\u201d, conclui a consultoria agroecon\u00f4mica, no in\u00edcio da semana.<br \/>&#13;<br \/>\n\u00a0<\/p>\n<\/p><\/div>\n<p><script data-cfasync=\"false\">\n    !function (f, b, e, v, n, t, s) {\n        if (f.fbq) return; n = f.fbq = function () {\n            n.callMethod ?\n                n.callMethod.apply(n, arguments) : n.queue.push(arguments)\n        };\n        if (!f._fbq) f._fbq = n; n.push = n; n.loaded = !0; n.version = '2.0';\n        n.queue = []; t = b.createElement(e); t.async = !0;\n        t.src = v; s = b.getElementsByTagName(e)[0];\n        s.parentNode.insertBefore(t, s)\n    }(window, document, 'script',\n        'https:\/\/connect.facebook.net\/en_US\/fbevents.js');\n    fbq('init', '522546078623747');\n    fbq('track', 'PageView');\n<\/script><br \/>\n<br \/><br \/>\n<br \/><a href=\"https:\/\/www.agrolink.com.br\/noticias\/milho-volta-a-cair-na-bolsa-de-sao-paulo_497718.html\">Source link <\/a><\/p>\n","protected":false},"excerpt":{"rendered":"<p>Com mercado f\u00edsico paralisado e d\u00f3lar apresentando baixa, os contratos de milho voltam a cair na Bolsa de Mercadorias de<\/p>\n","protected":false},"author":1,"featured_media":950,"comment_status":"open","ping_status":"open","sticky":false,"template":"","format":"standard","meta":{"_monsterinsights_skip_tracking":false,"_monsterinsights_sitenote_active":false,"_monsterinsights_sitenote_note":"","_monsterinsights_sitenote_category":0,"_uf_show_specific_survey":0,"_uf_disable_surveys":false,"footnotes":""},"categories":[8,1,14],"tags":[],"class_list":["post-6751","post","type-post","status-publish","format-standard","has-post-thumbnail","hentry","category-agro","category-news","category-politica-agro"],"_links":{"self":[{"href":"https:\/\/agromt.news\/index.php?rest_route=\/wp\/v2\/posts\/6751"}],"collection":[{"href":"https:\/\/agromt.news\/index.php?rest_route=\/wp\/v2\/posts"}],"about":[{"href":"https:\/\/agromt.news\/index.php?rest_route=\/wp\/v2\/types\/post"}],"author":[{"embeddable":true,"href":"https:\/\/agromt.news\/index.php?rest_route=\/wp\/v2\/users\/1"}],"replies":[{"embeddable":true,"href":"https:\/\/agromt.news\/index.php?rest_route=%2Fwp%2Fv2%2Fcomments&post=6751"}],"version-history":[{"count":0,"href":"https:\/\/agromt.news\/index.php?rest_route=\/wp\/v2\/posts\/6751\/revisions"}],"wp:featuredmedia":[{"embeddable":true,"href":"https:\/\/agromt.news\/index.php?rest_route=\/wp\/v2\/media\/950"}],"wp:attachment":[{"href":"https:\/\/agromt.news\/index.php?rest_route=%2Fwp%2Fv2%2Fmedia&parent=6751"}],"wp:term":[{"taxonomy":"category","embeddable":true,"href":"https:\/\/agromt.news\/index.php?rest_route=%2Fwp%2Fv2%2Fcategories&post=6751"},{"taxonomy":"post_tag","embeddable":true,"href":"https:\/\/agromt.news\/index.php?rest_route=%2Fwp%2Fv2%2Ftags&post=6751"}],"curies":[{"name":"wp","href":"https:\/\/api.w.org\/{rel}","templated":true}]}}